{"id":24269,"date":"2022-08-11T19:15:18","date_gmt":"2022-08-11T15:15:18","guid":{"rendered":"https:\/\/infonews.az\/?p=24269"},"modified":"2022-08-11T19:15:18","modified_gmt":"2022-08-11T15:15:18","slug":"xviii-kazan-beyn%c9%99lxalq-mus%c9%99lman-filml%c9%99ri-festivalina-az%c9%99rbaycan-da-qatilacaq","status":"publish","type":"post","link":"https:\/\/infonews.az\/?p=24269","title":{"rendered":"XVIII Kazan Beyn\u0259lxalq M\u00fcs\u0259lman Filml\u0259ri Festival\u0131na Az\u0259rbaycan da QATILACAQ"},"content":{"rendered":"<p><span style=\"color: #ffffff;\">XVIII Kazan Beyn\u0259lxalq M\u00fcs\u0259lman Filml\u0259ri Festival\u0131na Az\u0259rbaycan da QATILACAQ<\/span><\/p>\n<blockquote><p><strong>Sentyabr\u0131n 7-d\u0259n 11-d\u0259k Tatar\u0131stan\u0131n paytaxt\u0131nda ke\u00e7iril\u0259c\u0259k XVIII Kazan Beyn\u0259lxalq M\u00fcs\u0259lman Filml\u0259ri Festival\u0131nda Az\u0259rbaycan filml\u0259ri d\u0259 n\u00fcmayi\u015f olunacaq.<\/strong><\/p><\/blockquote>\n<p><a href=\"https:\/\/infonews.az\/?p=24269\"><span style=\"color: #ff0000;\"><strong>&#8220;\u0130NFONEWS&#8221;<\/strong><\/span><\/a> x\u0259b\u0259r verir ki, \u201cRusiya &#8211; \u0130slam d\u00fcnyas\u0131\u201d proqram\u0131nda \u018fli-S\u0259ttar Quliyevin \u201cOlimpiya\u201d tammetrajl\u0131 b\u0259dii filmi, \u201cT\u00fcrk d\u00fcnyas\u0131\u201d proqram\u0131nda Elvin Mirz\u0259yevin \u201cQul\u201d filmi, \u201cQ\u0131sa filml\u0259r\u201d proqram\u0131nda Qulu \u018fliyevin \u201cHasar\u201d, \u201cQ\u0131sametrajl\u0131 S\u0259n\u0259dli Filml\u0259r\u201d proqram\u0131nda is\u0259 Elvin A\u015firovun \u201cEviniz haradad\u0131r\u201d filml\u0259ri t\u0259qdim edil\u0259c\u0259k.<\/p>\n<p>XVIII Kazan Beyn\u0259lxalq M\u00fcs\u0259lman Filml\u0259ri Festival\u0131n\u0131n m\u00fcnsifl\u0259r hey\u0259tin\u0259 Rusiyan\u0131n Xalq artisti Vladimir Xotinenko s\u0259drlik ed\u0259c\u0259k. M\u00fcnsifl\u0259r hey\u0259tin\u0259 d\u00fcnyan\u0131n tan\u0131nm\u0131\u015f kino t\u0259nqid\u00e7il\u0259ri, rejissor v\u0259 aktyorlar daxildir.<\/p>\n<p>\u00dcmumilikd\u0259 bu il festivalda d\u00fcnyan\u0131n 44 \u00f6lk\u0259sind\u0259n i\u015ftirak \u00fc\u00e7\u00fcn 625 m\u00fcraci\u0259t qeyd\u0259 al\u0131n\u0131b.<\/p>\n","protected":false},"excerpt":{"rendered":"<p>XVIII Kazan Beyn\u0259lxalq M\u00fcs\u0259lman Filml\u0259ri Festival\u0131na Az\u0259rbaycan da QATILACAQ Sentyabr\u0131n 7-d\u0259n 11-d\u0259k Tatar\u0131stan\u0131n paytaxt\u0131nda ke\u00e7iril\u0259c\u0259k XVIII Kazan Beyn\u0259lxalq M\u00fcs\u0259lman Filml\u0259ri Festival\u0131nda Az\u0259rbaycan filml\u0259ri d\u0259 n\u00fcmayi\u015f olunacaq. &#8220;\u0130NFONEWS&#8221; x\u0259b\u0259r verir ki,&hellip; <\/p>\n","protected":false},"author":14,"featured_media":24270,"comment_status":"open","ping_status":"open","sticky":false,"template":"","format":"standard","meta":{"_mi_skip_tracking":false,"_monsterinsights_sitenote_active":false,"_monsterinsights_sitenote_note":"","_monsterinsights_sitenote_category":0,"footnotes":""},"categories":[4,10,11],"tags":[15,7840],"aioseo_notices":[],"_links":{"self":[{"href":"https:\/\/infonews.az\/index.php?rest_route=\/wp\/v2\/posts\/24269"}],"collection":[{"href":"https:\/\/infonews.az\/index.php?rest_route=\/wp\/v2\/posts"}],"about":[{"href":"https:\/\/infonews.az\/index.php?rest_route=\/wp\/v2\/types\/post"}],"author":[{"embeddable":true,"href":"https:\/\/infonews.az\/index.php?rest_route=\/wp\/v2\/users\/14"}],"replies":[{"embeddable":true,"href":"https:\/\/infonews.az\/index.php?rest_route=%2Fwp%2Fv2%2Fcomments&post=24269"}],"version-history":[{"count":1,"href":"https:\/\/infonews.az\/index.php?rest_route=\/wp\/v2\/posts\/24269\/revisions"}],"predecessor-version":[{"id":24271,"href":"https:\/\/infonews.az\/index.php?rest_route=\/wp\/v2\/posts\/24269\/revisions\/24271"}],"wp:featuredmedia":[{"embeddable":true,"href":"https:\/\/infonews.az\/index.php?rest_route=\/wp\/v2\/media\/24270"}],"wp:attachment":[{"href":"https:\/\/infonews.az\/index.php?rest_route=%2Fwp%2Fv2%2Fmedia&parent=24269"}],"wp:term":[{"taxonomy":"category","embeddable":true,"href":"https:\/\/infonews.az\/index.php?rest_route=%2Fwp%2Fv2%2Fcategories&post=24269"},{"taxonomy":"post_tag","embeddable":true,"href":"https:\/\/infonews.az\/index.php?rest_route=%2Fwp%2Fv2%2Ftags&post=24269"}],"curies":[{"name":"wp","href":"https:\/\/api.w.org\/{rel}","templated":true}]}}