{"id":24272,"date":"2022-08-11T19:26:09","date_gmt":"2022-08-11T15:26:09","guid":{"rendered":"https:\/\/infonews.az\/?p=24272"},"modified":"2022-08-11T19:26:09","modified_gmt":"2022-08-11T15:26:09","slug":"xocav%c9%99ndd%c9%99-erm%c9%99nistanin-mi-8-helikopterinin-qaliqlari-askarlanib","status":"publish","type":"post","link":"https:\/\/infonews.az\/?p=24272","title":{"rendered":"Xocav\u0259ndd\u0259 Erm\u0259nistan\u0131n \u201cM\u0130-8\u201d helikopterinin qal\u0131qlar\u0131 a\u015fkarlan\u0131b"},"content":{"rendered":"<p><span style=\"color: #ffffff;\">Xocav\u0259ndd\u0259 Erm\u0259nistan\u0131n \u201cM\u0130-8\u201d helikopterinin qal\u0131qlar\u0131 a\u015fkarlan\u0131b<\/span><\/p>\n<blockquote><p>Bu g\u00fcn Xocav\u0259nd rayonunun Tu\u011f k\u0259ndi \u0259razisind\u0259 Erm\u0259nistan Silahl\u0131 Q\u00fcvv\u0259l\u0259rin\u0259 m\u0259xsus &#8220;M\u0130-8&#8221; helikopterinin qal\u0131qlar\u0131 a\u015fkar edilib.<\/p><\/blockquote>\n<p><a href=\"https:\/\/infonews.az\/?p=24272\"><strong><span style=\"color: #ff0000;\">&#8220;\u0130NFONEWS&#8221;<\/span><\/strong><\/a> &#8211; un M\u00fcdafi\u0259 Nazirliyind\u0259n \u0259ld\u0259 etdiyi m\u0259lumat\u0131na g\u00f6r\u0259, apar\u0131lan ara\u015fd\u0131rmalar n\u0259tic\u0259sind\u0259 m\u00fc\u0259yy\u0259n olunub ki, h\u0259min qal\u0131qlar V\u0259t\u0259n m\u00fcharib\u0259si zaman\u0131 2020-ci il oktyabr ay\u0131n\u0131n 18-d\u0259 Xocav\u0259nd rayonunun Tu\u011f k\u0259ndi istiqam\u0259tind\u0259 Az\u0259rbaycan H\u0259rbi Hava Q\u00fcvv\u0259l\u0259rinin b\u00f6lm\u0259l\u0259ri t\u0259r\u0259find\u0259n ekipaj\u0131 il\u0259 birlikd\u0259 vurulan Erm\u0259nistan Silahl\u0131 Q\u00fcvv\u0259l\u0259rin\u0259 m\u0259xsus &#8220;M\u0130-8&#8221; helikopteridir.<\/p>\n","protected":false},"excerpt":{"rendered":"<p>Xocav\u0259ndd\u0259 Erm\u0259nistan\u0131n \u201cM\u0130-8\u201d helikopterinin qal\u0131qlar\u0131 a\u015fkarlan\u0131b Bu g\u00fcn Xocav\u0259nd rayonunun Tu\u011f k\u0259ndi \u0259razisind\u0259 Erm\u0259nistan Silahl\u0131 Q\u00fcvv\u0259l\u0259rin\u0259 m\u0259xsus &#8220;M\u0130-8&#8221; helikopterinin qal\u0131qlar\u0131 a\u015fkar edilib. &#8220;\u0130NFONEWS&#8221; &#8211; un M\u00fcdafi\u0259 Nazirliyind\u0259n \u0259ld\u0259 etdiyi m\u0259lumat\u0131na&hellip; <\/p>\n","protected":false},"author":14,"featured_media":24273,"comment_status":"open","ping_status":"open","sticky":false,"template":"","format":"standard","meta":{"_mi_skip_tracking":false,"_monsterinsights_sitenote_active":false,"_monsterinsights_sitenote_note":"","_monsterinsights_sitenote_category":0,"footnotes":""},"categories":[4,6,11],"tags":[7841,7809,15,5193,5191],"aioseo_notices":[],"_links":{"self":[{"href":"https:\/\/infonews.az\/index.php?rest_route=\/wp\/v2\/posts\/24272"}],"collection":[{"href":"https:\/\/infonews.az\/index.php?rest_route=\/wp\/v2\/posts"}],"about":[{"href":"https:\/\/infonews.az\/index.php?rest_route=\/wp\/v2\/types\/post"}],"author":[{"embeddable":true,"href":"https:\/\/infonews.az\/index.php?rest_route=\/wp\/v2\/users\/14"}],"replies":[{"embeddable":true,"href":"https:\/\/infonews.az\/index.php?rest_route=%2Fwp%2Fv2%2Fcomments&post=24272"}],"version-history":[{"count":1,"href":"https:\/\/infonews.az\/index.php?rest_route=\/wp\/v2\/posts\/24272\/revisions"}],"predecessor-version":[{"id":24274,"href":"https:\/\/infonews.az\/index.php?rest_route=\/wp\/v2\/posts\/24272\/revisions\/24274"}],"wp:featuredmedia":[{"embeddable":true,"href":"https:\/\/infonews.az\/index.php?rest_route=\/wp\/v2\/media\/24273"}],"wp:attachment":[{"href":"https:\/\/infonews.az\/index.php?rest_route=%2Fwp%2Fv2%2Fmedia&parent=24272"}],"wp:term":[{"taxonomy":"category","embeddable":true,"href":"https:\/\/infonews.az\/index.php?rest_route=%2Fwp%2Fv2%2Fcategories&post=24272"},{"taxonomy":"post_tag","embeddable":true,"href":"https:\/\/infonews.az\/index.php?rest_route=%2Fwp%2Fv2%2Ftags&post=24272"}],"curies":[{"name":"wp","href":"https:\/\/api.w.org\/{rel}","templated":true}]}}