{"id":24649,"date":"2022-08-23T19:25:37","date_gmt":"2022-08-23T15:25:37","guid":{"rendered":"https:\/\/infonews.az\/?p=24649"},"modified":"2022-08-23T20:01:56","modified_gmt":"2022-08-23T16:01:56","slug":"xususi-karantin-rejiminin-mudd%c9%99ti-uzadilib","status":"publish","type":"post","link":"https:\/\/infonews.az\/?p=24649","title":{"rendered":"X\u00fcsusi karantin rejiminin m\u00fcdd\u0259ti uzad\u0131l\u0131b"},"content":{"rendered":"<p><span style=\"color: #ffffff;\">X\u00fcsusi karantin rejiminin m\u00fcdd\u0259ti uzad\u0131l\u0131b<\/span><\/p>\n<blockquote><p><span style=\"color: #000000;\">Az\u0259rbaycan Respublikas\u0131n\u0131n \u0259razisind\u0259 x\u00fcsusi karantin rejiminin m\u00fcdd\u0259ti uzad\u0131l\u0131b.<\/span><\/p><\/blockquote>\n<p><span style=\"color: #000000;\"><a href=\"https:\/\/infonews.az\/\"><span style=\"color: #000080;\"><strong>&#8220;\u0130NFONEWS&#8221;<\/strong><\/span><\/a> x\u0259b\u0259r verir ki, Ba\u015f Nazir \u018fli \u018fs\u0259dov bu g\u00fcn bununla ba\u011fl\u0131 Q\u0259rar imzalay\u0131b.<\/span><\/p>\n<p><span style=\"color: #000000;\">Nazirl\u0259r Kabinetinin Q\u0259rar\u0131nda deyilir:<\/span><\/p>\n<p><span style=\"color: #000000;\">Az\u0259rbaycan Respublikas\u0131n\u0131n \u0259razisind\u0259 x\u00fcsusi karantin rejiminin m\u00fcdd\u0259tinin uzad\u0131lmas\u0131 bar\u0259d\u0259<\/span><br \/>\n<span style=\"color: #000000;\">\u201cSanitariya-epidemioloji salamatl\u0131q haqq\u0131nda\u201d Az\u0259rbaycan Respublikas\u0131 Qanununun 25-ci madd\u0259sin\u0259 v\u0259 Az\u0259rbaycan Respublikas\u0131 Nazirl\u0259r Kabinetinin 2020-ci il 28 fevral tarixli 73-1 n\u00f6mr\u0259li Q\u0259rar\u0131 il\u0259 t\u0259sdiq edilmi\u015f \u201cYoluxucu, parazitar v\u0259 k\u00fctl\u0259vi qeyri-yoluxucu x\u0259st\u0259likl\u0259rin \u0259m\u0259l\u0259 g\u0259lm\u0259si, yaxud yay\u0131lmas\u0131 t\u0259hl\u00fck\u0259si yarand\u0131qda karantin-t\u0259\u015fkilat, profilaktika v\u0259 dig\u0259r z\u0259ruri t\u0259dbirl\u0259rin g\u00f6r\u00fclm\u0259si Qaydalar\u0131\u201dna \u0259sas\u0259n Az\u0259rbaycan Respublikas\u0131n\u0131n Nazirl\u0259r Kabineti q\u0259rara al\u0131r:<\/span><br \/>\n<span style=\"color: #000000;\">1. Koronavirus (COVID-19) infeksiyas\u0131n\u0131n \u00f6lk\u0259 \u0259razisind\u0259 yay\u0131lmas\u0131n\u0131n, onun t\u00f6r\u0259d\u0259 bil\u0259c\u0259yi f\u0259sadlar\u0131n qar\u015f\u0131s\u0131n\u0131n al\u0131nmas\u0131 m\u0259qs\u0259dil\u0259 Az\u0259rbaycan Respublikas\u0131n\u0131n \u0259razisind\u0259 x\u00fcsusi karantin rejiminin m\u00fcdd\u0259ti 2022-ci il 1 noyabr saat 06:00-d\u0259k uzad\u0131ls\u0131n.<\/span><br \/>\n<span style=\"color: #000000;\">2. \u201cX\u00fcsusi karantin rejimi il\u0259 ba\u011fl\u0131 \u0259lav\u0259 t\u0259dbirl\u0259r bar\u0259d\u0259\u201d Az\u0259rbaycan Respublikas\u0131 Nazirl\u0259r Kabinetinin 2020-ci il 12 sentyabr tarixli 336 n\u00f6mr\u0259li Q\u0259rar\u0131n\u0131n (Az\u0259rbaycan Respublikas\u0131n\u0131n Qanunvericilik Toplusu, 2020, \u2116 9, madd\u0259l\u0259r 1209, 1231, \u2116 10, madd\u0259l\u0259r 1274, 1275, 1278, 1283, 1298, 1314, 1315, \u2116 11, madd\u0259l\u0259r 1387, 1394, \u2116 12 (V kitab), madd\u0259l\u0259r 1588, 1592, 1612; 2021, \u2116 1, madd\u0259l\u0259r 92, 106, \u2116 3, madd\u0259l\u0259r 267, 290, 291, \u2116 4, madd\u0259 403, \u2116 5, madd\u0259 530, \u2116 6 (IV kitab), madd\u0259l\u0259r 683, 692, \u2116 7, madd\u0259l\u0259r 868, 882, \u2116 8, madd\u0259 974, \u2116 9, madd\u0259 1079, \u2116 10, madd\u0259 1191, \u2116 12, madd\u0259l\u0259r 1514, 1524; 2022, \u2116 2, madd\u0259 176, \u2116 3, madd\u0259 258, \u2116 4, madd\u0259 417; Az\u0259rbaycan Respublikas\u0131 Nazirl\u0259r Kabinetinin 2022-ci il 20 iyun tarixli 232 n\u00f6mr\u0259li Q\u0259rar\u0131) 1.1-ci b\u0259ndind\u0259 \u201csentyabr\u201d s\u00f6z\u00fc \u201cnoyabr\u201d s\u00f6z\u00fc il\u0259 \u0259v\u0259z edilsin.<\/span><\/p>\n<p><span style=\"color: #000000;\">\u018fli \u018fs\u0259dov<\/span><br \/>\n<span style=\"color: #000000;\">Az\u0259rbaycan Respublikas\u0131n\u0131n Ba\u015f naziri<\/span><br \/>\n<span style=\"color: #000000;\">Bak\u0131 \u015f\u0259h\u0259ri, 23 avqust 2022-ci il<\/span><br \/>\n<span style=\"color: #000000;\">\u2116 325<\/span><\/p>\n","protected":false},"excerpt":{"rendered":"<p>X\u00fcsusi karantin rejiminin m\u00fcdd\u0259ti uzad\u0131l\u0131b Az\u0259rbaycan Respublikas\u0131n\u0131n \u0259razisind\u0259 x\u00fcsusi karantin rejiminin m\u00fcdd\u0259ti uzad\u0131l\u0131b. &#8220;\u0130NFONEWS&#8221; x\u0259b\u0259r verir ki, Ba\u015f Nazir \u018fli \u018fs\u0259dov bu g\u00fcn bununla ba\u011fl\u0131 Q\u0259rar imzalay\u0131b. Nazirl\u0259r Kabinetinin Q\u0259rar\u0131nda&hellip; <\/p>\n","protected":false},"author":3,"featured_media":447,"comment_status":"open","ping_status":"open","sticky":false,"template":"","format":"standard","meta":{"_mi_skip_tracking":false,"_monsterinsights_sitenote_active":false,"_monsterinsights_sitenote_note":"","_monsterinsights_sitenote_category":0,"footnotes":""},"categories":[4,11],"tags":[7045,406,1504,4601],"aioseo_notices":[],"_links":{"self":[{"href":"https:\/\/infonews.az\/index.php?rest_route=\/wp\/v2\/posts\/24649"}],"collection":[{"href":"https:\/\/infonews.az\/index.php?rest_route=\/wp\/v2\/posts"}],"about":[{"href":"https:\/\/infonews.az\/index.php?rest_route=\/wp\/v2\/types\/post"}],"author":[{"embeddable":true,"href":"https:\/\/infonews.az\/index.php?rest_route=\/wp\/v2\/users\/3"}],"replies":[{"embeddable":true,"href":"https:\/\/infonews.az\/index.php?rest_route=%2Fwp%2Fv2%2Fcomments&post=24649"}],"version-history":[{"count":2,"href":"https:\/\/infonews.az\/index.php?rest_route=\/wp\/v2\/posts\/24649\/revisions"}],"predecessor-version":[{"id":24651,"href":"https:\/\/infonews.az\/index.php?rest_route=\/wp\/v2\/posts\/24649\/revisions\/24651"}],"wp:featuredmedia":[{"embeddable":true,"href":"https:\/\/infonews.az\/index.php?rest_route=\/wp\/v2\/media\/447"}],"wp:attachment":[{"href":"https:\/\/infonews.az\/index.php?rest_route=%2Fwp%2Fv2%2Fmedia&parent=24649"}],"wp:term":[{"taxonomy":"category","embeddable":true,"href":"https:\/\/infonews.az\/index.php?rest_route=%2Fwp%2Fv2%2Fcategories&post=24649"},{"taxonomy":"post_tag","embeddable":true,"href":"https:\/\/infonews.az\/index.php?rest_route=%2Fwp%2Fv2%2Ftags&post=24649"}],"curies":[{"name":"wp","href":"https:\/\/api.w.org\/{rel}","templated":true}]}}