{"id":24674,"date":"2022-08-25T16:53:31","date_gmt":"2022-08-25T12:53:31","guid":{"rendered":"https:\/\/infonews.az\/?p=24674"},"modified":"2022-08-25T18:12:42","modified_gmt":"2022-08-25T14:12:42","slug":"ir%c9%99li-ictimai-birliyinin-viii-hesabat-secki-konfransi-kecirilib","status":"publish","type":"post","link":"https:\/\/infonews.az\/?p=24674","title":{"rendered":"\u201c\u0130r\u0259li\u201d \u0130ctimai Birliyinin VIII hesabat-se\u00e7ki konfrans\u0131 ke\u00e7irilib"},"content":{"rendered":"<p><span style=\"color: #ffffff;\"><strong>\u201c\u0130r\u0259li\u201d \u0130ctimai Birliyinin VIII hesabat-se\u00e7ki konfrans\u0131 ke\u00e7irilib<\/strong><\/span><\/p>\n<blockquote><p>\u201c\u0130r\u0259li\u201d \u0130ctimai Birliyinin VIII hesabat-se\u00e7ki konfrans\u0131 ke\u00e7irilib.<\/p><\/blockquote>\n<p><a href=\"https:\/\/infonews.az\/?p=24674\"><span style=\"color: #ff0000;\"><strong>&#8220;\u0130NFONEWS&#8221;<\/strong><\/span><\/a> -a \u0130B-nin M\u0259tbuat xidm\u0259tind\u0259n eril\u0259n m\u0259lumata g\u00f6r\u0259, konfrans \u00f6nc\u0259si F\u0259xri Xiyabanda Ulu \u00d6nd\u0259r Heyd\u0259r \u018fliyevin m\u0259zar\u0131 v\u0259 \u015e\u0259hidl\u0259r xiyaban\u0131 ziyar\u0259t olunub.<\/p>\n<p>Hesabat-se\u00e7ki konfrans\u0131nda d\u00f6vl\u0259t qurumlar\u0131n\u0131n, qeyri-h\u00f6kum\u0259t t\u0259\u015fkilatlar\u0131n\u0131n n\u00fcmay\u0259nd\u0259l\u0259ri, media m\u0259nsublar\u0131 v\u0259 500-\u0259 yax\u0131n g\u0259nc i\u015ftirak edib.<\/p>\n<p>Konfrans D\u00f6vl\u0259t Himninin s\u0259sl\u0259ndirilm\u0259si, \u00dcmummilli lider Heyd\u0259r \u018fliyevin, habel\u0259 \u00f6lk\u0259mizin m\u00fcst\u0259qilliyi v\u0259 suverenliyi u\u011frunda canlar\u0131ndan ke\u00e7mi\u015f V\u0259t\u0259n \u00f6vladlar\u0131n\u0131n \u0259ziz xatir\u0259sinin bir d\u0259qiq\u0259lik s\u00fckutla yad edilm\u0259si il\u0259 \u00f6z i\u015fin\u0259 ba\u015flay\u0131b.<\/p>\n<p>Daha sonra t\u0259\u015fkilat\u0131n hesabat d\u00f6vr\u00fcnd\u0259ki f\u0259aliyy\u0259ti haqq\u0131nda video\u00e7arx t\u0259qdim edilib.<\/p>\n<p>Az\u0259rbaycan Respublikas\u0131 G\u0259ncl\u0259r v\u0259 \u0130dman Nazirliyinin G\u0259ncl\u0259rl\u0259 i\u015f \u015f\u00f6b\u0259sinin m\u00fcdiri Fuad Babayev, G\u0259ncl\u0259r Fondunun G\u0259ncl\u0259r t\u0259\u015fkilatlar\u0131 il\u0259 i\u015f \u015f\u00f6b\u0259sinin m\u00fcdiri Faiq M\u0259mm\u0259dov, Qeyri-H\u00f6kum\u0259t T\u0259\u015fkilatlar\u0131na D\u00f6vl\u0259t D\u0259st\u0259yi Agentliyinin icra\u00e7\u0131 direktoru Ayg\u00fcn \u018fliyeva, YAP G\u0259ncl\u0259r Birliyinin s\u0259dri B\u0259xtiyar \u0130slamov v\u0259 mill\u0259t v\u0259kili V\u00fcqar \u0130sk\u0259nd\u0259rov \u00e7\u0131x\u0131\u015flar\u0131nda t\u0259\u015fkilat\u0131n son se\u00e7ki ili \u0259rzind\u0259ki f\u0259aliyy\u0259tini y\u00fcks\u0259k qiym\u0259tl\u0259ndiribl\u0259r.<\/p>\n<p>Daha sonra \u201c\u0130r\u0259li\u201d \u0130ctimai Birliyinin \u0130dar\u0259 Hey\u0259tinin s\u0259dri \u015eahin R\u0259hmanl\u0131 hesabat m\u0259ruz\u0259si il\u0259 \u00e7\u0131x\u0131\u015f edib. \u0130dar\u0259 Hey\u0259tinin s\u0259dri d\u00f6vl\u0259t g\u0259ncl\u0259r siyas\u0259tinin Az\u0259rbaycan g\u0259ncl\u0259rin\u0259 yaratd\u0131\u011f\u0131 \u0259v\u0259zsiz imkan v\u0259 f\u00fcrs\u0259tl\u0259r\u0259, el\u0259c\u0259 d\u0259 g\u0259ncl\u0259r\u0259 g\u00f6st\u0259ril\u0259n diqq\u0259t v\u0259 qay\u011f\u0131ya g\u00f6r\u0259 Az\u0259rbaycan Respublikas\u0131n\u0131n Prezidenti, M\u00fcz\u0259ff\u0259r Ali Ba\u015f Komandan \u0130lham \u018fliyev c\u0259nablar\u0131na t\u0259\u015fkilat\u0131n \u00fczvl\u0259ri ad\u0131ndan \u00f6z d\u0259rin minn\u0259tdarl\u0131\u011f\u0131n\u0131 bildirib, Az\u0259rbaycan g\u0259ncliyinin g\u00f6st\u0259ril\u0259n y\u00fcks\u0259k etimad\u0131 do\u011frultmaq \u00fc\u00e7\u00fcn bundan sonra da b\u00f6y\u00fck \u015f\u00f6vq v\u0259 \u0259zml\u0259 \u00e7al\u0131\u015faca\u011f\u0131n\u0131 b\u0259yan edib. Diqq\u0259t\u0259 \u00e7atd\u0131r\u0131l\u0131b ki, t\u0259\u015fkilat t\u0259r\u0259find\u0259n son iki ild\u0259 53 layih\u0259 h\u0259yata ke\u00e7irilib. H\u0259yata ke\u00e7iril\u0259n layih\u0259l\u0259rd\u0259 26,247 n\u0259f\u0259r birba\u015fa olaraq i\u015ftirak edib. Bununla yana\u015f\u0131, 278 t\u0259dbir, 208 t\u0259lim, 326 seminar\u0131n icras\u0131 u\u011furla ba\u015fa \u00e7atd\u0131r\u0131l\u0131b.<\/p>\n<p>Birliyin media qurumlar\u0131 il\u0259 s\u0131x \u0259m\u0259kda\u015fl\u0131q etdiyini bildir\u0259n \u015e.R\u0259hmanl\u0131 qeyd edib ki, 2020-ci ilin may ay\u0131ndan 2022-ci ilin avqust ay\u0131nad\u0259k m\u0259tbuatda 924 x\u0259b\u0259r d\u0259rc olunub, \u00fcmumilikd\u0259 1,063,130 bax\u0131\u015f qeyd\u0259 al\u0131n\u0131b.<\/p>\n<p>\u0130dar\u0259 Hey\u0259ti s\u0259drinin hesabat\u0131 dinl\u0259nildikd\u0259n sonra konfrans\u0131n t\u0259\u015fkilat komit\u0259sinin s\u0259dri \u00e7\u0131x\u0131\u015f ed\u0259r\u0259k, Birliyin hesabat\u0131, yeni t\u0259rkibd\u0259 \u0130dar\u0259 Hey\u0259ti v\u0259 onun s\u0259drinin \u00fcmumi y\u0131\u011f\u0131nca\u011f\u0131n i\u015ftirak\u00e7\u0131lar\u0131 t\u0259r\u0259find\u0259n se\u00e7ilm\u0259si bar\u0259d\u0259 m\u0259lumat verib. S\u0259sverm\u0259 qaydalar\u0131 elan olunduqdan sonra s\u0259sverm\u0259 ke\u00e7irilib, \u0130dar\u0259 Hey\u0259ti s\u0259drinin hesabat\u0131 q\u0259bul edilib.<\/p>\n<p>Daha sonra y\u0131\u011f\u0131ncaqda t\u0259\u015fkilat\u0131n yeni t\u0259rkibd\u0259 \u0130dar\u0259 Hey\u0259tinin se\u00e7ilm\u0259si m\u0259s\u0259l\u0259si m\u00fczakir\u0259 olunub. Namiz\u0259dl\u0259rin adlar\u0131 elan edildikd\u0259n sonra \u0130dar\u0259 Hey\u0259tin\u0259 se\u00e7kil\u0259r ke\u00e7irilib. \u015eahin R\u0259hmanl\u0131, Az\u0259r \u018fmirov, Elvin S\u0259h\u0259tb\u0259yli, Fatim\u0259 M\u0259simli, Anar Qurbanov, K\u0259nan \u018fliyev, Orxan R\u00fcst\u0259mov, Ramtiq Al\u0131zad\u0259 v\u0259 G\u00f6vh\u0259r A\u011fazad\u0259 Birliyin \u0130dar\u0259 Hey\u0259tinin \u00fczvl\u0259ri se\u00e7ilibl\u0259r.<\/p>\n<p>\u201c\u0130r\u0259li\u201d \u0130ctimai Birliyinin yeni t\u0259rkibd\u0259 \u0130dar\u0259 Hey\u0259ti formala\u015fd\u0131qdan sonra \u0130dar\u0259 Hey\u0259tinin s\u0259dri v\u0259zif\u0259sin\u0259 namiz\u0259dl\u0259rin adlar\u0131 elan olunaraq, se\u00e7kil\u0259r ke\u00e7irilib. \u015eahin R\u0259hmanl\u0131 yenid\u0259n iki il m\u00fcdd\u0259tin\u0259 t\u0259\u015fkilat\u0131n \u0130dar\u0259 Hey\u0259tinin r\u0259hb\u0259ri se\u00e7ilib.<\/p>\n<p>\u201c\u0130r\u0259li\u201d \u0130ctimai Birliyinin s\u0259dri \u015eahin R\u0259hmanl\u0131 g\u00f6st\u0259ril\u0259n etimada g\u00f6r\u0259 Birlik \u00fczvl\u0259rin\u0259 t\u0259\u015f\u0259kk\u00fcr\u00fcn\u00fc bildirib, bundan sonra da g\u0259ncl\u0259rin h\u0259rt\u0259r\u0259fli inki\u015faf\u0131 istiqam\u0259tind\u0259 \u00f6z s\u0259yl\u0259rini \u0259sirg\u0259m\u0259y\u0259c\u0259yini qeyd edib.<\/p>\n<p><img loading=\"lazy\" decoding=\"async\" class=\"aligncenter size-full wp-image-24676\" src=\"https:\/\/infonews.az\/wp-content\/uploads\/2022\/08\/20df6abb-b211-43f7-af72-af1adda2b7fa.jpg\" alt=\"\" width=\"1280\" height=\"853\" srcset=\"https:\/\/infonews.az\/wp-content\/uploads\/2022\/08\/20df6abb-b211-43f7-af72-af1adda2b7fa.jpg?v=1661436334 1280w, https:\/\/infonews.az\/wp-content\/uploads\/2022\/08\/20df6abb-b211-43f7-af72-af1adda2b7fa-300x200.jpg?v=1661436334 300w, https:\/\/infonews.az\/wp-content\/uploads\/2022\/08\/20df6abb-b211-43f7-af72-af1adda2b7fa-1024x682.jpg?v=1661436334 1024w, https:\/\/infonews.az\/wp-content\/uploads\/2022\/08\/20df6abb-b211-43f7-af72-af1adda2b7fa-768x512.jpg?v=1661436334 768w\" sizes=\"(max-width: 1280px) 100vw, 1280px\" \/><\/p>\n<p><img loading=\"lazy\" decoding=\"async\" class=\"aligncenter size-full wp-image-24677\" src=\"https:\/\/infonews.az\/wp-content\/uploads\/2022\/08\/9fdddd4c-8c2a-4d52-a6d4-3b6bd57a61f1.jpg\" alt=\"\" width=\"1280\" height=\"853\" srcset=\"https:\/\/infonews.az\/wp-content\/uploads\/2022\/08\/9fdddd4c-8c2a-4d52-a6d4-3b6bd57a61f1.jpg?v=1661436361 1280w, https:\/\/infonews.az\/wp-content\/uploads\/2022\/08\/9fdddd4c-8c2a-4d52-a6d4-3b6bd57a61f1-300x200.jpg?v=1661436361 300w, https:\/\/infonews.az\/wp-content\/uploads\/2022\/08\/9fdddd4c-8c2a-4d52-a6d4-3b6bd57a61f1-1024x682.jpg?v=1661436361 1024w, https:\/\/infonews.az\/wp-content\/uploads\/2022\/08\/9fdddd4c-8c2a-4d52-a6d4-3b6bd57a61f1-768x512.jpg?v=1661436361 768w\" sizes=\"(max-width: 1280px) 100vw, 1280px\" \/><\/p>\n<p><img loading=\"lazy\" decoding=\"async\" class=\"aligncenter size-full wp-image-24678\" src=\"https:\/\/infonews.az\/wp-content\/uploads\/2022\/08\/ebebc3fc-c807-40c8-b6c6-cd7ba1e14206.jpg\" alt=\"\" width=\"1280\" height=\"853\" srcset=\"https:\/\/infonews.az\/wp-content\/uploads\/2022\/08\/ebebc3fc-c807-40c8-b6c6-cd7ba1e14206.jpg?v=1661436402 1280w, https:\/\/infonews.az\/wp-content\/uploads\/2022\/08\/ebebc3fc-c807-40c8-b6c6-cd7ba1e14206-300x200.jpg?v=1661436402 300w, https:\/\/infonews.az\/wp-content\/uploads\/2022\/08\/ebebc3fc-c807-40c8-b6c6-cd7ba1e14206-1024x682.jpg?v=1661436402 1024w, https:\/\/infonews.az\/wp-content\/uploads\/2022\/08\/ebebc3fc-c807-40c8-b6c6-cd7ba1e14206-768x512.jpg?v=1661436402 768w\" sizes=\"(max-width: 1280px) 100vw, 1280px\" \/><\/p>\n","protected":false},"excerpt":{"rendered":"<p>\u201c\u0130r\u0259li\u201d \u0130ctimai Birliyinin VIII hesabat-se\u00e7ki konfrans\u0131 ke\u00e7irilib \u201c\u0130r\u0259li\u201d \u0130ctimai Birliyinin VIII hesabat-se\u00e7ki konfrans\u0131 ke\u00e7irilib. &#8220;\u0130NFONEWS&#8221; -a \u0130B-nin M\u0259tbuat xidm\u0259tind\u0259n eril\u0259n m\u0259lumata g\u00f6r\u0259, konfrans \u00f6nc\u0259si F\u0259xri Xiyabanda Ulu \u00d6nd\u0259r Heyd\u0259r \u018fliyevin&hellip; <\/p>\n","protected":false},"author":14,"featured_media":24675,"comment_status":"open","ping_status":"open","sticky":false,"template":"","format":"standard","meta":{"_mi_skip_tracking":false,"_monsterinsights_sitenote_active":false,"_monsterinsights_sitenote_note":"","_monsterinsights_sitenote_category":0,"footnotes":""},"categories":[5373,4,11],"tags":[5462,7926,15,4701],"aioseo_notices":[],"_links":{"self":[{"href":"https:\/\/infonews.az\/index.php?rest_route=\/wp\/v2\/posts\/24674"}],"collection":[{"href":"https:\/\/infonews.az\/index.php?rest_route=\/wp\/v2\/posts"}],"about":[{"href":"https:\/\/infonews.az\/index.php?rest_route=\/wp\/v2\/types\/post"}],"author":[{"embeddable":true,"href":"https:\/\/infonews.az\/index.php?rest_route=\/wp\/v2\/users\/14"}],"replies":[{"embeddable":true,"href":"https:\/\/infonews.az\/index.php?rest_route=%2Fwp%2Fv2%2Fcomments&post=24674"}],"version-history":[{"count":1,"href":"https:\/\/infonews.az\/index.php?rest_route=\/wp\/v2\/posts\/24674\/revisions"}],"predecessor-version":[{"id":24679,"href":"https:\/\/infonews.az\/index.php?rest_route=\/wp\/v2\/posts\/24674\/revisions\/24679"}],"wp:featuredmedia":[{"embeddable":true,"href":"https:\/\/infonews.az\/index.php?rest_route=\/wp\/v2\/media\/24675"}],"wp:attachment":[{"href":"https:\/\/infonews.az\/index.php?rest_route=%2Fwp%2Fv2%2Fmedia&parent=24674"}],"wp:term":[{"taxonomy":"category","embeddable":true,"href":"https:\/\/infonews.az\/index.php?rest_route=%2Fwp%2Fv2%2Fcategories&post=24674"},{"taxonomy":"post_tag","embeddable":true,"href":"https:\/\/infonews.az\/index.php?rest_route=%2Fwp%2Fv2%2Ftags&post=24674"}],"curies":[{"name":"wp","href":"https:\/\/api.w.org\/{rel}","templated":true}]}}