{"id":24748,"date":"2022-08-29T10:51:09","date_gmt":"2022-08-29T06:51:09","guid":{"rendered":"https:\/\/infonews.az\/?p=24748"},"modified":"2022-08-29T17:23:31","modified_gmt":"2022-08-29T13:23:31","slug":"ilham-%c9%99liyev-m%c9%99rakesin-kralina-t%c9%99brik-unvanlayib","status":"publish","type":"post","link":"https:\/\/infonews.az\/?p=24748","title":{"rendered":"\u0130lham \u018fliyev M\u0259rake\u015fin Kral\u0131na t\u0259brik \u00fcnvanlay\u0131b"},"content":{"rendered":"<p><span style=\"color: #ffffff;\">\u0130lham \u018fliyev M\u0259rake\u015fin Kral\u0131na t\u0259brik \u00fcnvanlay\u0131b<\/span><\/p>\n<p><span style=\"color: #000000;\">Az\u0259rbaycan Respublikas\u0131n\u0131n Prezidenti \u0130lham \u018fliyev M\u0259rake\u015fin Kral\u0131 VI M\u0259h\u0259mm\u0259d\u0259 t\u0259brik m\u0259ktubu \u00fcnvanlay\u0131b.<\/span><\/p>\n<p><span style=\"color: #000000;\"><a href=\"https:\/\/infonews.az\/\"><span style=\"color: #000080;\"><strong>&#8220;\u0130NFONEWS&#8221;<\/strong><\/span><\/a>-un m\u0259lumat\u0131na g\u00f6r\u0259, m\u0259ktubda deyilir:<\/span><\/p>\n<p><span style=\"color: #000000;\">\u018flah\u0259zr\u0259t,<\/span><\/p>\n<p><span style=\"color: #000000;\">\u018fziz Qarda\u015f\u0131m,<\/span><\/p>\n<p><span style=\"color: #000000;\">Az\u0259rbaycan Respublikas\u0131 il\u0259 M\u0259rake\u015f Krall\u0131\u011f\u0131 aras\u0131nda \u0259lam\u0259tdar tarix \u2013 diplomatik m\u00fcnasib\u0259tl\u0259rin qurulmas\u0131n\u0131n 30-cu ild\u00f6n\u00fcm\u00fc m\u00fcnasib\u0259til\u0259 Sizi \u00fcr\u0259kd\u0259n t\u0259brik edir, qarda\u015f xalq\u0131n\u0131za \u0259n xo\u015f arzular\u0131m\u0131 \u00e7atd\u0131rmaqdan m\u0259mnunluq duyuram.<\/span><\/p>\n<p><span style=\"color: #000000;\">Biz dini v\u0259 m\u0259d\u0259ni k\u00f6kl\u0259r il\u0259 bir-birin\u0259 ba\u011fl\u0131 olan xalqlar\u0131m\u0131z aras\u0131ndak\u0131 dostluq m\u00fcnasib\u0259tl\u0259rin\u0259 x\u00fcsusi \u0259h\u0259miyy\u0259t veririk. \u00d6t\u0259n otuz il \u0259rzind\u0259 d\u00f6vl\u0259tl\u0259raras\u0131 \u0259laq\u0259l\u0259rimizin inki\u015faf\u0131, qar\u015f\u0131l\u0131ql\u0131 maraq do\u011furan \u0259m\u0259kda\u015fl\u0131\u011f\u0131m\u0131z\u0131n geni\u015fl\u0259nm\u0259si bizi sevindirir. Eyni zamanda beyn\u0259lxalq t\u0259sisatlar, x\u00fcsusil\u0259 d\u0259 Qo\u015fulmama H\u0259r\u0259kat\u0131 v\u0259 \u0130slam \u018fm\u0259kda\u015fl\u0131q T\u0259\u015fkilat\u0131 \u00e7\u0259r\u00e7iv\u0259sind\u0259 \u0259m\u0259kda\u015fl\u0131\u011f\u0131m\u0131z\u0131, \u00f6lk\u0259l\u0259rimizin qar\u015f\u0131l\u0131ql\u0131 d\u0259st\u0259yini y\u00fcks\u0259k qiym\u0259tl\u0259ndirir\u0259m.<\/span><\/p>\n<p><span style=\"color: #000000;\">Bu g\u00fcn \u00f6lk\u0259l\u0259rimiz aras\u0131nda \u0259laq\u0259l\u0259rin daha da inki\u015faf\u0131 \u00fc\u00e7\u00fcn yax\u015f\u0131 imkanlar vard\u0131r. \u0130nan\u0131ram ki, qarda\u015f xalqlar\u0131m\u0131z\u0131n rifah\u0131 namin\u0259 m\u00f6vcud imkanlardan yararlanaraq birg\u0259 s\u0259yl\u0259rimizl\u0259 dostluq m\u00fcnasib\u0259tl\u0259rimizi, h\u0259m ikit\u0259r\u0259fli, h\u0259m d\u0259 \u00e7oxt\u0259r\u0259fli \u0259sasda s\u0259m\u0259r\u0259li \u0259m\u0259kda\u015fl\u0131\u011f\u0131m\u0131z\u0131 bundan sonra da d\u0259rinl\u0259\u015fdir\u0259c\u0259yik.<\/span><\/p>\n<p><span style=\"color: #000000;\">\u018flah\u0259zr\u0259t, f\u00fcrs\u0259td\u0259n istifad\u0259 ed\u0259r\u0259k Siz\u0259 m\u00f6hk\u0259m cansa\u011fl\u0131\u011f\u0131, xo\u015fb\u0259xtlik, i\u015fl\u0259rinizd\u0259 u\u011furlar, qarda\u015f M\u0259rake\u015f xalq\u0131na daim \u0259min-amanl\u0131q v\u0259 rifah arzulay\u0131ram.<\/span><\/p>\n<p><span style=\"color: #000000;\">H\u00f6rm\u0259tl\u0259,<\/span><\/p>\n<p><span style=\"color: #000000;\">\u0130lham \u018fliyev<\/span><\/p>\n<p><span style=\"color: #000000;\">Az\u0259rbaycan Respublikas\u0131n\u0131n Prezidenti<\/span><\/p>\n<p><span style=\"color: #000000;\">Bak\u0131 \u015f\u0259h\u0259ri, 25 avqust 2022-ci il<\/span><\/p>\n","protected":false},"excerpt":{"rendered":"<p>\u0130lham \u018fliyev M\u0259rake\u015fin Kral\u0131na t\u0259brik \u00fcnvanlay\u0131b Az\u0259rbaycan Respublikas\u0131n\u0131n Prezidenti \u0130lham \u018fliyev M\u0259rake\u015fin Kral\u0131 VI M\u0259h\u0259mm\u0259d\u0259 t\u0259brik m\u0259ktubu \u00fcnvanlay\u0131b. &#8220;\u0130NFONEWS&#8221;-un m\u0259lumat\u0131na g\u00f6r\u0259, m\u0259ktubda deyilir: \u018flah\u0259zr\u0259t, \u018fziz Qarda\u015f\u0131m, Az\u0259rbaycan Respublikas\u0131 il\u0259 M\u0259rake\u015f&hellip; <\/p>\n","protected":false},"author":3,"featured_media":24749,"comment_status":"open","ping_status":"open","sticky":false,"template":"","format":"standard","meta":{"_mi_skip_tracking":false,"_monsterinsights_sitenote_active":false,"_monsterinsights_sitenote_note":"","_monsterinsights_sitenote_category":0,"footnotes":""},"categories":[6,11],"tags":[20,7958,942],"aioseo_notices":[],"_links":{"self":[{"href":"https:\/\/infonews.az\/index.php?rest_route=\/wp\/v2\/posts\/24748"}],"collection":[{"href":"https:\/\/infonews.az\/index.php?rest_route=\/wp\/v2\/posts"}],"about":[{"href":"https:\/\/infonews.az\/index.php?rest_route=\/wp\/v2\/types\/post"}],"author":[{"embeddable":true,"href":"https:\/\/infonews.az\/index.php?rest_route=\/wp\/v2\/users\/3"}],"replies":[{"embeddable":true,"href":"https:\/\/infonews.az\/index.php?rest_route=%2Fwp%2Fv2%2Fcomments&post=24748"}],"version-history":[{"count":1,"href":"https:\/\/infonews.az\/index.php?rest_route=\/wp\/v2\/posts\/24748\/revisions"}],"predecessor-version":[{"id":24750,"href":"https:\/\/infonews.az\/index.php?rest_route=\/wp\/v2\/posts\/24748\/revisions\/24750"}],"wp:featuredmedia":[{"embeddable":true,"href":"https:\/\/infonews.az\/index.php?rest_route=\/wp\/v2\/media\/24749"}],"wp:attachment":[{"href":"https:\/\/infonews.az\/index.php?rest_route=%2Fwp%2Fv2%2Fmedia&parent=24748"}],"wp:term":[{"taxonomy":"category","embeddable":true,"href":"https:\/\/infonews.az\/index.php?rest_route=%2Fwp%2Fv2%2Fcategories&post=24748"},{"taxonomy":"post_tag","embeddable":true,"href":"https:\/\/infonews.az\/index.php?rest_route=%2Fwp%2Fv2%2Ftags&post=24748"}],"curies":[{"name":"wp","href":"https:\/\/api.w.org\/{rel}","templated":true}]}}