{"id":24787,"date":"2022-09-01T10:44:17","date_gmt":"2022-09-01T06:44:17","guid":{"rendered":"https:\/\/infonews.az\/?p=24787"},"modified":"2022-09-02T00:48:32","modified_gmt":"2022-09-01T20:48:32","slug":"ali-t%c9%99hsil-mu%c9%99ssis%c9%99l%c9%99rin%c9%99-q%c9%99bul-olanlar-ucun-qeydiyyat-prosesin%c9%99-start-verilir","status":"publish","type":"post","link":"https:\/\/infonews.az\/?p=24787","title":{"rendered":"Ali t\u0259hsil m\u00fc\u0259ssis\u0259l\u0259rin\u0259 q\u0259bul olanlar \u00fc\u00e7\u00fcn qeydiyyat prosesin\u0259 start verilir"},"content":{"rendered":"<p><span style=\"color: #ffffff;\">Ali t\u0259hsil m\u00fc\u0259ssis\u0259l\u0259rin\u0259 q\u0259bul olanlar \u00fc\u00e7\u00fcn qeydiyyat prosesin\u0259 start verilir<\/span><\/p>\n<blockquote><p><span lang=\"AZ-LATIN\" style=\"color: #000000;\">2 sentyabr saat 12:00-da bakalavriat s\u0259viyy\u0259si \u00fczr\u0259 ali t\u0259hsil m\u00fc\u0259ssis\u0259l\u0259rin\u0259 q\u0259bul olanlar \u00fc\u00e7\u00fcn qeydiyyat prosesin\u0259 start veril\u0259c\u0259k. Abituriyentl\u0259r\u00a0<\/span><span lang=\"EN-US\"><a href=\"https:\/\/portal.edu.az\/\">https:\/\/portal.edu.az\/<\/a><\/span>\u00a0<span lang=\"AZ-LATIN\" style=\"color: #000000;\">sistemind\u0259n qeydiyyatdan ke\u00e7\u0259r\u0259k \u201cAli v\u0259 orta ixtisas t\u0259hsil m\u00fc\u0259ssis\u0259l\u0259rin\u0259 t\u0259hsilalan qeydiyyat\u0131\u201d xidm\u0259tini se\u00e7m\u0259kl\u0259 m\u00fcraci\u0259t ed\u0259 bil\u0259rl\u0259r.<\/span><\/p><\/blockquote>\n<p><span lang=\"AZ-LATIN\" style=\"color: #000000;\">Bu bar\u0259d\u0259\u00a0<a href=\"https:\/\/infonews.az\/\"><strong>\u201c\u0130NFONEWS\u201d<\/strong><\/a>-a Elm v\u0259 T\u0259hsil Nazirliyind\u0259n m\u0259lumat verilib.<\/span><\/p>\n<p><span lang=\"AZ-LATIN\" style=\"color: #000000;\">A\u00e7\u0131lan s\u0259hif\u0259d\u0259 m\u00fcvafiq q\u0259bul x\u0259tti \u00fczr\u0259 \u015f\u0259xsi v\u0259 q\u0259bul m\u0259lumatlar\u0131n\u0131n t\u0259sdiq edilm\u0259si, h\u0259m\u00e7inin t\u0259l\u0259b olunan s\u0259n\u0259dl\u0259rin \u0259lav\u0259 edilm\u0259si m\u00fcmk\u00fcnd\u00fcr. H\u0259m\u00e7inin m\u00fcraci\u0259t zaman\u0131 sosial bax\u0131mdan h\u0259ssas \u0259hali qrupuna aid edil\u0259n ail\u0259l\u0259rin \u00fczv\u00fc olan \u015f\u0259xsl\u0259r\u0259 t\u0259hsil haqq\u0131ndan azad olunmaq v\u0259 ya t\u0259hsil haqq\u0131 g\u00fcz\u0259\u015fti \u0259ld\u0259 etm\u0259k \u00fc\u00e7\u00fcn m\u0259lumatlar\u0131n t\u0259qdim edilm\u0259si hiss\u0259si d\u0259 m\u00f6vcuddur.<\/span><\/p>\n<p><span lang=\"AZ-LATIN\" style=\"color: #000000;\">M\u00fcvafiq xidm\u0259td\u0259n istifad\u0259 etm\u0259kl\u0259 qeydiyyatdan ke\u00e7m\u0259y\u0259n v\u0259 t\u0259hsil m\u00fc\u0259ssis\u0259sind\u0259n t\u0259sdiq almayan \u015f\u0259xsl\u0259r q\u0259bul olunanlar\u0131n siyah\u0131s\u0131ndan xaric edil\u0259c\u0259kl\u0259r.<\/span><\/p>\n<p><span lang=\"AZ-LATIN\" style=\"color: #000000;\">Qeyd ed\u0259k ki, elektron sistem \u00fczr\u0259 qeydiyyat 12 sentyabr saat 23:59-da yekunla\u015facaq.<\/span><\/p>\n","protected":false},"excerpt":{"rendered":"<p>Ali t\u0259hsil m\u00fc\u0259ssis\u0259l\u0259rin\u0259 q\u0259bul olanlar \u00fc\u00e7\u00fcn qeydiyyat prosesin\u0259 start verilir 2 sentyabr saat 12:00-da bakalavriat s\u0259viyy\u0259si \u00fczr\u0259 ali t\u0259hsil m\u00fc\u0259ssis\u0259l\u0259rin\u0259 q\u0259bul olanlar \u00fc\u00e7\u00fcn qeydiyyat prosesin\u0259 start veril\u0259c\u0259k. Abituriyentl\u0259r\u00a0https:\/\/portal.edu.az\/\u00a0sistemind\u0259n qeydiyyatdan ke\u00e7\u0259r\u0259k&hellip; <\/p>\n","protected":false},"author":3,"featured_media":24788,"comment_status":"open","ping_status":"open","sticky":false,"template":"","format":"standard","meta":{"_mi_skip_tracking":false,"_monsterinsights_sitenote_active":false,"_monsterinsights_sitenote_note":"","_monsterinsights_sitenote_category":0,"footnotes":""},"categories":[11,3],"tags":[7364,6830,4911],"aioseo_notices":[],"_links":{"self":[{"href":"https:\/\/infonews.az\/index.php?rest_route=\/wp\/v2\/posts\/24787"}],"collection":[{"href":"https:\/\/infonews.az\/index.php?rest_route=\/wp\/v2\/posts"}],"about":[{"href":"https:\/\/infonews.az\/index.php?rest_route=\/wp\/v2\/types\/post"}],"author":[{"embeddable":true,"href":"https:\/\/infonews.az\/index.php?rest_route=\/wp\/v2\/users\/3"}],"replies":[{"embeddable":true,"href":"https:\/\/infonews.az\/index.php?rest_route=%2Fwp%2Fv2%2Fcomments&post=24787"}],"version-history":[{"count":1,"href":"https:\/\/infonews.az\/index.php?rest_route=\/wp\/v2\/posts\/24787\/revisions"}],"predecessor-version":[{"id":24789,"href":"https:\/\/infonews.az\/index.php?rest_route=\/wp\/v2\/posts\/24787\/revisions\/24789"}],"wp:featuredmedia":[{"embeddable":true,"href":"https:\/\/infonews.az\/index.php?rest_route=\/wp\/v2\/media\/24788"}],"wp:attachment":[{"href":"https:\/\/infonews.az\/index.php?rest_route=%2Fwp%2Fv2%2Fmedia&parent=24787"}],"wp:term":[{"taxonomy":"category","embeddable":true,"href":"https:\/\/infonews.az\/index.php?rest_route=%2Fwp%2Fv2%2Fcategories&post=24787"},{"taxonomy":"post_tag","embeddable":true,"href":"https:\/\/infonews.az\/index.php?rest_route=%2Fwp%2Fv2%2Ftags&post=24787"}],"curies":[{"name":"wp","href":"https:\/\/api.w.org\/{rel}","templated":true}]}}