{"id":24854,"date":"2022-09-03T19:14:41","date_gmt":"2022-09-03T15:14:41","guid":{"rendered":"https:\/\/infonews.az\/?p=24854"},"modified":"2022-09-03T23:18:38","modified_gmt":"2022-09-03T19:18:38","slug":"v%c9%99t%c9%99n-muharib%c9%99si-s%c9%99hidinin-%c9%99kiz-baci-qardasi-dunyaya-g%c9%99lib","status":"publish","type":"post","link":"https:\/\/infonews.az\/?p=24854","title":{"rendered":"V\u0259t\u0259n m\u00fcharib\u0259si \u015f\u0259hidinin \u0259kiz bac\u0131-qarda\u015f\u0131 d\u00fcnyaya g\u0259lib"},"content":{"rendered":"<p><span style=\"color: #ffffff;\"><strong>V\u0259t\u0259n m\u00fcharib\u0259si \u015f\u0259hidinin \u0259kiz bac\u0131-qarda\u015f\u0131 d\u00fcnyaya g\u0259lib<\/strong><\/span><\/p>\n<blockquote><p>V\u0259t\u0259n m\u00fcharib\u0259sind\u0259 \u015f\u0259hid olan Sadiq V\u0259liyevin ail\u0259sind\u0259 sevindirici x\u0259b\u0259r var.<\/p><\/blockquote>\n<p><a href=\"https:\/\/infonews.az\/?p=24854\"><span style=\"color: #ff0000;\"><strong>&#8220;\u0130NFONEWS&#8221; <\/strong><\/span><\/a>x\u0259b\u0259r verir ki, T\u018fB\u0130B-in tabeliyind\u0259 olan Respublika Perinatal M\u0259rk\u0259zind\u0259 ail\u0259nin t\u0259k \u00f6vlad\u0131, 44 g\u00fcnl\u00fck V\u0259t\u0259n m\u00fcharib\u0259sind\u0259 \u015f\u0259hid olan Sadiq V\u0259liyevin \u0259kiz bac\u0131-qarda\u015f\u0131 d\u00fcnyaya g\u0259lib.<\/p>\n<p>Qeyd ed\u0259k ki, Az\u0259rbaycan Ordusunun \u0259sg\u0259ri Sadiq V\u0259liyev 2020-ci il sentyabr\u0131n 27-d\u0259 Az\u0259rbaycan Silahl\u0131 Q\u00fcvv\u0259l\u0259ri t\u0259r\u0259find\u0259n Erm\u0259nistan i\u015f\u011fal\u0131 alt\u0131nda olan \u0259razil\u0259rin azad edilm\u0259si \u00fc\u00e7\u00fcn ba\u015flanan V\u0259t\u0259n m\u00fcharib\u0259si zaman\u0131 K\u0259lb\u0259c\u0259r, C\u0259bray\u0131l, F\u00fczuli rayonlar\u0131n\u0131n i\u015f\u011faldan azad olunmas\u0131nda f\u0259al i\u015ftirak edib.<\/p>\n<p>Sadiq V\u0259liyev oktyabr\u0131n 3-d\u0259 F\u00fczuli rayonu \u0259razisind\u0259 d\u00f6y\u00fc\u015f tap\u015f\u0131r\u0131\u011f\u0131n\u0131 yerin\u0259 yetir\u0259rk\u0259n d\u00fc\u015fm\u0259n t\u0259r\u0259find\u0259n a\u00e7\u0131lan at\u0259\u015f n\u0259tic\u0259sind\u0259 ald\u0131\u011f\u0131 q\u0259lp\u0259 yaras\u0131ndan \u015f\u0259hid olub.<\/p>\n<p>Az\u0259rbaycan Respublikas\u0131n\u0131n Prezidenti \u0130lham \u018fliyevin S\u0259r\u0259ncam\u0131na \u0259sas\u0259n Sadiq V\u0259liyev \u00f6l\u00fcm\u00fcnd\u0259n sonra \u201cC\u0259sur d\u00f6y\u00fc\u015f\u00e7\u00fc\u201d, \u201cV\u0259t\u0259n m\u00fcharib\u0259si i\u015ftirak\u00e7\u0131s\u0131\u201d, \u201cK\u0259lb\u0259c\u0259rin azad olunmas\u0131na g\u00f6r\u0259\u201d, \u201cC\u0259bray\u0131l\u0131n azad olunmas\u0131na g\u00f6r\u0259\u201d, \u201cF\u00fczulinin azad olunmas\u0131na g\u00f6r\u0259\u201d v\u0259 \u201c\u015e\u00fcca\u0259t\u0259 g\u00f6r\u0259\u201d medallar\u0131 il\u0259 t\u0259ltif edilib.<\/p>\n","protected":false},"excerpt":{"rendered":"<p>V\u0259t\u0259n m\u00fcharib\u0259si \u015f\u0259hidinin \u0259kiz bac\u0131-qarda\u015f\u0131 d\u00fcnyaya g\u0259lib V\u0259t\u0259n m\u00fcharib\u0259sind\u0259 \u015f\u0259hid olan Sadiq V\u0259liyevin ail\u0259sind\u0259 sevindirici x\u0259b\u0259r var. &#8220;\u0130NFONEWS&#8221; x\u0259b\u0259r verir ki, T\u018fB\u0130B-in tabeliyind\u0259 olan Respublika Perinatal M\u0259rk\u0259zind\u0259 ail\u0259nin t\u0259k \u00f6vlad\u0131,&hellip; <\/p>\n","protected":false},"author":14,"featured_media":24855,"comment_status":"open","ping_status":"open","sticky":false,"template":"","format":"standard","meta":{"_mi_skip_tracking":false,"_monsterinsights_sitenote_active":false,"_monsterinsights_sitenote_note":"","_monsterinsights_sitenote_category":0,"footnotes":""},"categories":[4,699,11],"tags":[15,8012,33],"aioseo_notices":[],"_links":{"self":[{"href":"https:\/\/infonews.az\/index.php?rest_route=\/wp\/v2\/posts\/24854"}],"collection":[{"href":"https:\/\/infonews.az\/index.php?rest_route=\/wp\/v2\/posts"}],"about":[{"href":"https:\/\/infonews.az\/index.php?rest_route=\/wp\/v2\/types\/post"}],"author":[{"embeddable":true,"href":"https:\/\/infonews.az\/index.php?rest_route=\/wp\/v2\/users\/14"}],"replies":[{"embeddable":true,"href":"https:\/\/infonews.az\/index.php?rest_route=%2Fwp%2Fv2%2Fcomments&post=24854"}],"version-history":[{"count":1,"href":"https:\/\/infonews.az\/index.php?rest_route=\/wp\/v2\/posts\/24854\/revisions"}],"predecessor-version":[{"id":24856,"href":"https:\/\/infonews.az\/index.php?rest_route=\/wp\/v2\/posts\/24854\/revisions\/24856"}],"wp:featuredmedia":[{"embeddable":true,"href":"https:\/\/infonews.az\/index.php?rest_route=\/wp\/v2\/media\/24855"}],"wp:attachment":[{"href":"https:\/\/infonews.az\/index.php?rest_route=%2Fwp%2Fv2%2Fmedia&parent=24854"}],"wp:term":[{"taxonomy":"category","embeddable":true,"href":"https:\/\/infonews.az\/index.php?rest_route=%2Fwp%2Fv2%2Fcategories&post=24854"},{"taxonomy":"post_tag","embeddable":true,"href":"https:\/\/infonews.az\/index.php?rest_route=%2Fwp%2Fv2%2Ftags&post=24854"}],"curies":[{"name":"wp","href":"https:\/\/api.w.org\/{rel}","templated":true}]}}