{"id":24980,"date":"2022-09-07T11:39:12","date_gmt":"2022-09-07T07:39:12","guid":{"rendered":"https:\/\/infonews.az\/?p=24980"},"modified":"2022-09-07T15:27:50","modified_gmt":"2022-09-07T11:27:50","slug":"z%c9%99ngilan-rayonunun-agali-k%c9%99ndin%c9%99-%c9%99halinin-kocurulm%c9%99sinin-ikinci-m%c9%99rh%c9%99l%c9%99si-baslayib","status":"publish","type":"post","link":"https:\/\/infonews.az\/?p=24980","title":{"rendered":"Z\u0259ngilan rayonunun A\u011fal\u0131 k\u0259ndin\u0259 \u0259halinin k\u00f6\u00e7\u00fcr\u00fclm\u0259sinin ikinci m\u0259rh\u0259l\u0259si ba\u015flay\u0131b"},"content":{"rendered":"<p><span style=\"color: #ffffff;\">Z\u0259ngilan rayonunun A\u011fal\u0131 k\u0259ndin\u0259 \u0259halinin k\u00f6\u00e7\u00fcr\u00fclm\u0259sinin ikinci m\u0259rh\u0259l\u0259si ba\u015flay\u0131b<\/span><\/p>\n<blockquote><p><span style=\"color: #000000;\">07 sentyabr 2022-ci il tarixd\u0259 Z\u0259ngilan rayonunun A\u011fal\u0131 k\u0259ndin\u0259 \u0259halinin k\u00f6\u00e7\u00fcr\u00fclm\u0259sinin n\u00f6vb\u0259ti m\u0259rh\u0259l\u0259si ba\u015flad\u0131.<\/span><\/p><\/blockquote>\n<p><span style=\"color: #000000;\">Bu bar\u0259d\u0259\u00a0<a href=\"https:\/\/infonews.az\/\"><strong>\u201c\u0130NFONEWS\u201d<\/strong><\/a>-a Z\u0259ngilan Rayon \u0130cra Hakimiyy\u0259tind\u0259n m\u0259lumat verilib.<\/span><\/p>\n<p><span style=\"color: #000000;\">Bildirilib ki, 12 ail\u0259d\u0259n ibar\u0259t n\u00f6vb\u0259ti k\u00f6\u00e7 karvan\u0131 bu g\u00fcn s\u0259h\u0259r saatlar\u0131nda Ab\u015feron rayonu, Masaz\u0131r q\u0259s\u0259b\u0259sind\u0259 yerl\u0259\u015f\u0259n Z\u0259ngilan \u015f\u0259h\u0259rciyind\u0259n yola d\u00fc\u015f\u00fcb.<\/span><\/p>\n","protected":false},"excerpt":{"rendered":"<p>Z\u0259ngilan rayonunun A\u011fal\u0131 k\u0259ndin\u0259 \u0259halinin k\u00f6\u00e7\u00fcr\u00fclm\u0259sinin ikinci m\u0259rh\u0259l\u0259si ba\u015flay\u0131b 07 sentyabr 2022-ci il tarixd\u0259 Z\u0259ngilan rayonunun A\u011fal\u0131 k\u0259ndin\u0259 \u0259halinin k\u00f6\u00e7\u00fcr\u00fclm\u0259sinin n\u00f6vb\u0259ti m\u0259rh\u0259l\u0259si ba\u015flad\u0131. Bu bar\u0259d\u0259\u00a0\u201c\u0130NFONEWS\u201d-a Z\u0259ngilan Rayon \u0130cra Hakimiyy\u0259tind\u0259n m\u0259lumat&hellip; <\/p>\n","protected":false},"author":3,"featured_media":24981,"comment_status":"open","ping_status":"open","sticky":false,"template":"","format":"standard","meta":{"_mi_skip_tracking":false,"_monsterinsights_sitenote_active":false,"_monsterinsights_sitenote_note":"","_monsterinsights_sitenote_category":0,"footnotes":""},"categories":[4,11],"tags":[7578,8052,8053,303],"aioseo_notices":[],"_links":{"self":[{"href":"https:\/\/infonews.az\/index.php?rest_route=\/wp\/v2\/posts\/24980"}],"collection":[{"href":"https:\/\/infonews.az\/index.php?rest_route=\/wp\/v2\/posts"}],"about":[{"href":"https:\/\/infonews.az\/index.php?rest_route=\/wp\/v2\/types\/post"}],"author":[{"embeddable":true,"href":"https:\/\/infonews.az\/index.php?rest_route=\/wp\/v2\/users\/3"}],"replies":[{"embeddable":true,"href":"https:\/\/infonews.az\/index.php?rest_route=%2Fwp%2Fv2%2Fcomments&post=24980"}],"version-history":[{"count":1,"href":"https:\/\/infonews.az\/index.php?rest_route=\/wp\/v2\/posts\/24980\/revisions"}],"predecessor-version":[{"id":24982,"href":"https:\/\/infonews.az\/index.php?rest_route=\/wp\/v2\/posts\/24980\/revisions\/24982"}],"wp:featuredmedia":[{"embeddable":true,"href":"https:\/\/infonews.az\/index.php?rest_route=\/wp\/v2\/media\/24981"}],"wp:attachment":[{"href":"https:\/\/infonews.az\/index.php?rest_route=%2Fwp%2Fv2%2Fmedia&parent=24980"}],"wp:term":[{"taxonomy":"category","embeddable":true,"href":"https:\/\/infonews.az\/index.php?rest_route=%2Fwp%2Fv2%2Fcategories&post=24980"},{"taxonomy":"post_tag","embeddable":true,"href":"https:\/\/infonews.az\/index.php?rest_route=%2Fwp%2Fv2%2Ftags&post=24980"}],"curies":[{"name":"wp","href":"https:\/\/api.w.org\/{rel}","templated":true}]}}