{"id":25061,"date":"2022-09-10T07:07:33","date_gmt":"2022-09-10T03:07:33","guid":{"rendered":"https:\/\/infonews.az\/?p=25061"},"modified":"2022-09-10T16:14:00","modified_gmt":"2022-09-10T12:14:00","slug":"bakida-%c9%99n%c9%99n%c9%99vi-yapon-f%c9%99n%c9%99r-festivali-keciril%c9%99c%c9%99k","status":"publish","type":"post","link":"https:\/\/infonews.az\/?p=25061","title":{"rendered":"Bak\u0131da \u018fn\u0259n\u0259vi Yapon F\u0259n\u0259r Festival\u0131 ke\u00e7iril\u0259c\u0259k"},"content":{"rendered":"<p class=\"medium-up\"><span style=\"color: #ffffff;\">Bak\u0131da \u018fn\u0259n\u0259vi Yapon F\u0259n\u0259r Festival\u0131 ke\u00e7iril\u0259c\u0259k<\/span><\/p>\n<blockquote><p>Bak\u0131da sentyabr\u0131n 10-da \u0259n\u0259n\u0259vi m\u0259d\u0259ni t\u0259dbir olan Yapon F\u0259n\u0259r festival\u0131 ke\u00e7iril\u0259c\u0259k.<\/p><\/blockquote>\n<p><a href=\"https:\/\/infonews.az\/?p=25061\"><strong><span style=\"color: #ff0000;\">&#8220;\u0130NFONEWS&#8221;<\/span><\/strong><\/a> AZ\u018fRTAC &#8211; a istinad\u0259n x\u0259b\u0259r verir ki, festival Nizami G\u0259nc\u0259vinin abid\u0259si yax\u0131nl\u0131\u011f\u0131nda Yaponiyan\u0131n Nara prefekturas\u0131nda ba\u015f tutacaq.<\/p>\n<p>Yaponiya-Az\u0259rbaycan diplomatik \u0259laq\u0259l\u0259rinin qurulmas\u0131n\u0131n 30 illiyi il\u0259 \u0259laq\u0259dar Yaponiya il\u0259 Az\u0259rbaycan aras\u0131nda \u201cDostluq ili\u201d \u00e7\u0259r\u00e7iv\u0259sind\u0259 Nara prefekturas\u0131ndan \u00fc\u00e7 m\u00fct\u0259x\u0259ssis d\u0259v\u0259t olunub.<\/p>\n<p>X\u00fcsus\u0259n d\u0259 yapon v\u0259 Az\u0259rbaycan xalqlar\u0131 aras\u0131nda dostluq m\u00fcnasib\u0259tl\u0259rinin yax\u015f\u0131la\u015fd\u0131r\u0131lmas\u0131na y\u00f6n\u0259lmi\u015f festival \u00fc\u00e7\u00fcn Yaponiyadan Bak\u0131ya 2100 \u015fam g\u0259tirilib.<\/p>\n<p>Qeyd ed\u0259k ki, \u0259vv\u0259ll\u0259r bu t\u0259dbir Avstraliya, AB\u015e, Vyetnam, C\u0259nubi Koreya v\u0259 dig\u0259r \u00f6lk\u0259l\u0259rd\u0259 t\u0259\u015fkil olunub.<\/p>\n","protected":false},"excerpt":{"rendered":"<p>Bak\u0131da \u018fn\u0259n\u0259vi Yapon F\u0259n\u0259r Festival\u0131 ke\u00e7iril\u0259c\u0259k Bak\u0131da sentyabr\u0131n 10-da \u0259n\u0259n\u0259vi m\u0259d\u0259ni t\u0259dbir olan Yapon F\u0259n\u0259r festival\u0131 ke\u00e7iril\u0259c\u0259k. &#8220;\u0130NFONEWS&#8221; AZ\u018fRTAC &#8211; a istinad\u0259n x\u0259b\u0259r verir ki, festival Nizami G\u0259nc\u0259vinin abid\u0259si yax\u0131nl\u0131\u011f\u0131nda&hellip; <\/p>\n","protected":false},"author":14,"featured_media":25062,"comment_status":"open","ping_status":"open","sticky":false,"template":"","format":"standard","meta":{"_mi_skip_tracking":false,"_monsterinsights_sitenote_active":false,"_monsterinsights_sitenote_note":"","_monsterinsights_sitenote_category":0,"footnotes":""},"categories":[5373,4,11],"tags":[15,8091],"aioseo_notices":[],"_links":{"self":[{"href":"https:\/\/infonews.az\/index.php?rest_route=\/wp\/v2\/posts\/25061"}],"collection":[{"href":"https:\/\/infonews.az\/index.php?rest_route=\/wp\/v2\/posts"}],"about":[{"href":"https:\/\/infonews.az\/index.php?rest_route=\/wp\/v2\/types\/post"}],"author":[{"embeddable":true,"href":"https:\/\/infonews.az\/index.php?rest_route=\/wp\/v2\/users\/14"}],"replies":[{"embeddable":true,"href":"https:\/\/infonews.az\/index.php?rest_route=%2Fwp%2Fv2%2Fcomments&post=25061"}],"version-history":[{"count":1,"href":"https:\/\/infonews.az\/index.php?rest_route=\/wp\/v2\/posts\/25061\/revisions"}],"predecessor-version":[{"id":25063,"href":"https:\/\/infonews.az\/index.php?rest_route=\/wp\/v2\/posts\/25061\/revisions\/25063"}],"wp:featuredmedia":[{"embeddable":true,"href":"https:\/\/infonews.az\/index.php?rest_route=\/wp\/v2\/media\/25062"}],"wp:attachment":[{"href":"https:\/\/infonews.az\/index.php?rest_route=%2Fwp%2Fv2%2Fmedia&parent=25061"}],"wp:term":[{"taxonomy":"category","embeddable":true,"href":"https:\/\/infonews.az\/index.php?rest_route=%2Fwp%2Fv2%2Fcategories&post=25061"},{"taxonomy":"post_tag","embeddable":true,"href":"https:\/\/infonews.az\/index.php?rest_route=%2Fwp%2Fv2%2Ftags&post=25061"}],"curies":[{"name":"wp","href":"https:\/\/api.w.org\/{rel}","templated":true}]}}