{"id":25099,"date":"2022-09-11T09:55:05","date_gmt":"2022-09-11T05:55:05","guid":{"rendered":"https:\/\/infonews.az\/?p=25099"},"modified":"2022-09-11T15:03:41","modified_gmt":"2022-09-11T11:03:41","slug":"k%c9%99lb%c9%99c%c9%99r-v%c9%99-lacinda-movqel%c9%99rimiz-yenid%c9%99n-at%c9%99s%c9%99-tutulub","status":"publish","type":"post","link":"https:\/\/infonews.az\/?p=25099","title":{"rendered":"K\u0259lb\u0259c\u0259r v\u0259 La\u00e7\u0131nda m\u00f6vqel\u0259rimiz yenid\u0259n at\u0259\u015f\u0259 tutulub"},"content":{"rendered":"<p><span style=\"color: #ffffff;\">K\u0259lb\u0259c\u0259r v\u0259 La\u00e7\u0131nda m\u00f6vqel\u0259rimiz yenid\u0259n at\u0259\u015f\u0259 tutulub<\/span><\/p>\n<blockquote><p><span style=\"color: #000000;\">Az\u0259rbaycan Ordusunun K\u0259lb\u0259c\u0259r rayonunun Z\u0259ylik, Yellic\u0259, Yuxar\u0131 Ayr\u0131m\u00a0 v\u0259 La\u00e7\u0131n rayonunun Sad\u0131nlar ya\u015fay\u0131\u015f m\u0259nt\u0259q\u0259l\u0259ri istiqam\u0259tl\u0259rind\u0259 yerl\u0259\u015f\u0259n m\u00f6vqel\u0259ri sentyabr\u0131n 10-u g\u00fcnd\u00fcz saatlar\u0131ndan 11-i s\u0259h\u0259r saatlar\u0131nad\u0259k Erm\u0259nistan silahl\u0131 q\u00fcvv\u0259l\u0259rinin Basarke\u00e7\u0259r rayonunun Yuxar\u0131 \u015eorca, A\u015fa\u011f\u0131 \u015eorca, Z\u0259rk\u0259nd v\u0259 Gorus rayonunun X\u0259zin\u0259var ya\u015fay\u0131\u015f m\u0259nt\u0259q\u0259l\u0259ri\u00a0 istiqam\u0259tl\u0259rind\u0259 yerl\u0259\u015f\u0259n m\u00f6vqel\u0259rind\u0259n fasil\u0259l\u0259rl\u0259 m\u00fcxt\u0259lif \u00e7apl\u0131 at\u0131c\u0131 silahlardan at\u0259\u015f\u0259 tutulub.<\/span><\/p><\/blockquote>\n<p><span style=\"color: #000000;\">Bu bar\u0259d\u0259\u00a0<a href=\"https:\/\/infonews.az\/\"><strong>\u201c\u0130NFONEWS\u201d<\/strong><\/a>-a M\u00fcdafi\u0259 Nazirliyind\u0259n m\u0259lumat verilib.<\/span><\/p>\n<p><span style=\"color: #000000;\">Bildirilib ki, b\u00f6lm\u0259l\u0259rimizin adekvat cavab t\u0259dbirl\u0259ri n\u0259tic\u0259sind\u0259 qar\u015f\u0131 t\u0259r\u0259f susdurulub.<\/span><\/p>\n","protected":false},"excerpt":{"rendered":"<p>K\u0259lb\u0259c\u0259r v\u0259 La\u00e7\u0131nda m\u00f6vqel\u0259rimiz yenid\u0259n at\u0259\u015f\u0259 tutulub Az\u0259rbaycan Ordusunun K\u0259lb\u0259c\u0259r rayonunun Z\u0259ylik, Yellic\u0259, Yuxar\u0131 Ayr\u0131m\u00a0 v\u0259 La\u00e7\u0131n rayonunun Sad\u0131nlar ya\u015fay\u0131\u015f m\u0259nt\u0259q\u0259l\u0259ri istiqam\u0259tl\u0259rind\u0259 yerl\u0259\u015f\u0259n m\u00f6vqel\u0259ri sentyabr\u0131n 10-u g\u00fcnd\u00fcz saatlar\u0131ndan 11-i s\u0259h\u0259r&hellip; <\/p>\n","protected":false},"author":3,"featured_media":17682,"comment_status":"open","ping_status":"open","sticky":false,"template":"","format":"standard","meta":{"_mi_skip_tracking":false,"_monsterinsights_sitenote_active":false,"_monsterinsights_sitenote_note":"","_monsterinsights_sitenote_category":0,"footnotes":""},"categories":[6664,11],"tags":[7809,6078,4687,77,19,6315],"aioseo_notices":[],"_links":{"self":[{"href":"https:\/\/infonews.az\/index.php?rest_route=\/wp\/v2\/posts\/25099"}],"collection":[{"href":"https:\/\/infonews.az\/index.php?rest_route=\/wp\/v2\/posts"}],"about":[{"href":"https:\/\/infonews.az\/index.php?rest_route=\/wp\/v2\/types\/post"}],"author":[{"embeddable":true,"href":"https:\/\/infonews.az\/index.php?rest_route=\/wp\/v2\/users\/3"}],"replies":[{"embeddable":true,"href":"https:\/\/infonews.az\/index.php?rest_route=%2Fwp%2Fv2%2Fcomments&post=25099"}],"version-history":[{"count":1,"href":"https:\/\/infonews.az\/index.php?rest_route=\/wp\/v2\/posts\/25099\/revisions"}],"predecessor-version":[{"id":25100,"href":"https:\/\/infonews.az\/index.php?rest_route=\/wp\/v2\/posts\/25099\/revisions\/25100"}],"wp:featuredmedia":[{"embeddable":true,"href":"https:\/\/infonews.az\/index.php?rest_route=\/wp\/v2\/media\/17682"}],"wp:attachment":[{"href":"https:\/\/infonews.az\/index.php?rest_route=%2Fwp%2Fv2%2Fmedia&parent=25099"}],"wp:term":[{"taxonomy":"category","embeddable":true,"href":"https:\/\/infonews.az\/index.php?rest_route=%2Fwp%2Fv2%2Fcategories&post=25099"},{"taxonomy":"post_tag","embeddable":true,"href":"https:\/\/infonews.az\/index.php?rest_route=%2Fwp%2Fv2%2Ftags&post=25099"}],"curies":[{"name":"wp","href":"https:\/\/api.w.org\/{rel}","templated":true}]}}