{"id":25624,"date":"2022-09-21T11:53:38","date_gmt":"2022-09-21T07:53:38","guid":{"rendered":"https:\/\/infonews.az\/?p=25624"},"modified":"2022-09-21T17:01:08","modified_gmt":"2022-09-21T13:01:08","slug":"ozb%c9%99kistan-numay%c9%99nd%c9%99-hey%c9%99ti-maddi-texniki-t%c9%99minat-bas-idar%c9%99sind%c9%99-olub","status":"publish","type":"post","link":"https:\/\/infonews.az\/?p=25624","title":{"rendered":"\u00d6zb\u0259kistan n\u00fcmay\u0259nd\u0259 hey\u0259ti Maddi-Texniki T\u0259minat Ba\u015f \u0130dar\u0259sind\u0259 olub"},"content":{"rendered":"<p><span style=\"color: #ffffff;\">\u00d6zb\u0259kistan n\u00fcmay\u0259nd\u0259 hey\u0259ti Maddi-Texniki T\u0259minat Ba\u015f \u0130dar\u0259sind\u0259 olub<\/span><\/p>\n<blockquote><p><span style=\"color: #000000;\">M\u00fcdafi\u0259 nazirinin m\u00fcavini &#8211; Maddi-Texniki T\u0259minat Ba\u015f \u0130dar\u0259sinin r\u0259isi general-leytenant Nizam Osmanov \u00f6lk\u0259mizd\u0259 s\u0259f\u0259rd\u0259 olan \u00d6zb\u0259kistan Respublikas\u0131n\u0131n M\u00fcdafi\u0259 Nazirliyinin maddi-texniki t\u0259minat \u00fczr\u0259 n\u00fcmay\u0259nd\u0259 hey\u0259ti il\u0259 g\u00f6r\u00fc\u015f\u00fcb.<\/span><\/p><\/blockquote>\n<p><span style=\"color: #000000;\">Bu bar\u0259d\u0259\u00a0<a href=\"https:\/\/infonews.az\/\"><strong>\u201c\u0130NFONEWS\u201d<\/strong><\/a>-a M\u00fcdafi\u0259 Nazirliyind\u0259n m\u0259lumat verilib.<\/span><\/p>\n<p><span style=\"color: #000000;\">General-leytenant N.Osmanov qonaqlar\u0131 salamlayaraq Az\u0259rbaycan il\u0259 \u00d6zb\u0259kistan aras\u0131nda h\u0259rbi sah\u0259d\u0259 \u0259m\u0259kda\u015fl\u0131\u011f\u0131n dostluq v\u0259 qarda\u015fl\u0131q m\u00fcnasib\u0259tl\u0259ri \u00fcz\u0259rind\u0259 quruldu\u011funu, bu \u0259laq\u0259l\u0259rin daim inki\u015faf etdiyini x\u00fcsusi vur\u011fulay\u0131b.<\/span><\/p>\n<p><span style=\"color: #000000;\">\u00d6lk\u0259miz\u0259 s\u0259f\u0259rd\u0259n m\u0259mnunlu\u011funu ifad\u0259 ed\u0259n qonaqlar Az\u0259rbaycan-\u00d6zb\u0259kistan m\u00fcnasib\u0259tl\u0259rinin m\u00f6hk\u0259ml\u0259nm\u0259sind\u0259 bu c\u00fcr g\u00f6r\u00fc\u015fl\u0259rin v\u0259 qar\u015f\u0131l\u0131ql\u0131 \u0259laq\u0259l\u0259rin geni\u015fl\u0259ndirilm\u0259sinin z\u0259ruriliyini bildirib.<\/span><\/p>\n<p><span style=\"color: #000000;\">G\u00f6r\u00fc\u015fd\u0259 \u00f6lk\u0259l\u0259rimiz aras\u0131nda maddi-texniki t\u0259minat sah\u0259sind\u0259 \u0259m\u0259kda\u015fl\u0131\u011f\u0131n inki\u015faf perspektivl\u0259rin\u0259 dair fikir m\u00fcbadil\u0259si apar\u0131l\u0131b, maraq do\u011furan m\u0259s\u0259l\u0259l\u0259r m\u00fczakir\u0259 olunub.<\/span><\/p>\n<p><span style=\"color: #000000;\">Sonda n\u00fcmay\u0259nd\u0259 hey\u0259ti M\u00fcdafi\u0259 Nazirliyinin M\u0259rk\u0259zi \u018f\u015fya Bazas\u0131 v\u0259 M\u0259rk\u0259zi \u018frzaq Anbar\u0131, el\u0259c\u0259 d\u0259 tank t\u0259miri zavodunu ziyar\u0259t ed\u0259r\u0259k burada g\u00f6r\u00fcl\u0259n i\u015fl\u0259rl\u0259 tan\u0131\u015f olublar.<\/span><\/p>\n","protected":false},"excerpt":{"rendered":"<p>\u00d6zb\u0259kistan n\u00fcmay\u0259nd\u0259 hey\u0259ti Maddi-Texniki T\u0259minat Ba\u015f \u0130dar\u0259sind\u0259 olub M\u00fcdafi\u0259 nazirinin m\u00fcavini &#8211; Maddi-Texniki T\u0259minat Ba\u015f \u0130dar\u0259sinin r\u0259isi general-leytenant Nizam Osmanov \u00f6lk\u0259mizd\u0259 s\u0259f\u0259rd\u0259 olan \u00d6zb\u0259kistan Respublikas\u0131n\u0131n M\u00fcdafi\u0259 Nazirliyinin maddi-texniki t\u0259minat \u00fczr\u0259&hellip; <\/p>\n","protected":false},"author":3,"featured_media":25625,"comment_status":"open","ping_status":"open","sticky":false,"template":"","format":"standard","meta":{"_mi_skip_tracking":false,"_monsterinsights_sitenote_active":false,"_monsterinsights_sitenote_note":"","_monsterinsights_sitenote_category":0,"footnotes":""},"categories":[6664,11],"tags":[4687,8299,8298,8297],"aioseo_notices":[],"_links":{"self":[{"href":"https:\/\/infonews.az\/index.php?rest_route=\/wp\/v2\/posts\/25624"}],"collection":[{"href":"https:\/\/infonews.az\/index.php?rest_route=\/wp\/v2\/posts"}],"about":[{"href":"https:\/\/infonews.az\/index.php?rest_route=\/wp\/v2\/types\/post"}],"author":[{"embeddable":true,"href":"https:\/\/infonews.az\/index.php?rest_route=\/wp\/v2\/users\/3"}],"replies":[{"embeddable":true,"href":"https:\/\/infonews.az\/index.php?rest_route=%2Fwp%2Fv2%2Fcomments&post=25624"}],"version-history":[{"count":1,"href":"https:\/\/infonews.az\/index.php?rest_route=\/wp\/v2\/posts\/25624\/revisions"}],"predecessor-version":[{"id":25626,"href":"https:\/\/infonews.az\/index.php?rest_route=\/wp\/v2\/posts\/25624\/revisions\/25626"}],"wp:featuredmedia":[{"embeddable":true,"href":"https:\/\/infonews.az\/index.php?rest_route=\/wp\/v2\/media\/25625"}],"wp:attachment":[{"href":"https:\/\/infonews.az\/index.php?rest_route=%2Fwp%2Fv2%2Fmedia&parent=25624"}],"wp:term":[{"taxonomy":"category","embeddable":true,"href":"https:\/\/infonews.az\/index.php?rest_route=%2Fwp%2Fv2%2Fcategories&post=25624"},{"taxonomy":"post_tag","embeddable":true,"href":"https:\/\/infonews.az\/index.php?rest_route=%2Fwp%2Fv2%2Ftags&post=25624"}],"curies":[{"name":"wp","href":"https:\/\/api.w.org\/{rel}","templated":true}]}}