{"id":25698,"date":"2022-09-23T13:38:36","date_gmt":"2022-09-23T09:38:36","guid":{"rendered":"https:\/\/infonews.az\/?p=25698"},"modified":"2022-09-26T16:29:12","modified_gmt":"2022-09-26T12:29:12","slug":"unec-il%c9%99-mn-elmi-t%c9%99dqiqat-institutu-arasinda-memorandum-imzalanib","status":"publish","type":"post","link":"https:\/\/infonews.az\/?p=25698","title":{"rendered":"UNEC il\u0259 M\u00fcdafi\u0259 S\u0259nayesi Nazirliyinin Elmi-T\u0259dqiqat \u0130nstitutu aras\u0131nda memorandum imzalan\u0131b"},"content":{"rendered":"<p><span style=\"color: #ffffff;\">UNEC il\u0259 M\u00fcdafi\u0259 S\u0259nayesi Nazirliyinin Elmi-T\u0259dqiqat \u0130nstitutu aras\u0131nda memorandum imzalan\u0131b<\/span><\/p>\n<blockquote><p><span style=\"color: #000000;\"><em><strong>UNEC-in rektoru professor \u018fdal\u0259t Muradovun r\u0259hb\u0259rlik etdiyi n\u00fcmay\u0259nd\u0259 hey\u0259ti Az\u0259rbaycan Respublikas\u0131 M\u00fcdafi\u0259 S\u0259nayesi Nazirliyinin Elmi-T\u0259dqiqat \u0130nstitutunda olub.<\/strong><\/em><\/span><\/p><\/blockquote>\n<p><span style=\"color: #000000;\">Bu bar\u0259d\u0259\u00a0<a href=\"https:\/\/infonews.az\/\"><strong>\u201c\u0130NFONEWS\u201d<\/strong><\/a>-a Az\u0259rbaycan D\u00f6vl\u0259t \u0130qtisad Universitetinin (UNEC) \u0130ctimaiyy\u0259tl\u0259 \u018flaq\u0259l\u0259r \u015f\u00f6b\u0259sind\u0259n m\u0259lumat verilib.<\/span><\/p>\n<p><span style=\"color: #000000;\">N\u00fcmay\u0259nd\u0259 hey\u0259ti\u00a0\u00f6nc\u0259\u00a0institutun h\u0259y\u0259tind\u0259 ulu \u00f6nd\u0259r Heyd\u0259r \u018fliyevin b\u00fcst\u00fcn\u00fc\u00a0ziyar\u0259t\u00a0ed\u0259r\u0259k, \u00f6n\u00fcn\u0259 g\u00fcl d\u0259st\u0259l\u0259ri d\u00fcz\u00fcb.\u00a0<\/span><\/p>\n<p><span style=\"color: #000000;\">Elmi-T\u0259dqiqat\u00a0\u0130nstitutunun r\u0259hb\u0259rliyi v\u0259 \u0259m\u0259kda\u015flar\u0131, el\u0259c\u0259 d\u0259\u00a0institutda\u00a0\u00e7al\u0131\u015fan\u00a0v\u0259 t\u0259cr\u00fcb\u0259 ke\u00e7\u0259n UNEC-in\u00a0\u00a0t\u0259l\u0259b\u0259 v\u0259 m\u0259zunlar\u0131\u00a0il\u0259 g\u00f6r\u00fc\u015f\u0259n rektor professor \u018fdal\u0259t Muradov\u00a0burada apar\u0131lan elmi-t\u0259dqiqat i\u015fl\u0259ri il\u0259\u00a0d\u0259\u00a0tan\u0131\u015f olub.<\/span><\/p>\n<p><span style=\"color: #000000;\">G\u00f6r\u00fc\u015fd\u0259n sonra UNEC il\u0259 M\u00fcdafi\u0259 S\u0259nayesi Nazirliyinin Elmi-T\u0259dqiqat \u0130nstitutu aras\u0131nda \u0259m\u0259kda\u015fl\u0131q haqq\u0131nda memorandum imzalan\u0131b. UNEC rektoru professor \u018fdal\u0259t Muradov v\u0259 Elmi-T\u0259dqiqat \u0130nstitutunun direktoru M\u00fcrs\u0259l \u018fliyevin imzalad\u0131\u011f\u0131 s\u0259n\u0259d\u0259 \u0259sas\u0259n, t\u0259r\u0259fl\u0259r ET\u0130-d\u0259 h\u0259yata ke\u00e7iril\u0259n layih\u0259l\u0259r\u0259 t\u0259l\u0259b\u0259l\u0259rin v\u0259 g\u0259nc aliml\u0259rin c\u0259lb edilm\u0259si, elmi-t\u0259dqiqat i\u015fl\u0259rinin apar\u0131lmas\u0131 \u00fc\u00e7\u00fcn laboratoriyalar\u0131n maddi-texniki bazas\u0131n\u0131n g\u00fccl\u0259ndirilm\u0259si,\u00a0\u00a0elmi-texniki v\u0259 texnoloji probleml\u0259ri \u0259hat\u0259 ed\u0259n yeni m\u00f6vzular\u0131n yaz\u0131lmas\u0131, hakatonlar\u0131n ke\u00e7irilm\u0259si v\u0259 dig\u0259r istiqam\u0259tl\u0259rd\u0259 \u0259m\u0259kda\u015fl\u0131q ed\u0259c\u0259kl\u0259r.\u00a0<\/span><\/p>\n","protected":false},"excerpt":{"rendered":"<p>UNEC il\u0259 M\u00fcdafi\u0259 S\u0259nayesi Nazirliyinin Elmi-T\u0259dqiqat \u0130nstitutu aras\u0131nda memorandum imzalan\u0131b UNEC-in rektoru professor \u018fdal\u0259t Muradovun r\u0259hb\u0259rlik etdiyi n\u00fcmay\u0259nd\u0259 hey\u0259ti Az\u0259rbaycan Respublikas\u0131 M\u00fcdafi\u0259 S\u0259nayesi Nazirliyinin Elmi-T\u0259dqiqat \u0130nstitutunda olub. Bu bar\u0259d\u0259\u00a0\u201c\u0130NFONEWS\u201d-a Az\u0259rbaycan&hellip; <\/p>\n","protected":false},"author":3,"featured_media":25699,"comment_status":"open","ping_status":"open","sticky":false,"template":"","format":"standard","meta":{"_mi_skip_tracking":false,"_monsterinsights_sitenote_active":false,"_monsterinsights_sitenote_note":"","_monsterinsights_sitenote_category":0,"footnotes":""},"categories":[6664,11,3],"tags":[47,8366,8365,4295,8324],"aioseo_notices":[],"_links":{"self":[{"href":"https:\/\/infonews.az\/index.php?rest_route=\/wp\/v2\/posts\/25698"}],"collection":[{"href":"https:\/\/infonews.az\/index.php?rest_route=\/wp\/v2\/posts"}],"about":[{"href":"https:\/\/infonews.az\/index.php?rest_route=\/wp\/v2\/types\/post"}],"author":[{"embeddable":true,"href":"https:\/\/infonews.az\/index.php?rest_route=\/wp\/v2\/users\/3"}],"replies":[{"embeddable":true,"href":"https:\/\/infonews.az\/index.php?rest_route=%2Fwp%2Fv2%2Fcomments&post=25698"}],"version-history":[{"count":3,"href":"https:\/\/infonews.az\/index.php?rest_route=\/wp\/v2\/posts\/25698\/revisions"}],"predecessor-version":[{"id":25833,"href":"https:\/\/infonews.az\/index.php?rest_route=\/wp\/v2\/posts\/25698\/revisions\/25833"}],"wp:featuredmedia":[{"embeddable":true,"href":"https:\/\/infonews.az\/index.php?rest_route=\/wp\/v2\/media\/25699"}],"wp:attachment":[{"href":"https:\/\/infonews.az\/index.php?rest_route=%2Fwp%2Fv2%2Fmedia&parent=25698"}],"wp:term":[{"taxonomy":"category","embeddable":true,"href":"https:\/\/infonews.az\/index.php?rest_route=%2Fwp%2Fv2%2Fcategories&post=25698"},{"taxonomy":"post_tag","embeddable":true,"href":"https:\/\/infonews.az\/index.php?rest_route=%2Fwp%2Fv2%2Ftags&post=25698"}],"curies":[{"name":"wp","href":"https:\/\/api.w.org\/{rel}","templated":true}]}}