{"id":25729,"date":"2022-09-24T09:02:49","date_gmt":"2022-09-24T05:02:49","guid":{"rendered":"https:\/\/infonews.az\/?p=25729"},"modified":"2022-09-24T14:49:39","modified_gmt":"2022-09-24T10:49:39","slug":"bu-gun-az%c9%99rbaycan-jurnalistl%c9%99rinin-viii-qurultayi-is%c9%99-baslayir","status":"publish","type":"post","link":"https:\/\/infonews.az\/?p=25729","title":{"rendered":"Bu g\u00fcn Az\u0259rbaycan jurnalistl\u0259rinin VIII qurultay\u0131 i\u015f\u0259 ba\u015flay\u0131r"},"content":{"rendered":"<p><span style=\"color: #ffffff;\">Bu g\u00fcn Az\u0259rbaycan jurnalistl\u0259rinin VIII qurultay\u0131 i\u015f\u0259 ba\u015flay\u0131r<\/span><\/p>\n<blockquote><p><strong>Bu g\u00fcn Az\u0259rbaycan jurnalistl\u0259rinin VIII qurultay\u0131 ke\u00e7iril\u0259c\u0259k.<\/strong><\/p><\/blockquote>\n<p><a href=\"https:\/\/infonews.az\/?p=25729\"><span style=\"color: #ff0000;\"><strong>&#8220;\u0130NFONEWS&#8221; <\/strong><\/span><\/a>x\u0259b\u0259r verir ki, saat 10:00-da ba\u015flayacaq qurultayda M\u0259tbuat \u015euras\u0131n\u0131n yeni s\u0259dri v\u0259 \u0130dar\u0259 Hey\u0259tinin \u00fczvl\u0259ri m\u00fc\u0259yy\u0259nl\u0259\u015f\u0259c\u0259k.<\/p>\n<p>Qeyd ed\u0259k ki, T\u0259\u015fkilat Komit\u0259sinin q\u0259rar\u0131na \u0259sas\u0259n, ali m\u0259clisd\u0259 g\u00fcnd\u0259lik q\u0259zetl\u0259r v\u0259 informasiya agentlikl\u0259ri 2, h\u0259ft\u0259lik v\u0259 ayl\u0131q q\u0259zetl\u0259r, h\u0259m\u00e7inin jurnallar, jurnalist t\u0259\u015fkilatlar\u0131, internet informasiya resurlar\u0131 v\u0259 dig\u0259r qurumlar 1 n\u00fcmay\u0259nd\u0259 il\u0259 t\u0259msil olunacaqlar. \u00dcmumilikd\u0259 140 \u00fczv t\u0259\u015fkilat qurultayda i\u015ftirak\u0131n\u0131 t\u0259sdiql\u0259yib.<\/p>\n<p>Bildirilib ki, qurultayda M\u015e \u0130dar\u0259 Hey\u0259tin\u0259 28 jurnalist namiz\u0259dd\u0259n 14-\u00fc, 18 ictimaiyy\u0259t n\u00fcmay\u0259nd\u0259si olan namiz\u0259dd\u0259n is\u0259 9-u se\u00e7il\u0259c\u0259k.<\/p>\n<p>Xat\u0131rladaq ki, haz\u0131rda M\u0259tbuat \u015euras\u0131 \u0130dar\u0259 Hey\u0259tinin s\u0259dri \u018fflatun Ama\u015fovdur.<\/p>\n","protected":false},"excerpt":{"rendered":"<p>Bu g\u00fcn Az\u0259rbaycan jurnalistl\u0259rinin VIII qurultay\u0131 i\u015f\u0259 ba\u015flay\u0131r Bu g\u00fcn Az\u0259rbaycan jurnalistl\u0259rinin VIII qurultay\u0131 ke\u00e7iril\u0259c\u0259k. &#8220;\u0130NFONEWS&#8221; x\u0259b\u0259r verir ki, saat 10:00-da ba\u015flayacaq qurultayda M\u0259tbuat \u015euras\u0131n\u0131n yeni s\u0259dri v\u0259 \u0130dar\u0259 Hey\u0259tinin&hellip; <\/p>\n","protected":false},"author":14,"featured_media":25730,"comment_status":"open","ping_status":"open","sticky":false,"template":"","format":"standard","meta":{"_mi_skip_tracking":false,"_monsterinsights_sitenote_active":false,"_monsterinsights_sitenote_note":"","_monsterinsights_sitenote_category":0,"footnotes":""},"categories":[4,10,11],"tags":[8340,5514,5609,15],"aioseo_notices":[],"_links":{"self":[{"href":"https:\/\/infonews.az\/index.php?rest_route=\/wp\/v2\/posts\/25729"}],"collection":[{"href":"https:\/\/infonews.az\/index.php?rest_route=\/wp\/v2\/posts"}],"about":[{"href":"https:\/\/infonews.az\/index.php?rest_route=\/wp\/v2\/types\/post"}],"author":[{"embeddable":true,"href":"https:\/\/infonews.az\/index.php?rest_route=\/wp\/v2\/users\/14"}],"replies":[{"embeddable":true,"href":"https:\/\/infonews.az\/index.php?rest_route=%2Fwp%2Fv2%2Fcomments&post=25729"}],"version-history":[{"count":1,"href":"https:\/\/infonews.az\/index.php?rest_route=\/wp\/v2\/posts\/25729\/revisions"}],"predecessor-version":[{"id":25731,"href":"https:\/\/infonews.az\/index.php?rest_route=\/wp\/v2\/posts\/25729\/revisions\/25731"}],"wp:featuredmedia":[{"embeddable":true,"href":"https:\/\/infonews.az\/index.php?rest_route=\/wp\/v2\/media\/25730"}],"wp:attachment":[{"href":"https:\/\/infonews.az\/index.php?rest_route=%2Fwp%2Fv2%2Fmedia&parent=25729"}],"wp:term":[{"taxonomy":"category","embeddable":true,"href":"https:\/\/infonews.az\/index.php?rest_route=%2Fwp%2Fv2%2Fcategories&post=25729"},{"taxonomy":"post_tag","embeddable":true,"href":"https:\/\/infonews.az\/index.php?rest_route=%2Fwp%2Fv2%2Ftags&post=25729"}],"curies":[{"name":"wp","href":"https:\/\/api.w.org\/{rel}","templated":true}]}}