{"id":2576,"date":"2021-01-19T16:16:59","date_gmt":"2021-01-19T12:16:59","guid":{"rendered":"https:\/\/infonews.az\/?p=2576"},"modified":"2021-01-19T22:16:16","modified_gmt":"2021-01-19T18:16:16","slug":"unec-in-prorektoru-v%c9%99fat-etdi","status":"publish","type":"post","link":"https:\/\/infonews.az\/?p=2576","title":{"rendered":"UNEC-in prorektoru v\u0259fat etdi"},"content":{"rendered":"<blockquote><p>Az\u0259rbaycan D\u00f6vl\u0259t \u0130qtisad Universitetinin (UNEC) Strateji inki\u015faf \u00fczr\u0259 prorektoru, \u0130smay\u0131ll\u0131 Rayon \u0130cra Hakimiyy\u0259tinin sabiq ba\u015f\u00e7\u0131s\u0131, &#8220;\u015e\u00f6hr\u0259t&#8221; ordenli, iqtisad elml\u0259ri doktoru, professor Mirdam\u0259d Mirsad\u0131q o\u011flu Sad\u0131qov v\u0259fat edib.<\/p><\/blockquote>\n<p><span style=\"color: #ff0000;\"><strong>&#8220;\u0130NFONEWS&#8221;<\/strong> <\/span>x\u0259b\u0259r verir ki, bir ne\u00e7\u0259 ay \u0259vv\u0259l icra ba\u015f\u00e7\u0131s\u0131 v\u0259zif\u0259sind\u0259n azad olunan v\u0259 Az\u0259rbaycan D\u00f6vl\u0259t \u0130qtisad Universitetind\u0259 (UNEC) Strateji inki\u015faf \u00fczr\u0259 prorektor t\u0259yin edilmi\u015f Mirdam\u0259d Sad\u0131qov x\u0259st\u0259lik s\u0259b\u0259bind\u0259n d\u00fcnyas\u0131n\u0131 d\u0259yi\u015fib.<\/p>\n<p>Bildir\u0259k ki, M.Sad\u0131qov 1 sentyabr 1950-ci ild\u0259 \u0130smay\u0131ll\u0131 rayonunun Lah\u0131c q\u0259s\u0259b\u0259sind\u0259 anadan olub. O, 1957-1967-ci il\u0259rd\u0259 Lah\u0131c q\u0259s\u0259b\u0259 orta m\u0259kt\u0259bind\u0259, 1967-ci ild\u0259 D.B\u00fcnyadzad\u0259 ad\u0131na Az\u0259rbaycan Xalq T\u0259s\u0259rr\u00fcfat\u0131 \u0130nstitunda t\u0259hsil al\u0131b. Sad\u0131qov 1971-ci ild\u0259 h\u0259min institutun maliyy\u0259-statistika fak\u00fclt\u0259sini \u0259la qiym\u0259tl\u0259rl\u0259 bitirib.<\/p>\n<p>Mirdam\u0259d Sad\u0131qov \u0259m\u0259k f\u0259aliyy\u0259tin\u0259 1971-ci ild\u0259 ba\u015flam\u0131\u015f v\u0259 Az\u0259rbaycan Xalq T\u0259s\u0259rr\u00fcfat\u0131 \u0130nstitutun Maliyy\u0259-Kredit kafedras\u0131na i\u015f\u0259 q\u0259bul olunmu\u015fdur. O, 1971-ci ilin dekabr ay\u0131ndan 1972-ci ilin 16 dekabr tarixin\u0259d\u0259k kafedrada ba\u015f referat, 1972-1977-ci ill\u0259rd\u0259 laborant v\u0259 ba\u015f laborant v\u0259zif\u0259l\u0259rini icra etmi\u015fdir. Mirdam\u0259d Sad\u0131qov 1973-1977-ci ill\u0259rd\u0259 h\u0259min institutun Maliyy\u0259-Kredit kafedras\u0131n\u0131n aspiranturas\u0131nda oxumu\u015f v\u0259 Moskva \u015f\u0259h\u0259rind\u0259 namiz\u0259dlik dissertasiyas\u0131n\u0131 m\u00fcdafi\u0259 ed\u0259r\u0259k iqtisad elml\u0259ri namiz\u0259di ad\u0131na layiq g\u00f6r\u00fclm\u00fc\u015fd\u00fcr.<\/p>\n<p>M.Sad\u0131qov 2 noyabr 1977-ci ild\u0259 Az\u0259rbaycan Xalq T\u0259s\u0259rr\u00fcfat\u0131 \u0130nstitutunun Komsomol Komit\u0259sinin katibi se\u00e7ilmi\u015f v\u0259 10 sentyabr 1982-ci il\u0259d\u0259k bu v\u0259zif\u0259d\u0259 \u00e7al\u0131\u015fm\u0131\u015fd\u0131r. O, 10 sentyabr 1982-ci il tarixind\u0259n Az\u0259rbaycan Xalq T\u0259s\u0259rr\u00fcfat\u0131 \u0130nstitutu Maliyy\u0259-Kredit kafedras\u0131n\u0131n ba\u015f m\u00fc\u0259llimi v\u0259 \u0130qtisadiyyat fak\u00fclt\u0259sinin dekan\u0131 v\u0259zif\u0259sin\u0259 icra etmi\u015f, bu m\u00fcdd\u0259t \u0259rzind\u0259 m\u00fcsabiq\u0259 yolu il\u0259 kafedran\u0131n dosenti se\u00e7ilmi\u015f v\u0259 1988-ci ilin iyul ay\u0131n\u0131n 8-\u0259 q\u0259d\u0259r h\u0259min v\u0259zif\u0259l\u0259rd\u0259 f\u0259aliyy\u0259t g\u00f6st\u0259rmi\u015fdir.<\/p>\n<p>8 iyul 1988-ci ild\u0259n Bak\u0131 Maliyy\u0259-Kredit Texnikumunun direktoru v\u0259zif\u0259sin\u0259 t\u0259yin edil\u0259n Mirdam\u0259d Sad\u0131qov 1992-ci il\u0259 q\u0259d\u0259r bu v\u0259zif\u0259ni icra etmi\u015fdir. Daha sonra texnikumun Az\u0259rbaycan Maliyy\u0259-\u0130qtisad Kollecin\u0259 \u00e7evrilm\u0259si il\u0259 \u0259laq\u0259dar 8 aprel 1992-ci ild\u0259n 27 iyul 1999-cu il\u0259d\u0259k kollecin direktoru v\u0259zif\u0259sind\u0259 \u00e7al\u0131\u015fm\u0131\u015fd\u0131r. Mirdam\u0259d Sad\u0131qov 1993-c\u00fc ilin mart ay\u0131ndan Yeni Az\u0259rbaycan Partiyas\u0131n\u0131n \u00fczv\u00fcd\u00fcr. Eyni zamanda 1996-c\u0131 ild\u0259n Az\u0259rbaycanda ilk d\u0259f\u0259 yarad\u0131lm\u0131\u015f Heyd\u0259r \u018fliyev \u0130qtisadi \u0130dar\u0259etm\u0259 M\u0259kt\u0259binin icra\u00e7\u0131 direktorudur.<\/p>\n<p>Mirdam\u0259d Sad\u0131qov 1997-ci ild\u0259 D\u00fcnya Bank\u0131n\u0131n d\u0259st\u0259yi il\u0259 \u0130taliya Respublikas\u0131n\u0131n Turin \u015f\u0259h\u0259rind\u0259 &#8220;T\u0259hsil meneceri&#8221; sah\u0259sind\u0259 ixtisasart\u0131rma kursu ke\u00e7mi\u015fdir. 27 iyul 1999-cu ild\u0259n 6 may 2000-ci il\u0259d\u0259k Bak\u0131 \u015f\u0259h\u0259ri N\u0259simi rayonu \u00fczr\u0259 Vergil\u0259r \u0130dar\u0259sinin r\u0259isi v\u0259zif\u0259sini icra etmi\u015fdir. O, 6 may 2000-ci ild\u0259n etibar\u0259n Az\u0259rbaycan D\u00f6vl\u0259t \u0130qtisad \u0130nstitutuna prorektor v\u0259zif\u0259sin\u0259 t\u0259yin edilmi\u015fdir.<\/p>\n<p>Mirdam\u0259d Sad\u0131qov 2000-ci ild\u0259 Az\u0259rbaycan Respublikas\u0131 Vergil\u0259r Nazirliyinin x\u0259tti il\u0259 Vyana \u015f\u0259h\u0259rind\u0259 ixtisasart\u0131rma v\u0259 t\u0259cr\u00fcb\u0259 m\u00fcbadil\u0259sind\u0259 i\u015ftirak etmi\u015fdir. 2000-ci ild\u0259n 2007-ci il\u0259 q\u0259d\u0259r Az\u0259rbaycan D\u00f6vl\u0259t \u0130qtisad Universitetinin t\u0259dris i\u015fl\u0259ri \u00fczr\u0259 prorektoru v\u0259zif\u0259sind\u0259 \u00e7al\u0131\u015fm\u0131\u015fd\u0131r. H\u0259m\u00e7inin o, 2004-c\u00fc ild\u0259 &#8220;Az\u0259rbaycan Respublikas\u0131n\u0131n Maliyy\u0259 potensial\u0131n\u0131n formala\u015fmas\u0131 probleml\u0259ri&#8221; m\u00f6vzusunda doktorluq dissertasiyas\u0131n\u0131 m\u00fcdafi\u0259 ed\u0259r\u0259k Az\u0259rbaycanda bu sah\u0259d\u0259 doktor ad\u0131 alm\u0131\u015f ilk \u015f\u0259xsl\u0259rd\u0259n biri olmu\u015fdur. 2005-ci il Az\u0259rbaycan Respublikas\u0131 Milli M\u0259clisin\u0259 se\u00e7kil\u0259rd\u0259 86 sayl\u0131 \u0130smay\u0131ll\u0131 Se\u00e7ki Dair\u0259sind\u0259n YAP M\u0259rk\u0259zi \u015euras\u0131n\u0131n vahid namiz\u0259di kimi ir\u0259li s\u00fcr\u00fclm\u00fc\u015fd\u00fcr. 2007-ci ild\u0259n 2008-ci il noyabr ay\u0131n\u0131n 21-d\u0259k Az\u0259rbaycan Respublikas\u0131 Vergil\u0259r Nazirliyi Vergi Siyas\u0259ti v\u0259 Vergi Qanunvericiliyi Strateji Ara\u015fd\u0131rmalar M\u0259rk\u0259zinin Ba\u015f \u0130dar\u0259 r\u0259isi v\u0259zif\u0259sind\u0259 \u00e7al\u0131\u015fm\u0131\u015fd\u0131r.<\/p>\n<p>Mirdam\u0259d Sad\u0131qov 21 noyabr 2008-ci ild\u0259n Az\u0259rbaycan Respublikas\u0131n\u0131n Prezidentinin s\u0259r\u0259ncam\u0131 il\u0259 Az\u0259rbaycan D\u00f6vl\u0259t Aqrar Universitetinin rektoru v\u0259zif\u0259sin\u0259 t\u0259yin edilmi\u015fdir. 14 fevral 2013-c\u00fc ild\u0259 Az\u0259rbaycan Respublikas\u0131n\u0131n Prezidenti \u0130lham \u018fliyevin s\u0259r\u0259ncam\u0131 il\u0259 h\u0259min v\u0259zif\u0259d\u0259n azad edilmi\u015fdir.<\/p>\n<p>14 fevral 2013-c\u00fc ild\u0259 Az\u0259rbaycan Respublikas\u0131n\u0131n Prezidenti \u0130lham \u018fliyevin s\u0259r\u0259ncam\u0131 il\u0259 Mirdam\u0259d Mirsad\u0131q o\u011flu Sad\u0131qov \u0130smay\u0131ll\u0131 rayonu \u0130cra hakimiyy\u0259tinin ba\u015f\u00e7\u0131s\u0131 t\u0259yin edilmi\u015fdir. 5 mart 2020-ci ild\u0259 v\u0259zif\u0259d\u0259n azad edilib.<\/p>\n<p>Mirdam\u0259d Sad\u0131qov respublikada iqtisadiyyat, maliyy\u0259 v\u0259 vergi probleml\u0259ri il\u0259 ba\u011fl\u0131 200-d\u0259n \u00e7ox elmi m\u0259qal\u0259nin, h\u0259m\u00e7inin 10 d\u0259rslik, 8 d\u0259rs v\u0259saiti v\u0259 9 monoqrafiyan\u0131n m\u00fc\u0259llifidir. Onun m\u0259qal\u0259l\u0259rinin bir qismi xarici \u00f6lk\u0259l\u0259rd\u0259 d\u0259rc edilmi\u015fdir.<\/p>\n<p>Allah r\u0259hm\u0259t el\u0259sin!<\/p>\n<p><img loading=\"lazy\" decoding=\"async\" class=\"size-large wp-image-2579 aligncenter\" src=\"https:\/\/infonews.az\/wp-content\/uploads\/2021\/01\/Mirdam\u0259d_Sadiqov1.jpg\" alt=\"\" width=\"448\" height=\"286\" srcset=\"https:\/\/infonews.az\/wp-content\/uploads\/2021\/01\/Mirdam\u0259d_Sadiqov1.jpg 448w, https:\/\/infonews.az\/wp-content\/uploads\/2021\/01\/Mirdam\u0259d_Sadiqov1-300x192.jpg 300w\" sizes=\"(max-width: 448px) 100vw, 448px\" \/><\/p>\n","protected":false},"excerpt":{"rendered":"<p>Az\u0259rbaycan D\u00f6vl\u0259t \u0130qtisad Universitetinin (UNEC) Strateji inki\u015faf \u00fczr\u0259 prorektoru, \u0130smay\u0131ll\u0131 Rayon \u0130cra Hakimiyy\u0259tinin sabiq ba\u015f\u00e7\u0131s\u0131, &#8220;\u015e\u00f6hr\u0259t&#8221; ordenli, iqtisad elml\u0259ri doktoru, professor Mirdam\u0259d Mirsad\u0131q o\u011flu Sad\u0131qov v\u0259fat edib. &#8220;\u0130NFONEWS&#8221; x\u0259b\u0259r verir&hellip; <\/p>\n","protected":false},"author":3,"featured_media":2577,"comment_status":"open","ping_status":"open","sticky":false,"template":"","format":"standard","meta":{"_mi_skip_tracking":false,"_monsterinsights_sitenote_active":false,"_monsterinsights_sitenote_note":"","_monsterinsights_sitenote_category":0,"footnotes":""},"categories":[11,7],"tags":[15,591],"aioseo_notices":[],"_links":{"self":[{"href":"https:\/\/infonews.az\/index.php?rest_route=\/wp\/v2\/posts\/2576"}],"collection":[{"href":"https:\/\/infonews.az\/index.php?rest_route=\/wp\/v2\/posts"}],"about":[{"href":"https:\/\/infonews.az\/index.php?rest_route=\/wp\/v2\/types\/post"}],"author":[{"embeddable":true,"href":"https:\/\/infonews.az\/index.php?rest_route=\/wp\/v2\/users\/3"}],"replies":[{"embeddable":true,"href":"https:\/\/infonews.az\/index.php?rest_route=%2Fwp%2Fv2%2Fcomments&post=2576"}],"version-history":[{"count":4,"href":"https:\/\/infonews.az\/index.php?rest_route=\/wp\/v2\/posts\/2576\/revisions"}],"predecessor-version":[{"id":2599,"href":"https:\/\/infonews.az\/index.php?rest_route=\/wp\/v2\/posts\/2576\/revisions\/2599"}],"wp:featuredmedia":[{"embeddable":true,"href":"https:\/\/infonews.az\/index.php?rest_route=\/wp\/v2\/media\/2577"}],"wp:attachment":[{"href":"https:\/\/infonews.az\/index.php?rest_route=%2Fwp%2Fv2%2Fmedia&parent=2576"}],"wp:term":[{"taxonomy":"category","embeddable":true,"href":"https:\/\/infonews.az\/index.php?rest_route=%2Fwp%2Fv2%2Fcategories&post=2576"},{"taxonomy":"post_tag","embeddable":true,"href":"https:\/\/infonews.az\/index.php?rest_route=%2Fwp%2Fv2%2Ftags&post=2576"}],"curies":[{"name":"wp","href":"https:\/\/api.w.org\/{rel}","templated":true}]}}