{"id":25950,"date":"2022-09-28T17:28:26","date_gmt":"2022-09-28T13:28:26","guid":{"rendered":"https:\/\/infonews.az\/?p=25950"},"modified":"2022-09-28T20:03:30","modified_gmt":"2022-09-28T16:03:30","slug":"az%c9%99rbaycan-ordusu-q%c9%99zetinin-75-ci-sayi-buraxilib","status":"publish","type":"post","link":"https:\/\/infonews.az\/?p=25950","title":{"rendered":"&#8220;Az\u0259rbaycan Ordusu&#8221; q\u0259zetinin 75-ci say\u0131 burax\u0131l\u0131b"},"content":{"rendered":"<p><span style=\"color: #ffffff;\">&#8220;Az\u0259rbaycan Ordusu&#8221; q\u0259zetinin 75-ci say\u0131 burax\u0131l\u0131b<\/span><\/p>\n<p><span style=\"color: #000000;\"><strong>Bu bar\u0259d\u0259\u00a0<a href=\"https:\/\/infonews.az\/\">\u201c\u0130NFONEWS\u201d<\/a>-a M\u00fcdafi\u0259 Nazirliyind\u0259n m\u0259lumat verilib.<\/strong><\/span><\/p>\n<p style=\"text-align: center;\"><span style=\"color: #000000;\"><strong>V\u0259t\u0259n m\u00fcharib\u0259si \u015fanl\u0131 tariximizdir<\/strong><\/span><\/p>\n<p style=\"text-align: left;\"><span style=\"color: #000000;\">Tarixi g\u00fcnl\u0259rin d\u0259 k\u00f6vr\u0259klikl\u0259 an\u0131lan\u0131, h\u0259sr\u0259tl\u0259 g\u00f6zl\u0259nil\u0259ni olur. Torpaqlar\u0131m\u0131z\u0131n i\u015f\u011faldan azad edil\u0259c\u0259yi g\u00fcn bel\u0259 g\u00f6zl\u0259nilib. O g\u00fcn\u00fcn ba\u015flan\u011f\u0131c\u0131 oldu 2020-ci ilin 27 sentyabr\u0131<\/span><a href=\"https:\/\/mod.gov.az\/az\/pre\/42618.html\"><strong>&#8230;davam\u0131<\/strong><br \/>\n<\/a><\/p>\n<p style=\"text-align: center;\"><span style=\"color: #000000;\"><strong>\u201c\u00d6nc\u0259 V\u0259t\u0259n, sonra ana!\u201d &#8211; dey\u0259n \u015f\u0259hidimiz<\/strong><\/span><\/p>\n<p style=\"text-align: left;\"><span style=\"color: #000000;\">Pedaqoji f\u0259aliyy\u0259t\u0259 C\u0259m\u015fid Nax\u00e7\u0131vanski ad\u0131na H\u0259rbi Liseyd\u0259 Az\u0259rbaycan dili v\u0259 \u0259d\u0259biyyat m\u00fc\u0259llimi kimi ba\u015flam\u0131\u015fam. \u018fsas\u0131 \u00fcmummilli lider Heyd\u0259r \u018fliyev t\u0259r\u0259find\u0259n qoyulan bu liseyd\u0259 ilk d\u0259rsim 1 sentyabr 2002-ci il tarixind\u0259 olub<\/span><a href=\"https:\/\/mod.gov.az\/az\/pre\/42619.html\"><strong>&#8230;davam\u0131<\/strong><\/a><\/p>\n<p style=\"text-align: center;\"><span style=\"color: #000000;\"><strong>H\u0259mkarlar T\u0259\u015fkilat\u0131 hospitalda m\u00fcalic\u0259 alan yaral\u0131lara ba\u015f \u00e7\u0259kib<\/strong><\/span><\/p>\n<p style=\"text-align: left;\"><span style=\"color: #000000;\">\u0130kinci Qaraba\u011f m\u00fcharib\u0259si mahiyy\u0259ti etibaril\u0259 torpaqlar\u0131m\u0131z\u0131n i\u015f\u011faldan azad edilm\u0259si il\u0259 n\u0259tic\u0259l\u0259ndi. Az\u0259rbaycan Respublikas\u0131n\u0131n, Rusiya Federasiyas\u0131n\u0131n prezidentl\u0259ri v\u0259 Erm\u0259nistan\u0131n Ba\u015f\u00a0 naziri \u00fc\u00e7t\u0259r\u0259fli B\u0259yanat imzalad\u0131lar<\/span><a href=\"https:\/\/mod.gov.az\/az\/pre\/42620.html\"><strong>&#8230;davam\u0131<\/strong><\/a><\/p>\n<p><a href=\"https:\/\/mod.gov.az\/\/images\/pdf\/b1ca028ceb90bf6039f9da488d5d6758.pdf\"><strong>&#8220;Az\u0259rbaycan Ordusu&#8221; q\u0259zetinin tam variant\u0131<\/strong><\/a><\/p>\n","protected":false},"excerpt":{"rendered":"<p>&#8220;Az\u0259rbaycan Ordusu&#8221; q\u0259zetinin 75-ci say\u0131 burax\u0131l\u0131b Bu bar\u0259d\u0259\u00a0\u201c\u0130NFONEWS\u201d-a M\u00fcdafi\u0259 Nazirliyind\u0259n m\u0259lumat verilib. V\u0259t\u0259n m\u00fcharib\u0259si \u015fanl\u0131 tariximizdir Tarixi g\u00fcnl\u0259rin d\u0259 k\u00f6vr\u0259klikl\u0259 an\u0131lan\u0131, h\u0259sr\u0259tl\u0259 g\u00f6zl\u0259nil\u0259ni olur. Torpaqlar\u0131m\u0131z\u0131n i\u015f\u011faldan azad edil\u0259c\u0259yi g\u00fcn bel\u0259&hellip; <\/p>\n","protected":false},"author":3,"featured_media":16903,"comment_status":"open","ping_status":"open","sticky":false,"template":"","format":"standard","meta":{"_mi_skip_tracking":false,"_monsterinsights_sitenote_active":false,"_monsterinsights_sitenote_note":"","_monsterinsights_sitenote_category":0,"footnotes":""},"categories":[6664,11],"tags":[6064,4687],"aioseo_notices":[],"_links":{"self":[{"href":"https:\/\/infonews.az\/index.php?rest_route=\/wp\/v2\/posts\/25950"}],"collection":[{"href":"https:\/\/infonews.az\/index.php?rest_route=\/wp\/v2\/posts"}],"about":[{"href":"https:\/\/infonews.az\/index.php?rest_route=\/wp\/v2\/types\/post"}],"author":[{"embeddable":true,"href":"https:\/\/infonews.az\/index.php?rest_route=\/wp\/v2\/users\/3"}],"replies":[{"embeddable":true,"href":"https:\/\/infonews.az\/index.php?rest_route=%2Fwp%2Fv2%2Fcomments&post=25950"}],"version-history":[{"count":1,"href":"https:\/\/infonews.az\/index.php?rest_route=\/wp\/v2\/posts\/25950\/revisions"}],"predecessor-version":[{"id":25955,"href":"https:\/\/infonews.az\/index.php?rest_route=\/wp\/v2\/posts\/25950\/revisions\/25955"}],"wp:featuredmedia":[{"embeddable":true,"href":"https:\/\/infonews.az\/index.php?rest_route=\/wp\/v2\/media\/16903"}],"wp:attachment":[{"href":"https:\/\/infonews.az\/index.php?rest_route=%2Fwp%2Fv2%2Fmedia&parent=25950"}],"wp:term":[{"taxonomy":"category","embeddable":true,"href":"https:\/\/infonews.az\/index.php?rest_route=%2Fwp%2Fv2%2Fcategories&post=25950"},{"taxonomy":"post_tag","embeddable":true,"href":"https:\/\/infonews.az\/index.php?rest_route=%2Fwp%2Fv2%2Ftags&post=25950"}],"curies":[{"name":"wp","href":"https:\/\/api.w.org\/{rel}","templated":true}]}}