{"id":25962,"date":"2022-09-28T15:42:47","date_gmt":"2022-09-28T11:42:47","guid":{"rendered":"https:\/\/infonews.az\/?p=25962"},"modified":"2022-09-28T20:15:01","modified_gmt":"2022-09-28T16:15:01","slug":"s%c9%99hid-s%c9%99buhinin-qardasina-niy%c9%99-bir-otaqli-ev-t%c9%99klif-edilib","status":"publish","type":"post","link":"https:\/\/infonews.az\/?p=25962","title":{"rendered":"\u015e\u0259hid S\u0259buhinin qarda\u015f\u0131na niy\u0259 bir otaql\u0131 ev t\u0259klif edilib?"},"content":{"rendered":"<p><span style=\"color: #ffffff;\">\u015e\u0259hid S\u0259buhinin qarda\u015f\u0131na niy\u0259 bir otaql\u0131 ev t\u0259klif edilib?<\/span><\/p>\n<blockquote><p><span style=\"color: #000000;\"><strong>Sosial Xidm\u0259tl\u0259r Agentliyi \u015f\u0259hid S\u0259buhi \u018fhm\u0259dovun qarda\u015f\u0131 S\u0259nan \u018fhm\u0259dovun ona d\u00f6vl\u0259t t\u0259r\u0259find\u0259n t\u0259qdim edil\u0259n m\u0259nzild\u0259n imtina etm\u0259si il\u0259 ba\u011fl\u0131 m\u0259s\u0259l\u0259y\u0259 m\u00fcnasib\u0259t bildirib.<\/strong><\/span><\/p><\/blockquote>\n<p><span style=\"color: #000000;\"><a href=\"https:\/\/infonews.az\/\"><span style=\"color: #000080;\"><strong>&#8220;\u0130NFONEWS&#8221;<\/strong><\/span><\/a> x\u0259b\u0259r verir ki, Agentlikd\u0259n <strong>&#8220;Unikal&#8221;<\/strong>a veril\u0259n m\u0259lumata g\u00f6r\u0259, \u018fm\u0259k v\u0259 \u018fhalinin Sosial M\u00fcdafi\u0259si Nazirliyinin t\u0259\u015f\u0259bb\u00fcs\u00fc il\u0259 ona imtiyazl\u0131 \u015f\u0259xs kimi m\u0259nzilin verilm\u0259si \u00fc\u00e7\u00fcn bir ne\u00e7\u0259 d\u0259f\u0259 \u0259yani, bir ne\u00e7\u0259 d\u0259f\u0259 telefonla dan\u0131\u015f\u0131l\u0131b, qanunvericilik izah edilib:<\/span><\/p>\n<p><span style=\"color: #000000;\">\u201cS\u0259nana qanunvericilikd\u0259 \u015f\u0259hid ail\u0259si statusunun kiml\u0259r\u0259 \u015famil edildiyi, bu statusun hans\u0131 qurum t\u0259r\u0259find\u0259n verildiyi izah edilib. H\u0259m\u00e7inin h\u0259ssas qruplardan olan internat m\u0259zunlar\u0131n\u0131n m\u0259nzill\u0259 t\u0259min edilm\u0259si \u00fc\u00e7\u00fcn meyarlar haqq\u0131nda da onunla dan\u0131\u015f\u0131l\u0131b.<\/span><\/p>\n<p><span style=\"color: #000000;\">S\u0259nan\u0131n t\u0259lim v\u0259 t\u0259rbiy\u0259 ald\u0131\u011f\u0131 \u201cSOS U\u015faq K\u0259ndl\u0259ri \u2013 Az\u0259rbaycan\u201d Assosiasiyas\u0131 Nizamnam\u0259sin\u0259 g\u00f6r\u0259 valideyn himay\u0259sind\u0259n m\u0259hrum olmu\u015f u\u015faqlar \u00fc\u00e7\u00fcn m\u00fc\u0259ssis\u0259 statusunda deyil. Buna baxmayaraq d\u00f6vl\u0259tin qay\u011f\u0131s\u0131n\u0131n bir daha t\u0259zah\u00fcr\u00fc olaraq S\u0259nan Fuad o\u011flu \u018fhm\u0259dovun sosial-m\u0259i\u015f\u0259t \u015f\u0259raitinin yax\u015f\u0131la\u015fd\u0131r\u0131lmas\u0131 \u00fc\u00e7\u00fcn Nazirlik haz\u0131rda m\u00fcmk\u00fcn olan t\u0259klifi \u2013 sosial t\u0259r\u0259fda\u015f vasit\u0259sil\u0259 t\u0259qdim olunan 1 otaql\u0131 m\u0259nzili ona t\u0259klif edib.\u00a0S\u0259nan bundan imtina ed\u0259r\u0259k 2 otaql\u0131 m\u0259nzil ist\u0259diyini bildirib. S\u0259nana qanunvericiliyin t\u0259l\u0259bl\u0259ri bar\u0259d\u0259 bir daha \u0259trafl\u0131 m\u0259lumat verilib\u201d.<\/span><\/p>\n","protected":false},"excerpt":{"rendered":"<p>\u015e\u0259hid S\u0259buhinin qarda\u015f\u0131na niy\u0259 bir otaql\u0131 ev t\u0259klif edilib? Sosial Xidm\u0259tl\u0259r Agentliyi \u015f\u0259hid S\u0259buhi \u018fhm\u0259dovun qarda\u015f\u0131 S\u0259nan \u018fhm\u0259dovun ona d\u00f6vl\u0259t t\u0259r\u0259find\u0259n t\u0259qdim edil\u0259n m\u0259nzild\u0259n imtina etm\u0259si il\u0259 ba\u011fl\u0131 m\u0259s\u0259l\u0259y\u0259 m\u00fcnasib\u0259t&hellip; <\/p>\n","protected":false},"author":3,"featured_media":25963,"comment_status":"open","ping_status":"open","sticky":false,"template":"","format":"standard","meta":{"_mi_skip_tracking":false,"_monsterinsights_sitenote_active":false,"_monsterinsights_sitenote_note":"","_monsterinsights_sitenote_category":0,"footnotes":""},"categories":[5373,11],"tags":[5036,8411,8412,957],"aioseo_notices":[],"_links":{"self":[{"href":"https:\/\/infonews.az\/index.php?rest_route=\/wp\/v2\/posts\/25962"}],"collection":[{"href":"https:\/\/infonews.az\/index.php?rest_route=\/wp\/v2\/posts"}],"about":[{"href":"https:\/\/infonews.az\/index.php?rest_route=\/wp\/v2\/types\/post"}],"author":[{"embeddable":true,"href":"https:\/\/infonews.az\/index.php?rest_route=\/wp\/v2\/users\/3"}],"replies":[{"embeddable":true,"href":"https:\/\/infonews.az\/index.php?rest_route=%2Fwp%2Fv2%2Fcomments&post=25962"}],"version-history":[{"count":1,"href":"https:\/\/infonews.az\/index.php?rest_route=\/wp\/v2\/posts\/25962\/revisions"}],"predecessor-version":[{"id":25964,"href":"https:\/\/infonews.az\/index.php?rest_route=\/wp\/v2\/posts\/25962\/revisions\/25964"}],"wp:featuredmedia":[{"embeddable":true,"href":"https:\/\/infonews.az\/index.php?rest_route=\/wp\/v2\/media\/25963"}],"wp:attachment":[{"href":"https:\/\/infonews.az\/index.php?rest_route=%2Fwp%2Fv2%2Fmedia&parent=25962"}],"wp:term":[{"taxonomy":"category","embeddable":true,"href":"https:\/\/infonews.az\/index.php?rest_route=%2Fwp%2Fv2%2Fcategories&post=25962"},{"taxonomy":"post_tag","embeddable":true,"href":"https:\/\/infonews.az\/index.php?rest_route=%2Fwp%2Fv2%2Ftags&post=25962"}],"curies":[{"name":"wp","href":"https:\/\/api.w.org\/{rel}","templated":true}]}}