{"id":25982,"date":"2022-09-29T12:28:45","date_gmt":"2022-09-29T08:28:45","guid":{"rendered":"https:\/\/infonews.az\/?p=25982"},"modified":"2022-09-29T12:28:45","modified_gmt":"2022-09-29T08:28:45","slug":"unec-erasmus-plus-proqrami-uzr%c9%99-iki-layih%c9%99nin-qalibi-olub","status":"publish","type":"post","link":"https:\/\/infonews.az\/?p=25982","title":{"rendered":"UNEC Erasmus plus proqram\u0131 \u00fczr\u0259 iki layih\u0259nin qalibi olub"},"content":{"rendered":"<p><span style=\"color: #ffffff;\">UNEC Erasmus plus proqram\u0131 \u00fczr\u0259 iki layih\u0259nin qalibi olub<\/span><\/p>\n<blockquote><p><span style=\"color: #000000;\"><em><strong>UNEC Avropa komissiyas\u0131n\u0131n Erasmus+ proqram\u0131n\u0131n iki m\u00fcxt\u0259lif \u00e7a\u011f\u0131r\u0131\u015f\u0131 \u00fczr\u0259 koordinator olaraq &#8211; Erasmus+ KA2\u00a0(Capacity building in higher education) v\u0259\u00a0Jean Monnet modul proqram\u0131n\u0131n qalibi\u00a0olub.<\/strong><\/em><\/span><\/p><\/blockquote>\n<p><span style=\"color: #000000;\">Bu bar\u0259d\u0259\u00a0<a href=\"https:\/\/infonews.az\/\"><strong>\u201c\u0130NFONEWS\u201d<\/strong><\/a>-a Az\u0259rbaycan D\u00f6vl\u0259t \u0130qtisad Universitetinin (UNEC) \u0130ctimaiyy\u0259tl\u0259 \u018flaq\u0259l\u0259r \u015f\u00f6b\u0259sind\u0259n m\u0259lumat verilib.<\/span><\/p>\n<p><span style=\"color: #000000;\">UNEC-in qalib oldu\u011fu \u201cREFRESH\u201d layih\u0259si Az\u0259rbaycan universitetl\u0259rind\u0259 ya\u015f\u0131l v\u0259 davaml\u0131 iqtisadi t\u0259kmill\u0259\u015fdirm\u0259ni h\u0259d\u0259fl\u0259yir.\u00a0Layih\u0259d\u0259 Avropa\u00a0v\u0259\u00a0Az\u0259rbaycan universitetl\u0259ri\u00a0d\u0259\u00a0olmaqla 15 t\u0259r\u0259fda\u015f\u00a0i\u015ftirak edir.<\/span><\/p>\n<p><span style=\"color: #000000;\">UNEC eyni zamanda\u00a0\u201cDayan\u0131ql\u0131 Avropa \u00fc\u00e7\u00fcn R\u0259q\u0259msal Sahibkarl\u0131q Strategiyalar\u0131 (DigiShip)\u201d adl\u0131 Erasmus+ Jean Monnet modulunun da qalibi olub. Layih\u0259nin m\u0259qs\u0259di Avropa t\u0259cr\u00fcb\u0259si \u0259sas\u0131nda r\u0259q\u0259msal sahibkarl\u0131q f\u0259nninin t\u0259drisini t\u0259kmill\u0259\u015fdirilm\u0259kdir.<\/span><\/p>\n","protected":false},"excerpt":{"rendered":"<p>UNEC Erasmus plus proqram\u0131 \u00fczr\u0259 iki layih\u0259nin qalibi olub UNEC Avropa komissiyas\u0131n\u0131n Erasmus+ proqram\u0131n\u0131n iki m\u00fcxt\u0259lif \u00e7a\u011f\u0131r\u0131\u015f\u0131 \u00fczr\u0259 koordinator olaraq &#8211; Erasmus+ KA2\u00a0(Capacity building in higher education) v\u0259\u00a0Jean Monnet modul&hellip; <\/p>\n","protected":false},"author":3,"featured_media":25983,"comment_status":"open","ping_status":"open","sticky":false,"template":"","format":"standard","meta":{"_mi_skip_tracking":false,"_monsterinsights_sitenote_active":false,"_monsterinsights_sitenote_note":"","_monsterinsights_sitenote_category":0,"footnotes":""},"categories":[11,3],"tags":[47,8427,165,7452],"aioseo_notices":[],"_links":{"self":[{"href":"https:\/\/infonews.az\/index.php?rest_route=\/wp\/v2\/posts\/25982"}],"collection":[{"href":"https:\/\/infonews.az\/index.php?rest_route=\/wp\/v2\/posts"}],"about":[{"href":"https:\/\/infonews.az\/index.php?rest_route=\/wp\/v2\/types\/post"}],"author":[{"embeddable":true,"href":"https:\/\/infonews.az\/index.php?rest_route=\/wp\/v2\/users\/3"}],"replies":[{"embeddable":true,"href":"https:\/\/infonews.az\/index.php?rest_route=%2Fwp%2Fv2%2Fcomments&post=25982"}],"version-history":[{"count":1,"href":"https:\/\/infonews.az\/index.php?rest_route=\/wp\/v2\/posts\/25982\/revisions"}],"predecessor-version":[{"id":25984,"href":"https:\/\/infonews.az\/index.php?rest_route=\/wp\/v2\/posts\/25982\/revisions\/25984"}],"wp:featuredmedia":[{"embeddable":true,"href":"https:\/\/infonews.az\/index.php?rest_route=\/wp\/v2\/media\/25983"}],"wp:attachment":[{"href":"https:\/\/infonews.az\/index.php?rest_route=%2Fwp%2Fv2%2Fmedia&parent=25982"}],"wp:term":[{"taxonomy":"category","embeddable":true,"href":"https:\/\/infonews.az\/index.php?rest_route=%2Fwp%2Fv2%2Fcategories&post=25982"},{"taxonomy":"post_tag","embeddable":true,"href":"https:\/\/infonews.az\/index.php?rest_route=%2Fwp%2Fv2%2Ftags&post=25982"}],"curies":[{"name":"wp","href":"https:\/\/api.w.org\/{rel}","templated":true}]}}