{"id":2600,"date":"2021-01-19T22:25:57","date_gmt":"2021-01-19T18:25:57","guid":{"rendered":"https:\/\/infonews.az\/?p=2600"},"modified":"2021-01-19T22:25:57","modified_gmt":"2021-01-19T18:25:57","slug":"mdu-da-20-yanvar-faci%c9%99sinin-31-ci-ildonumun%c9%99-h%c9%99sr-olunmus-seminar-kecirilib","status":"publish","type":"post","link":"https:\/\/infonews.az\/?p=2600","title":{"rendered":"MDU-da 20 Yanvar faci\u0259sinin 31-ci ild\u00f6n\u00fcm\u00fcn\u0259 h\u0259sr olunmu\u015f seminar ke\u00e7irilib"},"content":{"rendered":"<h1 style=\"text-align: center;\"><strong>Ming\u0259\u00e7evir D\u00f6vl\u0259t Universitetind\u0259 20 Yanvar faci\u0259sinin otuz birinci ild\u00f6n\u00fcm\u00fcn\u0259 h\u0259sr olunmu\u015f seminar ke\u00e7irilib<\/strong><!--more--><\/h1>\n<p><img loading=\"lazy\" decoding=\"async\" class=\" wp-image-2601 aligncenter\" src=\"https:\/\/infonews.az\/wp-content\/uploads\/2021\/01\/1-2-300x159.png\" alt=\"\" width=\"472\" height=\"250\" srcset=\"https:\/\/infonews.az\/wp-content\/uploads\/2021\/01\/1-2-300x159.png 300w, https:\/\/infonews.az\/wp-content\/uploads\/2021\/01\/1-2-1024x543.png 1024w, https:\/\/infonews.az\/wp-content\/uploads\/2021\/01\/1-2-768x407.png 768w, https:\/\/infonews.az\/wp-content\/uploads\/2021\/01\/1-2.png 1366w\" sizes=\"(max-width: 472px) 100vw, 472px\" \/><\/p>\n<p>&nbsp;<\/p>\n<h4>2021-ci ilin 19 yanvar tarixind\u0259 Ming\u0259\u00e7evir D\u00f6vl\u0259t Universitetind\u0259 (MDU) \u00a020 Yanvar faci\u0259sinin otuz birinci ild\u00f6n\u00fcm\u00fcn\u0259 h\u0259sr olunmu\u015f seminar ke\u00e7irilib.<\/h4>\n<h4>\u00a0\u201cMicrosoft Teams\u201d platformas\u0131 \u00fcz\u0259rind\u0259n onlayn formatda t\u0259\u015fkil olunan t\u0259dbir 20 Yanvar \u015f\u0259hidl\u0259rinin \u0259ziz xatir\u0259sinin bir d\u0259qiq\u0259lik s\u00fckutla yad edilm\u0259si il\u0259 ba\u015flay\u0131b.<\/h4>\n<h4>MDU-dan veril\u0259n m\u0259lumata g\u00f6r\u0259, t\u0259dbiri giri\u015f s\u00f6z\u00fc il\u0259 a\u00e7an MDU-nun \u201cHumanitar f\u0259nl\u0259r\u201d kafedras\u0131n\u0131n m\u00fcdiri Esmira C\u0259f\u0259rova 20 Yanvar faci\u0259sini insanl\u0131\u011fa v\u0259 b\u0259\u015f\u0259riyy\u0259t\u0259 qar\u015f\u0131 t\u00f6r\u0259dilmi\u015f \u0259n amans\u0131z v\u0259 d\u0259h\u015f\u0259tli cinay\u0259tl\u0259rd\u0259n biri oldu\u011funu qeyd edib. Qanl\u0131 faci\u0259nin tarixi n\u0259tic\u0259l\u0259rind\u0259n b\u0259hs ed\u0259n E.C\u0259f\u0259rova 31 il bundan \u0259vv\u0259l Az\u0259rbaycan xalq\u0131n\u0131n \u0259srl\u0259r boyu q\u0259lbind\u0259 ya\u015fatd\u0131\u011f\u0131 milli azadl\u0131q v\u0259 istiqlal amal\u0131 u\u011frunda can\u0131ndan bel\u0259 ke\u00e7m\u0259y\u0259 haz\u0131r oldu\u011funu b\u00fct\u00fcn d\u00fcnyaya n\u00fcmayi\u015f etdirdiyini vur\u011fulay\u0131b. Minillikl\u0259rl\u0259 \u00f6l\u00e7\u00fcl\u0259n z\u0259ngin v\u0259 \u015f\u0259r\u0259fli tariximizin 20 Yanvar s\u0259hif\u0259sinin xalq\u0131m\u0131z\u0131n yadda\u015f\u0131nda \u0259b\u0259di ya\u015fayaca\u011f\u0131 qeyd edilib.<\/h4>\n<h4>Universitetin \u201cHumanitar f\u0259nl\u0259r\u201d kafedras\u0131n\u0131n ba\u015f m\u00fc\u0259llimi \u0130lham M\u0259mm\u0259dov \u201c20 Yanvar faci\u0259si Az\u0259rbaycan\u0131 m\u00fcst\u0259qilliy\u0259 aparan yolda xalq\u0131m\u0131z\u0131n \u015f\u0259r\u0259f v\u0259 q\u0259hr\u0259manl\u0131q salnam\u0259sidir\u201d m\u0259ruz\u0259si il\u0259 \u00e7\u0131x\u0131\u015f edib. M\u0259ruz\u0259d\u0259 d\u00f6vr\u00fcn siyasi m\u0259nz\u0259r\u0259si, sovet rejiminin v\u0259 m\u0259nfur erm\u0259ni dair\u0259l\u0259rin m\u0259kirli planlar\u0131, xalq\u0131m\u0131z\u0131n \u0259dal\u0259tsizliy\u0259 qar\u015f\u0131 v\u0259 milli azadl\u0131q u\u011frunda m\u00fcbariz\u0259si, m\u00fcst\u0259qilliy\u0259 ged\u0259n yol, dinc \u0259halimiz\u0259 qar\u015f\u0131 v\u0259h\u015fic\u0259sin\u0259 t\u00f6r\u0259dilmi\u015f terror aktlar\u0131 v\u0259 dig\u0259r m\u0259s\u0259l\u0259l\u0259r\u0259 toxunulub. Qeyd edilib ki, y\u00fczl\u0259rl\u0259 dinc \u0259halinin q\u0259tl\u0259 yetirilm\u0259si, a\u011f\u0131r yaralanmas\u0131 v\u0259 \u00f6m\u00fcrl\u00fck \u015fik\u0259st olmas\u0131 il\u0259 qan yadda\u015f\u0131m\u0131za \u00e7evril\u0259n 20 Yanvar faci\u0259sin\u0259, ilk d\u0259f\u0259 olaraq, ulu \u00f6nd\u0259r Heyd\u0259r \u018fliyevin t\u0259\u015f\u0259bb\u00fcs\u00fc v\u0259 r\u0259hb\u0259rliyi il\u0259 siyasi-h\u00fcquqi qiym\u0259t verilib.<\/h4>\n<h4>Sonda m\u0259ruz\u0259 \u0259traf\u0131nda m\u00fczakir\u0259l\u0259r apar\u0131l\u0131b, faci\u0259nin tarixi d\u0259rsl\u0259rind\u0259n, 20 Yanvar \u015f\u0259hidl\u0259rinin adlar\u0131n\u0131n \u0259b\u0259dil\u0259\u015fdirilm\u0259si v\u0259 onlar\u0131n \u0259ziz xatir\u0259sinin daim uca tutulmas\u0131 istiqam\u0259tind\u0259 g\u00f6r\u00fcl\u0259n i\u015fl\u0259rd\u0259n b\u0259hs edilib v\u0259 bir s\u0131ra n\u00fcanslar diqq\u0259t\u0259 \u00e7atd\u0131r\u0131l\u0131b.<\/h4>\n<h4>Qeyd ed\u0259k ki, MDU-nun professor-m\u00fc\u0259llim v\u0259 t\u0259l\u0259b\u0259 hey\u0259ti \u00fc\u00e7\u00fcn ke\u00e7iril\u0259n t\u0259dbir Az\u0259rbaycan Respublikas\u0131n\u0131n T\u0259hsil nazirinin m\u00fcvafiq \u0259mri il\u0259 t\u0259sdiq edilmi\u015f \u201c20 Yanvar faci\u0259sinin otuz birinci ild\u00f6n\u00fcm\u00fc il\u0259 ba\u011fl\u0131 T\u0259hsil Nazirliyinin T\u0259dbirl\u0259r Plan\u0131\u201d \u00e7\u0259r\u00e7iv\u0259sind\u0259 t\u0259\u015fkil edilib.<\/h4>\n","protected":false},"excerpt":{"rendered":"<p>2021-ci ilin 19 yanvar tarixind\u0259 Ming\u0259\u00e7evir D\u00f6vl\u0259t Universitetind\u0259 (MDU) \u00a020 Yanvar faci\u0259sinin otuz birinci ild\u00f6n\u00fcm\u00fcn\u0259 h\u0259sr olunmu\u015f seminar ke\u00e7irilib.<br \/>\n\u00a0\u201cMicrosoft Teams\u201d platformas\u0131 \u00fcz\u0259rind\u0259n onlayn formatda t\u0259\u015fkil olunan t\u0259dbir 20 Yanvar \u015f\u0259hidl\u0259rinin \u0259ziz xatir\u0259sinin bir d\u0259qiq\u0259lik s\u00fckutla yad edilm\u0259si il\u0259 ba\u015flay\u0131b.<\/p>\n","protected":false},"author":3,"featured_media":2601,"comment_status":"open","ping_status":"open","sticky":false,"template":"","format":"standard","meta":{"_mi_skip_tracking":false,"_monsterinsights_sitenote_active":false,"_monsterinsights_sitenote_note":"","_monsterinsights_sitenote_category":0,"footnotes":""},"categories":[4,5,11,3],"tags":[590,594,596,595,116,117,593],"aioseo_notices":[],"_links":{"self":[{"href":"https:\/\/infonews.az\/index.php?rest_route=\/wp\/v2\/posts\/2600"}],"collection":[{"href":"https:\/\/infonews.az\/index.php?rest_route=\/wp\/v2\/posts"}],"about":[{"href":"https:\/\/infonews.az\/index.php?rest_route=\/wp\/v2\/types\/post"}],"author":[{"embeddable":true,"href":"https:\/\/infonews.az\/index.php?rest_route=\/wp\/v2\/users\/3"}],"replies":[{"embeddable":true,"href":"https:\/\/infonews.az\/index.php?rest_route=%2Fwp%2Fv2%2Fcomments&post=2600"}],"version-history":[{"count":1,"href":"https:\/\/infonews.az\/index.php?rest_route=\/wp\/v2\/posts\/2600\/revisions"}],"predecessor-version":[{"id":2602,"href":"https:\/\/infonews.az\/index.php?rest_route=\/wp\/v2\/posts\/2600\/revisions\/2602"}],"wp:featuredmedia":[{"embeddable":true,"href":"https:\/\/infonews.az\/index.php?rest_route=\/wp\/v2\/media\/2601"}],"wp:attachment":[{"href":"https:\/\/infonews.az\/index.php?rest_route=%2Fwp%2Fv2%2Fmedia&parent=2600"}],"wp:term":[{"taxonomy":"category","embeddable":true,"href":"https:\/\/infonews.az\/index.php?rest_route=%2Fwp%2Fv2%2Fcategories&post=2600"},{"taxonomy":"post_tag","embeddable":true,"href":"https:\/\/infonews.az\/index.php?rest_route=%2Fwp%2Fv2%2Ftags&post=2600"}],"curies":[{"name":"wp","href":"https:\/\/api.w.org\/{rel}","templated":true}]}}