{"id":26039,"date":"2022-09-29T20:54:33","date_gmt":"2022-09-29T16:54:33","guid":{"rendered":"https:\/\/infonews.az\/?p=26039"},"modified":"2022-09-29T20:54:33","modified_gmt":"2022-09-29T16:54:33","slug":"hulusi-akar-turkiy%c9%99-daim-az%c9%99rbaycanin-yanindadir","status":"publish","type":"post","link":"https:\/\/infonews.az\/?p=26039","title":{"rendered":"Hulusi Akar: &#8220;T\u00fcrkiy\u0259 daim Az\u0259rbaycan\u0131n yan\u0131ndad\u0131r&#8221;"},"content":{"rendered":"<p><span style=\"color: #ffffff\">Hulusi Akar: &#8220;T\u00fcrkiy\u0259 daim Az\u0259rbaycan\u0131n yan\u0131ndad\u0131r&#8221;<\/span><\/p>\n<blockquote><p><strong>\u201cT\u00fcrkiy\u0259 daim Az\u0259rbaycan\u0131n, Liviyan\u0131n yan\u0131ndad\u0131r\u201d.<\/strong><\/p><\/blockquote>\n<p><strong><a href=\"http:\/\/\u0130NFONEWS\">\u0130NFONEWS<\/a><\/strong>\u00a0x\u0259b\u0259r verir ki, bunu T\u00fcrkiy\u0259nin milli m\u00fcdafi\u0259 naziri Hulusi Akar deyib.<\/p>\n<p>O bildirib ki, T\u00fcrkiy\u0259 ordusunun terrorla m\u00fcbariz\u0259si u\u011furla davam edir: \u201cDayanmaq yoxdur. D\u0259nizd\u0259, havada, quruda m\u00fcbariz\u0259 davam edir\u201d.<\/p>\n<p>H.Akar T\u00fcrkiy\u0259nin b\u00fct\u00fcn qon\u015fular\u0131n\u0131n \u0259razi b\u00fct\u00f6vl\u00fcy\u00fcn\u0259 h\u00f6rm\u0259t etdiyini s\u00f6yl\u0259yib: \u201cBizim kimins\u0259 torpa\u011f\u0131nda g\u00f6z\u00fcm\u00fcz yoxdur\u201d.<\/p>\n<p>\u201cHarada terro\u00e7u varsa, ora bizim h\u0259d\u0259fimizdir. \u201cP\u0259n\u00e7\u0259 Kilid\u201d \u0259m\u0259liyyat\u0131 u\u011furla davam edir. B\u00fct\u00fcn ma\u011faralar bir-bir t\u0259mizl\u0259nir. Biz \u00e7al\u0131\u015f\u0131r\u0131q ki, m\u00fclki \u0259haliy\u0259, tarixi abid\u0259l\u0259r\u0259 z\u0259r\u0259r d\u0259ym\u0259sin\u201d, &#8211; milli m\u00fcdafi\u0259 naziri vur\u011fulay\u0131b.<\/p>\n<p>&nbsp;<\/p>\n<p>\u018fziz\u0259 \u018fliyeva<\/p>\n<p>\u00a9 Materiallardan istifad\u0259 ed\u0259rk\u0259n hiperlinkl\u0259 istinad olunmal\u0131d\u0131r<\/p>\n<p><strong><a href=\"http:\/\/\u0130NFONEWS\">\u0130NFONEWS<\/a><\/strong><\/p>\n","protected":false},"excerpt":{"rendered":"<p>Hulusi Akar: &#8220;T\u00fcrkiy\u0259 daim Az\u0259rbaycan\u0131n yan\u0131ndad\u0131r&#8221; \u201cT\u00fcrkiy\u0259 daim Az\u0259rbaycan\u0131n, Liviyan\u0131n yan\u0131ndad\u0131r\u201d. \u0130NFONEWS\u00a0x\u0259b\u0259r verir ki, bunu T\u00fcrkiy\u0259nin milli m\u00fcdafi\u0259 naziri Hulusi Akar deyib. O bildirib ki, T\u00fcrkiy\u0259 ordusunun terrorla m\u00fcbariz\u0259si u\u011furla&hellip; <\/p>\n","protected":false},"author":14,"featured_media":26040,"comment_status":"open","ping_status":"open","sticky":false,"template":"","format":"standard","meta":{"_mi_skip_tracking":false,"_monsterinsights_sitenote_active":false,"_monsterinsights_sitenote_note":"","_monsterinsights_sitenote_category":0,"footnotes":""},"categories":[9,4632,6556,6,11],"tags":[8452,8449,8450,8451,13,7854,3230,15,12],"aioseo_notices":[],"_links":{"self":[{"href":"https:\/\/infonews.az\/index.php?rest_route=\/wp\/v2\/posts\/26039"}],"collection":[{"href":"https:\/\/infonews.az\/index.php?rest_route=\/wp\/v2\/posts"}],"about":[{"href":"https:\/\/infonews.az\/index.php?rest_route=\/wp\/v2\/types\/post"}],"author":[{"embeddable":true,"href":"https:\/\/infonews.az\/index.php?rest_route=\/wp\/v2\/users\/14"}],"replies":[{"embeddable":true,"href":"https:\/\/infonews.az\/index.php?rest_route=%2Fwp%2Fv2%2Fcomments&post=26039"}],"version-history":[{"count":1,"href":"https:\/\/infonews.az\/index.php?rest_route=\/wp\/v2\/posts\/26039\/revisions"}],"predecessor-version":[{"id":26041,"href":"https:\/\/infonews.az\/index.php?rest_route=\/wp\/v2\/posts\/26039\/revisions\/26041"}],"wp:featuredmedia":[{"embeddable":true,"href":"https:\/\/infonews.az\/index.php?rest_route=\/wp\/v2\/media\/26040"}],"wp:attachment":[{"href":"https:\/\/infonews.az\/index.php?rest_route=%2Fwp%2Fv2%2Fmedia&parent=26039"}],"wp:term":[{"taxonomy":"category","embeddable":true,"href":"https:\/\/infonews.az\/index.php?rest_route=%2Fwp%2Fv2%2Fcategories&post=26039"},{"taxonomy":"post_tag","embeddable":true,"href":"https:\/\/infonews.az\/index.php?rest_route=%2Fwp%2Fv2%2Ftags&post=26039"}],"curies":[{"name":"wp","href":"https:\/\/api.w.org\/{rel}","templated":true}]}}