{"id":26181,"date":"2022-10-05T11:21:07","date_gmt":"2022-10-05T07:21:07","guid":{"rendered":"https:\/\/infonews.az\/?p=26181"},"modified":"2022-10-05T11:21:07","modified_gmt":"2022-10-05T07:21:07","slug":"bakida-avropa-g%c9%99ncl%c9%99r-ili-c%c9%99rciv%c9%99sind%c9%99-t%c9%99dbirl%c9%99r-keciril%c9%99c%c9%99k","status":"publish","type":"post","link":"https:\/\/infonews.az\/?p=26181","title":{"rendered":"Bak\u0131da Avropa G\u0259ncl\u0259r \u0130li \u00e7\u0259r\u00e7iv\u0259sind\u0259 t\u0259dbirl\u0259r ke\u00e7iril\u0259c\u0259k"},"content":{"rendered":"<p>\u201cAvropa \u0130ttifaq\u0131n\u0131n (A\u0130) Az\u0259rbaycandak\u0131 N\u00fcmay\u0259nd\u0259liyi Avropa G\u0259ncl\u0259r \u0130li il\u0259 ba\u011fl\u0131 kampaniyaya ba\u015flay\u0131r\u201d.<\/p>\n<p><a href=\"https:\/\/infonews.az\/?p=26181\">&#8220;\u0130NFONEWS.AZ&#8221;<\/a> x\u0259b\u0259r verir ki, bunu A\u0130-nin Az\u0259rbaycandak\u0131 n\u00fcmay\u0259nd\u0259liyinin r\u0259hb\u0259ri, s\u0259fir Peter Mixalko m\u0259tbuat konfrans\u0131nda deyib.<\/p>\n<p>O bildirib ki, A\u0130 bu ili g\u0259ncl\u0259rin koronavirus pandemiyas\u0131 zaman\u0131 \u00fczl\u0259\u015fdiyi probleml\u0259r\u0259 g\u00f6r\u0259 G\u0259ncl\u0259r \u0130li elan edib: \u201c\u0130st\u0259yirik ki, Az\u0259rbaycan g\u0259ncl\u0259ri A\u0130-nin bu istiqam\u0259td\u0259ki f\u0259aliyy\u0259ti bar\u0259d\u0259 m\u0259lumatl\u0131 olsunlar. M\u0259qs\u0259dimiz h\u00f6kum\u0259t, t\u0259hsil m\u00fc\u0259ssis\u0259l\u0259ri v\u0259 v\u0259t\u0259nda\u015f c\u0259miyy\u0259ti il\u0259 \u0259m\u0259kda\u015fl\u0131\u011f\u0131 inki\u015faf etdirm\u0259kdir. \u0130ndi bununla ba\u011fl\u0131 canlanma oldu\u011funa g\u00f6r\u0259 f\u0259xr edirik: getdikc\u0259 daha \u00e7ox m\u00fc\u0259llim v\u0259 t\u0259l\u0259b\u0259 <a href=\"https:\/\/erasmus-plus.ec.europa.eu\/\">\u201cErasmus+\u201d<\/a> layih\u0259l\u0259rind\u0259 i\u015ftirak edir. Bu il m\u00fcraci\u0259tl\u0259rin say\u0131nda art\u0131m m\u00fc\u015fahid\u0259 edirik. \u00dcst\u0259lik, Az\u0259rbaycanda 664 m\u0259kt\u0259b \u201cEU Tw\u0131nn\u0131ng\u201d proqram\u0131ndan yararlan\u0131b.<\/p>\n<p>S\u0259firin s\u00f6zl\u0259rin\u0259 g\u00f6r\u0259, Avropa G\u0259ncl\u0259r \u0130li \u00e7\u0259r\u00e7iv\u0259sind\u0259 yax\u0131n h\u0259ft\u0259l\u0259rd\u0259 Bak\u0131da bir s\u0131ra t\u0259dbirl\u0259rin ke\u00e7irilm\u0259si planla\u015fd\u0131r\u0131l\u0131r v\u0259 bu kampaniya oktyabr\u0131n 28-d\u0259 ba\u015fa \u00e7atacaq.<\/p>\n","protected":false},"excerpt":{"rendered":"<p>\u201cAvropa \u0130ttifaq\u0131n\u0131n (A\u0130) Az\u0259rbaycandak\u0131 N\u00fcmay\u0259nd\u0259liyi Avropa G\u0259ncl\u0259r \u0130li il\u0259 ba\u011fl\u0131 kampaniyaya ba\u015flay\u0131r\u201d. &#8220;\u0130NFONEWS.AZ&#8221; x\u0259b\u0259r verir ki, bunu A\u0130-nin Az\u0259rbaycandak\u0131 n\u00fcmay\u0259nd\u0259liyinin r\u0259hb\u0259ri, s\u0259fir Peter Mixalko m\u0259tbuat konfrans\u0131nda deyib. O bildirib ki,&hellip; <\/p>\n","protected":false},"author":14,"featured_media":26182,"comment_status":"open","ping_status":"open","sticky":false,"template":"","format":"standard","meta":{"_mi_skip_tracking":false,"_monsterinsights_sitenote_active":false,"_monsterinsights_sitenote_note":"","_monsterinsights_sitenote_category":0,"footnotes":""},"categories":[11,3],"tags":[1043,8508,7903,8427,15],"aioseo_notices":[],"_links":{"self":[{"href":"https:\/\/infonews.az\/index.php?rest_route=\/wp\/v2\/posts\/26181"}],"collection":[{"href":"https:\/\/infonews.az\/index.php?rest_route=\/wp\/v2\/posts"}],"about":[{"href":"https:\/\/infonews.az\/index.php?rest_route=\/wp\/v2\/types\/post"}],"author":[{"embeddable":true,"href":"https:\/\/infonews.az\/index.php?rest_route=\/wp\/v2\/users\/14"}],"replies":[{"embeddable":true,"href":"https:\/\/infonews.az\/index.php?rest_route=%2Fwp%2Fv2%2Fcomments&post=26181"}],"version-history":[{"count":1,"href":"https:\/\/infonews.az\/index.php?rest_route=\/wp\/v2\/posts\/26181\/revisions"}],"predecessor-version":[{"id":26183,"href":"https:\/\/infonews.az\/index.php?rest_route=\/wp\/v2\/posts\/26181\/revisions\/26183"}],"wp:featuredmedia":[{"embeddable":true,"href":"https:\/\/infonews.az\/index.php?rest_route=\/wp\/v2\/media\/26182"}],"wp:attachment":[{"href":"https:\/\/infonews.az\/index.php?rest_route=%2Fwp%2Fv2%2Fmedia&parent=26181"}],"wp:term":[{"taxonomy":"category","embeddable":true,"href":"https:\/\/infonews.az\/index.php?rest_route=%2Fwp%2Fv2%2Fcategories&post=26181"},{"taxonomy":"post_tag","embeddable":true,"href":"https:\/\/infonews.az\/index.php?rest_route=%2Fwp%2Fv2%2Ftags&post=26181"}],"curies":[{"name":"wp","href":"https:\/\/api.w.org\/{rel}","templated":true}]}}