{"id":2619,"date":"2021-01-20T12:32:46","date_gmt":"2021-01-20T08:32:46","guid":{"rendered":"https:\/\/infonews.az\/?p=2619"},"modified":"2021-01-20T20:22:01","modified_gmt":"2021-01-20T16:22:01","slug":"20-yanvar-s%c9%99hidl%c9%99ri-z%c9%99f%c9%99rimizin-t%c9%99m%c9%99li-oldu","status":"publish","type":"post","link":"https:\/\/infonews.az\/?p=2619","title":{"rendered":"20 Yanvar \u015f\u0259hidl\u0259ri Z\u0259f\u0259rimizin t\u0259m\u0259li oldu"},"content":{"rendered":"<blockquote><p><em><strong>UNEC-in Yarad\u0131c\u0131l\u0131q M\u0259rk\u0259zinin t\u0259\u015fkila\u015f\u0131l\u0131\u011f\u0131 il\u0259 \u201c20 Yanvar \u015e\u0259hidl\u0259ri Z\u0259f\u0259rimizin t\u0259m\u0259li oldu\u201d adl\u0131 t\u0259dbir ke\u00e7irilib.<\/strong><\/em><\/p><\/blockquote>\n<p><a href=\"https:\/\/infonews.az\/?p=2619\"><span style=\"color: #ff0000;\"><strong>&#8220;\u0130NFONEWS&#8221;<\/strong><\/span><\/a> x\u0259b\u0259r verir ki, t\u0259dbird\u0259 Yarad\u0131c\u0131l\u0131q M\u0259rk\u0259zinin direktoru Elman C\u0259f\u0259rov 1990-c\u0131 ild\u0259 \u00f6z suverenliyini \u0259ld\u0259 etm\u0259k \u00fc\u00e7\u00fcn aya\u011fa qalxan dinc, \u0259liyal\u0131n \u0259haliy\u0259 qar\u015f\u0131 t\u00f6r\u0259dil\u0259n q\u0259tliamdan, h\u0259m\u00e7inin bu qanl\u0131 cinay\u0259tin xalq\u0131m\u0131z\u0131n azadl\u0131q e\u015fqini s\u00f6nd\u00fcr\u0259 bilm\u0259m\u0259sind\u0259n b\u0259hs edib.<\/p>\n<p>UNEC-in 24\/7 Kitabxanas\u0131n\u0131n m\u00fcdiri Arzu M\u0259mm\u0259dova 20 Yanvar\u0131n xalq\u0131m\u0131z\u0131n h\u0259m h\u00fczn g\u00fcn\u00fc, h\u0259m d\u0259 milli birlik, v\u0259t\u0259np\u0259rv\u0259rlik, el\u0259c\u0259 d\u0259 m\u00fcst\u0259qillik u\u011frunda apard\u0131\u011f\u0131 m\u00fcbariz\u0259nin tarixi g\u00fcn\u00fc olmas\u0131n\u0131 vur\u011fulay\u0131b. Kitabxanan\u0131n h\u0259r zaman 20 Yanvar v\u0259 xalq\u0131m\u0131z\u0131n b\u00fct\u00fcn an\u0131m g\u00fcnl\u0259rinin unudulmamas\u0131 v\u0259 t\u0259bli\u011fi istiqam\u0259tind\u0259 maarifl\u0259ndirici t\u0259dbirl\u0259r ke\u00e7irdiyini bildirib.<\/p>\n<p>UNEC magistr\u0131, Yarad\u0131c\u0131l\u0131q M\u0259rk\u0259zinin \u00fczv\u00fc Aslan \u018fzimzad\u0259 babas\u0131 &#8211; 20 Yanvar \u015f\u0259hidi Aslan A\u011faverdiyev haqq\u0131nda s\u00f6hb\u0259t a\u00e7araq, onunla ba\u011fl\u0131 xatir\u0259l\u0259rini b\u00f6l\u00fc\u015f\u00fcb, h\u0259m\u00e7inin \u015f\u0259hid ail\u0259l\u0259rin\u0259 d\u00f6vl\u0259t qay\u011f\u0131s\u0131ndan dan\u0131\u015f\u0131b.<\/p>\n<p>UNEC \u0130qtisad\u00e7\u0131 V\u0259t\u0259np\u0259rv\u0259rl\u0259r T\u0259\u015fkilat\u0131n\u0131n s\u0259dri Yusif C\u0259f\u0259rb\u0259yli, UNEC K\u00f6n\u00fcll\u00fcl\u0259ri T\u0259\u015fkilat\u0131n\u0131n s\u0259dri Orxan V\u0259liyev, Radio UNEC-in t\u0259l\u0259b\u0259-redaktoru Cabbar C\u0259lilov 20 yanvar hadis\u0259l\u0259ri il\u0259 ba\u011fl\u0131 \u00e7\u0131x\u0131\u015flar edibl\u0259r.<\/p>\n<p>Sonda t\u0259dbir i\u015ftirak\u00e7\u0131lar\u0131na UNEC-in 24\/7 Kitabxanas\u0131n\u0131n t\u0259\u015fkilat\u00e7\u0131l\u0131\u011f\u0131 v\u0259 Yarad\u0131c\u0131l\u0131q M\u0259rk\u0259zinin d\u0259st\u0259yi il\u0259 \u0259rs\u0259y\u0259 g\u0259l\u0259n\u00a0<a href=\"https:\/\/youtu.be\/_M7aMZbJRRg\">\u201cKitablar 20 Yanvardan dan\u0131\u015fanda\u201d<\/a>\u00a0video-\u00e7arx\u0131 n\u00fcmayi\u015f etdirilib.<\/p>\n<div class=\"wonderplugin-video\" style=\"width:600px;height:400px;position:relative;display:block;background-color:#000;overflow:hidden;max-width:100%;margin:0 auto;\" data-aspectratio=\"1.5\"><iframe loading=\"lazy\" class=\"wpve-iframe\" width=\"100%\" height=\"100%\" src=\"https:\/\/www.youtube.com\/embed\/watch?reload=9\" frameborder=\"0\" allowfullscreen><\/iframe><\/div>\n<p><img loading=\"lazy\" decoding=\"async\" class=\"alignnone size-full wp-image-2622\" src=\"https:\/\/infonews.az\/wp-content\/uploads\/2021\/01\/unec2-1.jpg\" alt=\"\" width=\"360\" height=\"607\" srcset=\"https:\/\/infonews.az\/wp-content\/uploads\/2021\/01\/unec2-1.jpg 360w, https:\/\/infonews.az\/wp-content\/uploads\/2021\/01\/unec2-1-178x300.jpg 178w\" sizes=\"(max-width: 360px) 100vw, 360px\" \/><\/p>\n","protected":false},"excerpt":{"rendered":"<p>UNEC-in Yarad\u0131c\u0131l\u0131q M\u0259rk\u0259zinin t\u0259\u015fkila\u015f\u0131l\u0131\u011f\u0131 il\u0259 \u201c20 Yanvar \u015e\u0259hidl\u0259ri Z\u0259f\u0259rimizin t\u0259m\u0259li oldu\u201d adl\u0131 t\u0259dbir ke\u00e7irilib. &#8220;\u0130NFONEWS&#8221; x\u0259b\u0259r verir ki, t\u0259dbird\u0259 Yarad\u0131c\u0131l\u0131q M\u0259rk\u0259zinin direktoru Elman C\u0259f\u0259rov 1990-c\u0131 ild\u0259 \u00f6z suverenliyini \u0259ld\u0259 etm\u0259k&hellip; <\/p>\n","protected":false},"author":3,"featured_media":2620,"comment_status":"open","ping_status":"open","sticky":false,"template":"","format":"standard","meta":{"_mi_skip_tracking":false,"_monsterinsights_sitenote_active":false,"_monsterinsights_sitenote_note":"","_monsterinsights_sitenote_category":0,"footnotes":""},"categories":[11,3],"tags":[590,47],"aioseo_notices":[],"_links":{"self":[{"href":"https:\/\/infonews.az\/index.php?rest_route=\/wp\/v2\/posts\/2619"}],"collection":[{"href":"https:\/\/infonews.az\/index.php?rest_route=\/wp\/v2\/posts"}],"about":[{"href":"https:\/\/infonews.az\/index.php?rest_route=\/wp\/v2\/types\/post"}],"author":[{"embeddable":true,"href":"https:\/\/infonews.az\/index.php?rest_route=\/wp\/v2\/users\/3"}],"replies":[{"embeddable":true,"href":"https:\/\/infonews.az\/index.php?rest_route=%2Fwp%2Fv2%2Fcomments&post=2619"}],"version-history":[{"count":1,"href":"https:\/\/infonews.az\/index.php?rest_route=\/wp\/v2\/posts\/2619\/revisions"}],"predecessor-version":[{"id":2623,"href":"https:\/\/infonews.az\/index.php?rest_route=\/wp\/v2\/posts\/2619\/revisions\/2623"}],"wp:featuredmedia":[{"embeddable":true,"href":"https:\/\/infonews.az\/index.php?rest_route=\/wp\/v2\/media\/2620"}],"wp:attachment":[{"href":"https:\/\/infonews.az\/index.php?rest_route=%2Fwp%2Fv2%2Fmedia&parent=2619"}],"wp:term":[{"taxonomy":"category","embeddable":true,"href":"https:\/\/infonews.az\/index.php?rest_route=%2Fwp%2Fv2%2Fcategories&post=2619"},{"taxonomy":"post_tag","embeddable":true,"href":"https:\/\/infonews.az\/index.php?rest_route=%2Fwp%2Fv2%2Ftags&post=2619"}],"curies":[{"name":"wp","href":"https:\/\/api.w.org\/{rel}","templated":true}]}}