{"id":26208,"date":"2022-10-06T11:00:34","date_gmt":"2022-10-06T07:00:34","guid":{"rendered":"https:\/\/infonews.az\/?p=26208"},"modified":"2022-10-06T20:55:00","modified_gmt":"2022-10-06T16:55:00","slug":"%c9%99liyev-%c9%99rdogan-v%c9%99-pasinyan-praqada-birg%c9%99-muzakir%c9%99-apariblar","status":"publish","type":"post","link":"https:\/\/infonews.az\/?p=26208","title":{"rendered":"\u018fliyev, \u018frdo\u011fan v\u0259 Pa\u015finyan Praqada\u00a0birg\u0259 m\u00fczakir\u0259 apar\u0131blar"},"content":{"rendered":"<p><span style=\"color: #ffffff\">\u018fliyev, \u018frdo\u011fan v\u0259 Pa\u015finyan Praqada\u00a0birg\u0259 m\u00fczakir\u0259 apar\u0131blar<\/span><\/p>\n<blockquote><p><strong>\u00c7exiyan\u0131n paytaxt\u0131 Praqa \u015f\u0259h\u0259rind\u0259 ke\u00e7iril\u0259n Avropa Siyasi Birliyi liderl\u0259rinin sammiti \u00e7\u0259r\u00e7iv\u0259sind\u0259 Az\u0259rbaycan Prezidenti \u0130lham \u018fliyev, T\u00fcrkiy\u0259 Prezidenti R\u0259c\u0259b Tayyib \u018frdo\u011fan v\u0259 Erm\u0259nistan Ba\u015f naziri Nikol Pa\u015finyan masa arxas\u0131nda birg\u0259 m\u00fczakir\u0259 apar\u0131blar.<\/strong><\/p><\/blockquote>\n<p><strong><a href=\"http:\/\/\u0130NFONEWS\">\u0130NFONEWS<\/a><\/strong>-un x\u0259b\u0259rin\u0259 g\u00f6r\u0259, liderl\u0259rin m\u00fczakir\u0259sin\u0259 Fransa Prezidenti Emmanuel Makron v\u0259 Macar\u0131stan\u0131n Ba\u015f naziri Viktor Orban da qo\u015fulub.<\/p>\n<p>Habel\u0259, \u018frdo\u011fan v\u0259 Pa\u015finyan ayr\u0131ca s\u00f6hb\u0259t edibl\u0259r.<\/p>\n<p>Qeyd ed\u0259k ki, bu g\u00fcn sammit \u00e7\u0259r\u00e7iv\u0259sind\u0259 Az\u0259rbaycan Prezidenti \u0130lham \u018fliyevl\u0259 Avropa \u0130ttifaq\u0131 \u015euras\u0131n\u0131n Prezidenti \u015earl Mi\u015fel aras\u0131nda ikit\u0259r\u0259fli g\u00f6r\u00fc\u015f ke\u00e7irilib. \u015e.Mi\u015felin i\u015ftirak\u0131 il\u0259 Prezident \u0130lham \u018fliyevl\u0259 Nikol Pa\u015finyan\u0131n g\u00f6r\u00fc\u015f\u00fc n\u0259z\u0259rd\u0259 tutulub. Bundan ba\u015fqa, \u018frdo\u011fanla Pa\u015finyan\u0131n ikit\u0259r\u0259fli g\u00f6r\u00fc\u015f\u00fc d\u0259 planla\u015fd\u0131r\u0131l\u0131b.<\/p>\n<p>&nbsp;<\/p>\n<p>\u018fziz\u0259 \u018fliyeva<\/p>\n<p>\u00a9 Materiallardan istifad\u0259 ed\u0259rk\u0259n hiperlinkl\u0259 istinad olunmal\u0131d\u0131r<\/p>\n<p><strong><a href=\"http:\/\/\u0130NFONEWS\">\u0130NFONEWS<\/a><\/strong><\/p>\n","protected":false},"excerpt":{"rendered":"<p>\u018fliyev, \u018frdo\u011fan v\u0259 Pa\u015finyan Praqada\u00a0birg\u0259 m\u00fczakir\u0259 apar\u0131blar \u00c7exiyan\u0131n paytaxt\u0131 Praqa \u015f\u0259h\u0259rind\u0259 ke\u00e7iril\u0259n Avropa Siyasi Birliyi liderl\u0259rinin sammiti \u00e7\u0259r\u00e7iv\u0259sind\u0259 Az\u0259rbaycan Prezidenti \u0130lham \u018fliyev, T\u00fcrkiy\u0259 Prezidenti R\u0259c\u0259b Tayyib \u018frdo\u011fan v\u0259 Erm\u0259nistan Ba\u015f&hellip; <\/p>\n","protected":false},"author":14,"featured_media":26209,"comment_status":"open","ping_status":"open","sticky":false,"template":"","format":"standard","meta":{"_mi_skip_tracking":false,"_monsterinsights_sitenote_active":false,"_monsterinsights_sitenote_note":"","_monsterinsights_sitenote_category":0,"footnotes":""},"categories":[4,6],"tags":[8518,8519,8520,6736,319,20,15,695,4491,92,6508],"aioseo_notices":[],"_links":{"self":[{"href":"https:\/\/infonews.az\/index.php?rest_route=\/wp\/v2\/posts\/26208"}],"collection":[{"href":"https:\/\/infonews.az\/index.php?rest_route=\/wp\/v2\/posts"}],"about":[{"href":"https:\/\/infonews.az\/index.php?rest_route=\/wp\/v2\/types\/post"}],"author":[{"embeddable":true,"href":"https:\/\/infonews.az\/index.php?rest_route=\/wp\/v2\/users\/14"}],"replies":[{"embeddable":true,"href":"https:\/\/infonews.az\/index.php?rest_route=%2Fwp%2Fv2%2Fcomments&post=26208"}],"version-history":[{"count":1,"href":"https:\/\/infonews.az\/index.php?rest_route=\/wp\/v2\/posts\/26208\/revisions"}],"predecessor-version":[{"id":26210,"href":"https:\/\/infonews.az\/index.php?rest_route=\/wp\/v2\/posts\/26208\/revisions\/26210"}],"wp:featuredmedia":[{"embeddable":true,"href":"https:\/\/infonews.az\/index.php?rest_route=\/wp\/v2\/media\/26209"}],"wp:attachment":[{"href":"https:\/\/infonews.az\/index.php?rest_route=%2Fwp%2Fv2%2Fmedia&parent=26208"}],"wp:term":[{"taxonomy":"category","embeddable":true,"href":"https:\/\/infonews.az\/index.php?rest_route=%2Fwp%2Fv2%2Fcategories&post=26208"},{"taxonomy":"post_tag","embeddable":true,"href":"https:\/\/infonews.az\/index.php?rest_route=%2Fwp%2Fv2%2Ftags&post=26208"}],"curies":[{"name":"wp","href":"https:\/\/api.w.org\/{rel}","templated":true}]}}