{"id":26212,"date":"2022-10-06T11:50:27","date_gmt":"2022-10-06T07:50:27","guid":{"rendered":"https:\/\/infonews.az\/?p=26212"},"modified":"2022-10-06T21:00:33","modified_gmt":"2022-10-06T17:00:33","slug":"beyn%c9%99lxalq-koalisiya-erm%c9%99nistani-xocali-soyqirimini-tanimaga-cagirib","status":"publish","type":"post","link":"https:\/\/infonews.az\/?p=26212","title":{"rendered":"Beyn\u0259lxalq koalisiya Erm\u0259nistan\u0131 Xocal\u0131 soyq\u0131r\u0131m\u0131n\u0131 tan\u0131ma\u011fa \u00e7a\u011f\u0131r\u0131b"},"content":{"rendered":"<p><span style=\"color: #ffffff\">Beyn\u0259lxalq koalisiya Erm\u0259nistan\u0131 Xocal\u0131 soyq\u0131r\u0131m\u0131n\u0131 tan\u0131ma\u011fa \u00e7a\u011f\u0131r\u0131b<\/span><\/p>\n<blockquote><p><strong>Bu g\u00fcn BMT \u0130nsan Haqlar\u0131 \u015euras\u0131n\u0131n 51-ci sessiyas\u0131 \u00e7\u0259r\u00e7iv\u0259sind\u0259 \u201cEtiraf v\u0259 bar\u0131\u015f\u0131q: s\u00fclh v\u0259 \u0259dal\u0259t yolunda v\u0259t\u0259nda\u015f c\u0259miyy\u0259ti dialoqunun rolu\u201d adl\u0131 seminar ke\u00e7irilib.<\/strong><\/p><\/blockquote>\n<p><strong><a href=\"http:\/\/\u0130NFONEWS\">\u0130NFONEWS<\/a><\/strong>\u00a0x\u0259b\u0259r verir ki, BMT-nin Cenevr\u0259d\u0259ki Ofisind\u0259 ke\u00e7iril\u0259n t\u0259dbiri \u201cXocal\u0131: Bar\u0131\u015f\u0131q \u00fc\u00e7\u00fcn etiraf et\u201d Koalisiyas\u0131 t\u0259\u015fkil edib.<\/p>\n<p>Seminarda \u0259sas m\u0259ruz\u0259\u00e7i kimi \u00e7\u0131x\u0131\u015f ed\u0259n \u201cSrebrenitsa Analar\u0131\u201d \u0130ctimai Birliyinin s\u0259dri, tan\u0131nm\u0131\u015f h\u00fcquq m\u00fcdafi\u0259\u00e7isi Munira Suba\u015fi\u00e7 Srebrenitsa v\u0259 Xocal\u0131 soyq\u0131r\u0131m\u0131 aras\u0131nda b\u0259nz\u0259rliy\u0259 diqq\u0259ti \u00e7\u0259k\u0259r\u0259k t\u0259\u0259ss\u00fcfl\u0259 qeyd edib ki, Erm\u0259nistan r\u0259hb\u0259rliyi Qaraba\u011f m\u00fcnaqi\u015f\u0259si zaman\u0131 ba\u015f vermi\u015f \u0259n k\u00fctl\u0259vi q\u0131r\u011f\u0131na g\u00f6r\u0259 m\u0259suliyy\u0259ti h\u0259l\u0259 d\u0259 q\u0259bul etm\u0259yib: \u201cBu is\u0259 postm\u00fcnaqi\u015f\u0259 d\u00f6vr\u00fcnd\u0259 iki xalq aras\u0131nda dayan\u0131ql\u0131 s\u00fclh\u00fcn \u0259ld\u0259 olunmas\u0131 qar\u015f\u0131s\u0131nda \u0259sas mane\u0259l\u0259rd\u0259n biridir. Etibar olmadan bar\u0131\u015f\u0131q ola bilm\u0259z, h\u0259qiq\u0259t t\u0259sbit olmadan is\u0259 etibar b\u0259rq\u0259rar ola bilm\u0259z\u201d. M.Suba\u015fi\u00e7 Erm\u0259nistan\u0131 ke\u00e7mi\u015fi il\u0259 hesabla\u015fma\u011fa \u00e7a\u011f\u0131r\u0131b.<\/p>\n<p>Koalisiyan\u0131n t\u0259\u015f\u0259bb\u00fcskar\u0131, Soyq\u0131r\u0131m\u0131 v\u0259 K\u00fctl\u0259vi Q\u0131r\u011f\u0131nlara Qar\u015f\u0131 Budape\u015ft M\u0259rk\u0259zinin s\u0259dri Giorgi Tatar 2020-ci il 10 noyabr at\u0259\u015fk\u0259s raz\u0131la\u015fmas\u0131 il\u0259 uzun ill\u0259r davam ed\u0259n Qaraba\u011f m\u00fcnaqi\u015f\u0259sin\u0259 son qoydu\u011funu v\u0259 xalqlar aras\u0131nda bar\u0131\u015f\u0131q \u00fc\u00e7\u00fcn tarixi \u015fans\u0131n yarand\u0131\u011f\u0131na diqq\u0259ti \u00e7\u0259kib. Bu ilin \u0259vv\u0259lind\u0259 AT\u018fT platformas\u0131nda t\u0259sis olunan Koalisiyan\u0131n bu m\u0259qs\u0259d\u0259 xidm\u0259t ed\u0259c\u0259yini s\u00f6yl\u0259y\u0259n ke\u00e7mi\u015f diplomat bildirib ki, yaln\u0131z Erm\u0259nistan Xocal\u0131 soyq\u0131r\u0131m\u0131n\u0131 tan\u0131yaca\u011f\u0131 v\u0259 iki \u00f6lk\u0259nin c\u0259miyy\u0259tl\u0259ri aras\u0131nda bu m\u00f6vzuda s\u0259mimi dialoqun b\u0259rq\u0259rar edil\u0259c\u0259yi halda bar\u0131\u015f\u0131q s\u0259mimi v\u0259 dayan\u0131ql\u0131 ola bil\u0259r.<\/p>\n<p>T\u0259dbirin t\u0259\u015fkilat\u00e7\u0131lar\u0131ndan biri, Fransan\u0131n Vicdan Azadl\u0131\u011f\u0131 U\u011furunda Koordinasiya M\u0259rk\u0259zinin prezidenti Tyeri Valle Az\u0259rbaycan-Erm\u0259nistan s\u0259rh\u0259dind\u0259 \u00f6t\u0259n ay ba\u015f ver\u0259n qar\u015f\u0131durmadan sonra erm\u0259ni sosial media seqmentind\u0259 az\u0259rbaycanl\u0131lara qar\u015f\u0131 \u201cdaha bir Xocal\u0131 ya\u015fatmaq\u201d \u00e7a\u011f\u0131r\u0131\u015flar\u0131na diqq\u0259ti \u00e7\u0259kib. Bunu Erm\u0259nistanda Xocal\u0131 m\u00f6vzusuna 30 il \u0259rzind\u0259 qoyulan qada\u011fan\u0131n n\u0259tic\u0259si kimi qiym\u0259tl\u0259ndir\u0259n fransal\u0131 h\u00fcquq m\u00fcdafi\u0259\u00e7isi vur\u011fulay\u0131b ki, Erm\u0259nistan\u0131 Xocal\u0131 sindromundan qurtarma\u011f\u0131n zaman\u0131d\u0131r\u201d.<\/p>\n<p>T\u0259dbird\u0259 daha sonra \u00e7\u0131x\u0131\u015f ed\u0259n \u0130taliya Helsinki Komit\u0259sinin s\u0259dri professor Antonio Stanqo, Danimarka \u0130nsan H\u00fcquqlar\u0131 \u0130nstitutu \u015euras\u0131n\u0131n \u00fczv\u00fc Ba\u015fi Qurey\u015fi XX \u0259srd\u0259 ba\u015f ver\u0259n q\u0259tliamlar v\u0259 xalqlar aras\u0131nda bar\u0131\u015f\u0131q t\u0259cr\u00fcb\u0259sind\u0259n dan\u0131\u015f\u0131blar. Ekspertl\u0259r qeyd edib ki, b\u00fct\u00fcn m\u00fcharib\u0259l\u0259r sonda s\u00fclh il\u0259 bitir, lakin m\u00fcnaqi\u015f\u0259l\u0259r zaman\u0131 t\u00f6r\u0259dilmi\u015f insanl\u0131\u011fa qar\u015f\u0131 cinay\u0259tl\u0259r uzun ill\u0259r xalqlar aras\u0131nda m\u00fcnasib\u0259tl\u0259ri z\u0259h\u0259rl\u0259yir. Natiql\u0259r beyn\u0259lxalq t\u0259cr\u00fcb\u0259d\u0259 \u201cke\u00e7id \u0259dal\u0259ti\u201d modelin\u0259 uy\u011fun olaraq cinay\u0259ti t\u00f6r\u0259tmi\u015f t\u0259r\u0259fin ilk olaraq fakt\u0131 q\u0259bul etm\u0259si, fakt\u0131 \u00f6rt-basd\u0131r etm\u0259m\u0259si, a\u011fr\u0131l\u0131 m\u00f6vzular \u0259traf\u0131nda t\u0259r\u0259fl\u0259r aras\u0131nda dialoqun qurulmas\u0131n\u0131n s\u00fclh\u00fcn \u0259ld\u0259 olunmas\u0131nda qa\u00e7\u0131lmaz vasit\u0259 oldu\u011funu qeyd edibl\u0259r.<\/p>\n<p>T\u0259dbird\u0259 Koalisiya \u00fczvl\u0259ri t\u0259r\u0259find\u0259n apar\u0131lan m\u00fczakir\u0259l\u0259r n\u0259tic\u0259sind\u0259 q\u0259bul edil\u0259n Komm\u00fcniked\u0259 Erm\u0259nistan r\u0259hb\u0259rliyin\u0259 Xocal\u0131 soyq\u0131r\u0131m\u0131n\u0131 tan\u0131maq \u00e7a\u011f\u0131r\u0131\u015f\u0131 ifad\u0259 olunub. H\u0259m\u00e7inin Erm\u0259nistan v\u0259 Az\u0259rbaycan v\u0259t\u0259nda\u015f c\u0259miyy\u0259tl\u0259ri aras\u0131nda birba\u015fa dialoq prosesini ba\u015flatmaq \u00fc\u00e7\u00fcn Koalisiya \u00fczvl\u0259rinin yax\u0131n zamanlarda Az\u0259rbaycan v\u0259 Erm\u0259nistana s\u0259f\u0259rl\u0259rinin t\u0259\u015fkil olunaca\u011f\u0131 qeyd olunaraq, iki \u00f6lk\u0259 h\u00f6kum\u0259tin\u0259 s\u0259f\u0259rl\u0259r\u0259 \u015f\u0259rait yarad\u0131lmas\u0131 \u00fc\u00e7\u00fcn m\u00fcraci\u0259t edilib. Komm\u00fcniked\u0259 beyn\u0259lxalq t\u0259sisat v\u0259 insan h\u00fcquqlar\u0131 t\u0259\u015fkilatlar\u0131na m\u00fcraci\u0259t olunaraq Koalisiyan\u0131n m\u0259qs\u0259dl\u0259rin\u0259 d\u0259st\u0259k verm\u0259k bar\u0259d\u0259 \u00e7a\u011f\u0131r\u0131\u015f da \u00f6z \u0259ksini tap\u0131b.<\/p>\n<p>&nbsp;<\/p>\n<p>\u018fziz\u0259 \u018fliyeva<\/p>\n<p>\u00a9 Materiallardan istifad\u0259 ed\u0259rk\u0259n hiperlinkl\u0259 istinad olunmal\u0131d\u0131r<\/p>\n<p><strong><a href=\"http:\/\/\u0130NFONEWS\">\u0130NFONEWS<\/a><\/strong><\/p>\n","protected":false},"excerpt":{"rendered":"<p>Beyn\u0259lxalq koalisiya Erm\u0259nistan\u0131 Xocal\u0131 soyq\u0131r\u0131m\u0131n\u0131 tan\u0131ma\u011fa \u00e7a\u011f\u0131r\u0131b Bu g\u00fcn BMT \u0130nsan Haqlar\u0131 \u015euras\u0131n\u0131n 51-ci sessiyas\u0131 \u00e7\u0259r\u00e7iv\u0259sind\u0259 \u201cEtiraf v\u0259 bar\u0131\u015f\u0131q: s\u00fclh v\u0259 \u0259dal\u0259t yolunda v\u0259t\u0259nda\u015f c\u0259miyy\u0259ti dialoqunun rolu\u201d adl\u0131 seminar ke\u00e7irilib.&hellip; <\/p>\n","protected":false},"author":14,"featured_media":26213,"comment_status":"open","ping_status":"open","sticky":false,"template":"","format":"standard","meta":{"_mi_skip_tracking":false,"_monsterinsights_sitenote_active":false,"_monsterinsights_sitenote_note":"","_monsterinsights_sitenote_category":0,"footnotes":""},"categories":[4632,6],"tags":[8524,8526,8523,8522,8521,8525,6857,256,15,770],"aioseo_notices":[],"_links":{"self":[{"href":"https:\/\/infonews.az\/index.php?rest_route=\/wp\/v2\/posts\/26212"}],"collection":[{"href":"https:\/\/infonews.az\/index.php?rest_route=\/wp\/v2\/posts"}],"about":[{"href":"https:\/\/infonews.az\/index.php?rest_route=\/wp\/v2\/types\/post"}],"author":[{"embeddable":true,"href":"https:\/\/infonews.az\/index.php?rest_route=\/wp\/v2\/users\/14"}],"replies":[{"embeddable":true,"href":"https:\/\/infonews.az\/index.php?rest_route=%2Fwp%2Fv2%2Fcomments&post=26212"}],"version-history":[{"count":1,"href":"https:\/\/infonews.az\/index.php?rest_route=\/wp\/v2\/posts\/26212\/revisions"}],"predecessor-version":[{"id":26214,"href":"https:\/\/infonews.az\/index.php?rest_route=\/wp\/v2\/posts\/26212\/revisions\/26214"}],"wp:featuredmedia":[{"embeddable":true,"href":"https:\/\/infonews.az\/index.php?rest_route=\/wp\/v2\/media\/26213"}],"wp:attachment":[{"href":"https:\/\/infonews.az\/index.php?rest_route=%2Fwp%2Fv2%2Fmedia&parent=26212"}],"wp:term":[{"taxonomy":"category","embeddable":true,"href":"https:\/\/infonews.az\/index.php?rest_route=%2Fwp%2Fv2%2Fcategories&post=26212"},{"taxonomy":"post_tag","embeddable":true,"href":"https:\/\/infonews.az\/index.php?rest_route=%2Fwp%2Fv2%2Ftags&post=26212"}],"curies":[{"name":"wp","href":"https:\/\/api.w.org\/{rel}","templated":true}]}}