{"id":26218,"date":"2022-10-06T15:00:35","date_gmt":"2022-10-06T11:00:35","guid":{"rendered":"https:\/\/infonews.az\/?p=26218"},"modified":"2022-10-06T21:42:58","modified_gmt":"2022-10-06T17:42:58","slug":"sarl-misel-az%c9%99rbaycan-v%c9%99-erm%c9%99nistan-liderl%c9%99ril%c9%99-birg%c9%99-gorusd%c9%99n-%c9%99vv%c9%99l-paylasim-edib","status":"publish","type":"post","link":"https:\/\/infonews.az\/?p=26218","title":{"rendered":"\u015earl Mi\u015fel Az\u0259rbaycan v\u0259 Erm\u0259nistan liderl\u0259ril\u0259 birg\u0259 g\u00f6r\u00fc\u015fd\u0259n \u0259vv\u0259l payla\u015f\u0131m edib"},"content":{"rendered":"<p><span style=\"color: #ffffff\">\u015earl Mi\u015fel Az\u0259rbaycan v\u0259 Erm\u0259nistan liderl\u0259ril\u0259 birg\u0259 g\u00f6r\u00fc\u015fd\u0259n \u0259vv\u0259l payla\u015f\u0131m edib<\/span><\/p>\n<blockquote><p><strong>Bu g\u00fcn Avropa \u0130ttifaq\u0131 (A\u0130) \u015euras\u0131n\u0131n Prezidenti \u015earl Mi\u015felin d\u0259 i\u015ftirak\u0131 il\u0259 Az\u0259rbaycan Prezidenti \u0130lham \u018fliyevl\u0259 Erm\u0259nistan\u0131n ba\u015f naziri Nikol Pa\u015finyan aras\u0131nda g\u00f6r\u00fc\u015f ke\u00e7iril\u0259c\u0259k.<\/strong><\/p><\/blockquote>\n<p><strong><a href=\"http:\/\/\u0130NFONEWS\">\u0130NFONEWS<\/a><\/strong>\u00a0x\u0259b\u0259r verir ki, bu bar\u0259d\u0259 Mi\u015fel tviterd\u0259 yaz\u0131b.<\/p>\n<p>O bildirib ki, Erm\u0259nistanla Az\u0259rbaycan aras\u0131nda m\u00fcnasib\u0259tl\u0259rin normalla\u015fmas\u0131 v\u0259 regionda davaml\u0131 s\u00fclh\u00fcn \u0259ld\u0259 edilm\u0259si il\u0259 ba\u011fl\u0131 m\u00fczakir\u0259l\u0259r ba\u015f tutacaq.<\/p>\n<p>Qeyd ed\u0259k ki, bu g\u00fcn \u00c7exiyan\u0131n paytaxt\u0131 Praqada Avropa Siyasi Birliyi liderl\u0259rinin sammiti ke\u00e7irilir.<\/p>\n<p>Prezident \u0130lham \u018fliyevl\u0259 \u015earl Mi\u015fel aras\u0131nda ikit\u0259r\u0259fli g\u00f6r\u00fc\u015f ke\u00e7irilib.<\/p>\n<p>&nbsp;<\/p>\n<p>\u018fziz\u0259 \u018fliyeva<\/p>\n<p>\u00a9 Materiallardan istifad\u0259 ed\u0259rk\u0259n hiperlinkl\u0259 istinad olunmal\u0131d\u0131r<\/p>\n<p><strong><a href=\"http:\/\/\u0130NFONEWS\">\u0130NFONEWS<\/a><\/strong><\/p>\n","protected":false},"excerpt":{"rendered":"<p>\u015earl Mi\u015fel Az\u0259rbaycan v\u0259 Erm\u0259nistan liderl\u0259ril\u0259 birg\u0259 g\u00f6r\u00fc\u015fd\u0259n \u0259vv\u0259l payla\u015f\u0131m edib Bu g\u00fcn Avropa \u0130ttifaq\u0131 (A\u0130) \u015euras\u0131n\u0131n Prezidenti \u015earl Mi\u015felin d\u0259 i\u015ftirak\u0131 il\u0259 Az\u0259rbaycan Prezidenti \u0130lham \u018fliyevl\u0259 Erm\u0259nistan\u0131n ba\u015f naziri&hellip; <\/p>\n","protected":false},"author":14,"featured_media":26219,"comment_status":"open","ping_status":"open","sticky":false,"template":"","format":"standard","meta":{"_mi_skip_tracking":false,"_monsterinsights_sitenote_active":false,"_monsterinsights_sitenote_note":"","_monsterinsights_sitenote_category":0,"footnotes":""},"categories":[9,4632,6],"tags":[8528,7514,220,20,15,695,6533],"aioseo_notices":[],"_links":{"self":[{"href":"https:\/\/infonews.az\/index.php?rest_route=\/wp\/v2\/posts\/26218"}],"collection":[{"href":"https:\/\/infonews.az\/index.php?rest_route=\/wp\/v2\/posts"}],"about":[{"href":"https:\/\/infonews.az\/index.php?rest_route=\/wp\/v2\/types\/post"}],"author":[{"embeddable":true,"href":"https:\/\/infonews.az\/index.php?rest_route=\/wp\/v2\/users\/14"}],"replies":[{"embeddable":true,"href":"https:\/\/infonews.az\/index.php?rest_route=%2Fwp%2Fv2%2Fcomments&post=26218"}],"version-history":[{"count":1,"href":"https:\/\/infonews.az\/index.php?rest_route=\/wp\/v2\/posts\/26218\/revisions"}],"predecessor-version":[{"id":26220,"href":"https:\/\/infonews.az\/index.php?rest_route=\/wp\/v2\/posts\/26218\/revisions\/26220"}],"wp:featuredmedia":[{"embeddable":true,"href":"https:\/\/infonews.az\/index.php?rest_route=\/wp\/v2\/media\/26219"}],"wp:attachment":[{"href":"https:\/\/infonews.az\/index.php?rest_route=%2Fwp%2Fv2%2Fmedia&parent=26218"}],"wp:term":[{"taxonomy":"category","embeddable":true,"href":"https:\/\/infonews.az\/index.php?rest_route=%2Fwp%2Fv2%2Fcategories&post=26218"},{"taxonomy":"post_tag","embeddable":true,"href":"https:\/\/infonews.az\/index.php?rest_route=%2Fwp%2Fv2%2Ftags&post=26218"}],"curies":[{"name":"wp","href":"https:\/\/api.w.org\/{rel}","templated":true}]}}