{"id":26248,"date":"2022-10-07T07:04:13","date_gmt":"2022-10-07T03:04:13","guid":{"rendered":"https:\/\/infonews.az\/?p=26248"},"modified":"2022-10-07T07:04:13","modified_gmt":"2022-10-07T03:04:13","slug":"praqada-az%c9%99rbaycan-erm%c9%99nistan-fransa-v%c9%99-ai-surasi-liderl%c9%99rinin-yenid%c9%99n-gorusu-olub","status":"publish","type":"post","link":"https:\/\/infonews.az\/?p=26248","title":{"rendered":"Praqada Az\u0259rbaycan, Erm\u0259nistan, Fransa v\u0259 A\u0130 \u015euras\u0131 liderl\u0259rinin yenid\u0259n g\u00f6r\u00fc\u015f\u00fc olub"},"content":{"rendered":"<p><span style=\"color: #ffffff\">Praqada Az\u0259rbaycan, Erm\u0259nistan, Fransa v\u0259 A\u0130 \u015euras\u0131 liderl\u0259rinin yenid\u0259n g\u00f6r\u00fc\u015f\u00fc olub<\/span><\/p>\n<blockquote><p><strong>Oktyabr\u0131n 6-da Praqada Az\u0259rbaycan Respublikas\u0131n\u0131n Prezidenti \u0130lham \u018fliyevin Fransa Respublikas\u0131n\u0131n Prezidenti Emmanuel Makron, Avropa \u0130ttifaq\u0131 \u015euras\u0131n\u0131n Prezidenti \u015earl Mi\u015fel v\u0259 Erm\u0259nistan Respublikas\u0131n\u0131n ba\u015f naziri Nikol Pa\u015finyan il\u0259 yenid\u0259n g\u00f6r\u00fc\u015f\u00fc olub.<\/strong><\/p><\/blockquote>\n<p><strong><a href=\"http:\/\/\u0130NFONEWS\">\u0130NFONEWS<\/a><\/strong>\u00a0bu bar\u0259d\u0259 AZ\u018fRTACA istinad\u0259n x\u0259b\u0259r verir.<\/p>\n<p>&nbsp;<\/p>\n<p>&nbsp;<\/p>\n<p>\u018fziz\u0259 \u018fliyeva<\/p>\n<p>\u00a9 Materiallardan istifad\u0259 ed\u0259rk\u0259n hiperlinkl\u0259 istinad olunmal\u0131d\u0131r<\/p>\n<p><strong><a href=\"http:\/\/\u0130NFONEWS\">\u0130NFONEWS<\/a><\/strong><\/p>\n","protected":false},"excerpt":{"rendered":"<p>Praqada Az\u0259rbaycan, Erm\u0259nistan, Fransa v\u0259 A\u0130 \u015euras\u0131 liderl\u0259rinin yenid\u0259n g\u00f6r\u00fc\u015f\u00fc olub Oktyabr\u0131n 6-da Praqada Az\u0259rbaycan Respublikas\u0131n\u0131n Prezidenti \u0130lham \u018fliyevin Fransa Respublikas\u0131n\u0131n Prezidenti Emmanuel Makron, Avropa \u0130ttifaq\u0131 \u015euras\u0131n\u0131n Prezidenti \u015earl Mi\u015fel&hellip; <\/p>\n","protected":false},"author":14,"featured_media":26249,"comment_status":"open","ping_status":"open","sticky":false,"template":"","format":"standard","meta":{"_mi_skip_tracking":false,"_monsterinsights_sitenote_active":false,"_monsterinsights_sitenote_note":"","_monsterinsights_sitenote_category":0,"footnotes":""},"categories":[4632,6,11],"tags":[8558,8559,6004,220,20,15,695,4491,6533],"aioseo_notices":[],"_links":{"self":[{"href":"https:\/\/infonews.az\/index.php?rest_route=\/wp\/v2\/posts\/26248"}],"collection":[{"href":"https:\/\/infonews.az\/index.php?rest_route=\/wp\/v2\/posts"}],"about":[{"href":"https:\/\/infonews.az\/index.php?rest_route=\/wp\/v2\/types\/post"}],"author":[{"embeddable":true,"href":"https:\/\/infonews.az\/index.php?rest_route=\/wp\/v2\/users\/14"}],"replies":[{"embeddable":true,"href":"https:\/\/infonews.az\/index.php?rest_route=%2Fwp%2Fv2%2Fcomments&post=26248"}],"version-history":[{"count":1,"href":"https:\/\/infonews.az\/index.php?rest_route=\/wp\/v2\/posts\/26248\/revisions"}],"predecessor-version":[{"id":26250,"href":"https:\/\/infonews.az\/index.php?rest_route=\/wp\/v2\/posts\/26248\/revisions\/26250"}],"wp:featuredmedia":[{"embeddable":true,"href":"https:\/\/infonews.az\/index.php?rest_route=\/wp\/v2\/media\/26249"}],"wp:attachment":[{"href":"https:\/\/infonews.az\/index.php?rest_route=%2Fwp%2Fv2%2Fmedia&parent=26248"}],"wp:term":[{"taxonomy":"category","embeddable":true,"href":"https:\/\/infonews.az\/index.php?rest_route=%2Fwp%2Fv2%2Fcategories&post=26248"},{"taxonomy":"post_tag","embeddable":true,"href":"https:\/\/infonews.az\/index.php?rest_route=%2Fwp%2Fv2%2Ftags&post=26248"}],"curies":[{"name":"wp","href":"https:\/\/api.w.org\/{rel}","templated":true}]}}