{"id":26306,"date":"2022-10-07T23:11:29","date_gmt":"2022-10-07T19:11:29","guid":{"rendered":"https:\/\/infonews.az\/?p=26306"},"modified":"2022-10-07T23:11:29","modified_gmt":"2022-10-07T19:11:29","slug":"%c9%99traf-muhitin-qorunmasi-bizim-ucun-cox-vacib-m%c9%99s%c9%99l%c9%99dir-z-m%c9%99mm%c9%99dov","status":"publish","type":"post","link":"https:\/\/infonews.az\/?p=26306","title":{"rendered":"&#8220;\u018ftraf m\u00fchitin qorunmas\u0131 bizim \u00fc\u00e7\u00fcn \u00e7ox vacib m\u0259s\u0259l\u0259dir&#8221;-Z.M\u0259mm\u0259dov"},"content":{"rendered":"<p><span style=\"color: #ffffff;\">&#8220;\u018ftraf m\u00fchitin qorunmas\u0131 bizim \u00fc\u00e7\u00fcn \u00e7ox vacib m\u0259s\u0259l\u0259dir&#8221;-Z.M\u0259mm\u0259dov<\/span><\/p>\n<p style=\"text-align: center;\"><span style=\"color: #000000;\"><em><strong>Allah-T\u0259ala a\u011faclar\u0131 yaratd\u0131. Bu a\u011faclar yan\u011f\u0131na, f\u0131rt\u0131naya, sel\u0259, b\u00fct\u00fcn f\u0259lak\u0259tl\u0259r\u0259 qar\u015f\u0131 \u00f6z\u00fcn\u00fc qoruya bildi.<\/strong><\/em><\/span><\/p>\n<p style=\"text-align: center;\"><span style=\"color: #000000;\"><em><strong>Su olmasa bel\u0259, b\u00f6y\u00fcd\u00fc, k\u00fcl\u0259y\u0259 qar\u015f\u0131 g\u0259ldi. Bir t\u0259k insanlar bu a\u011faclar\u0131 q\u0131rma\u011fa \u00e7al\u0131\u015fd\u0131.<\/strong><\/em>\u00a0<\/span><\/p>\n<p><span style=\"color: #000000;\">12-14 oktyabr tarixl\u0259rind\u0259 Bak\u0131 \u015f\u0259h\u0259rind\u0259 Az\u0259rbaycan D\u00f6vl\u0259t \u0130qtisad Universiteti (UNEC), Milli M\u0259clisin T\u0259bii Ehtiyatlar, Energetika v\u0259 Ekologiya Komit\u0259si, AMEA \u0130dar\u0259etm\u0259 Sisteml\u0259ri \u0130nstitutu, Y\u0131ld\u0131z Texniki Universiteti v\u0259 Gebze Texniki Universitetinin t\u0259\u015fkilat\u00e7\u0131l\u0131\u011f\u0131 il\u0259 Liderlik, Texnologiya, \u0130nnovasiya v\u0259 Biznesin idar\u0259 edilm\u0259si \u00fczr\u0259 10-cu beyn\u0259lxalq konfrans ke\u00e7iril\u0259c\u0259k. Biz d\u0259 \u201c\u0130qtisadiyyat\u201d q\u0259zeti olaraq UNEC-in Elmi f\u0259aliyy\u0259tin t\u0259\u015fkili v\u0259 idar\u0259 edilm\u0259si departmentinin direktoru, iqtisad elml\u0259ri doktoru, professor Zahid M\u0259mm\u0259dovla g\u00f6r\u00fc\u015f\u00fcb, bu bar\u0259d\u0259 s\u00f6hb\u0259t etdik, konfrans bar\u0259d\u0259 oxucular\u0131 maraqland\u0131ran suallara cavab tapma\u011fa \u00e7al\u0131\u015fd\u0131q.<\/span><\/p>\n<p><span style=\"color: #000000;\"><strong>&#8211; Zahid m\u00fc\u0259llim, \u0259vv\u0259lc\u0259 konfrans haqq\u0131nda \u00fcmumi m\u0259lumat ver\u0259rdiniz.<\/strong><\/span><\/p>\n<ul>\n<li><span style=\"color: #000000;\">Bilirsiniz ki, m\u00fcasir d\u00f6vrd\u0259 \u201cya\u015f\u0131l iqtisadiyyat\u201da ke\u00e7idl\u0259 ba\u011fl\u0131 m\u0259s\u0259l\u0259l\u0259r b\u00fct\u00fcn d\u00fcnyada aktuall\u0131q k\u0259sb ed\u0259n \u0259sas m\u00f6vzulardand\u0131r. \u201cYa\u015f\u0131l iqtisadiyyat\u201d prinsipl\u0259ri \u0259sas\u0131nda davaml\u0131 inki\u015faf\u0131n t\u0259min edilm\u0259si, istehsal v\u0259 istehlak\u0131n ekolojil\u0259\u015fdirilm\u0259sinin z\u0259ruriliyi, \u00f6lk\u0259nin perspektiv inki\u015faf\u0131 il\u0259 b\u0259rab\u0259r, \u0259traf m\u00fchitin sa\u011flamla\u015fd\u0131r\u0131lmas\u0131, ya\u015f\u0131ll\u0131qlar\u0131n s\u00fcr\u0259tli b\u0259rpas\u0131 v\u0259 art\u0131r\u0131lmas\u0131, su ehtiyat\u0131 v\u0259 dayan\u0131ql\u0131 enerji m\u0259nb\u0259l\u0259rind\u0259n s\u0259m\u0259r\u0259li istifad\u0259 bu g\u00fcn Az\u0259rbaycan d\u00f6v\u00adl\u0259tinin \u201cAz\u0259rbaycan 2030: sosial-iqtisadi inki\u015fafa dair Milli Prioritet\u00adl\u0259r\u201d s\u0259n\u0259dind\u0259 d\u0259 n\u0259z\u0259rd\u0259 tutdu\u011fu \u0259sas m\u0259s\u0259l\u0259l\u0259rd\u0259ndir. Biz d\u0259 bu g\u00fcn ekologiyan\u0131n qorunmas\u0131na, g\u0259l\u0259c\u0259k n\u0259sill\u0259r \u00fc\u00e7\u00fcn daha yax\u015f\u0131 \u015f\u0259kild\u0259 var olmas\u0131na u\u011furlu imkanlar t\u0259qdim etm\u0259y\u0259 \u00e7al\u0131\u015fmal\u0131y\u0131q. M\u0259hz bunu n\u0259z\u0259r\u0259 alaraq Az\u0259rbaycan Milli M\u0259clisinin T\u0259bii ehtiyatlar, energetika v\u0259 ekologiya komit\u0259sinin s\u0259dri dos. Dr. Sadiq Qurbanovun t\u0259\u015f\u0259bb\u00fcs\u00fc, UNEC-in rektoru professor \u018fdal\u0259t Muradovun \u0259mri il\u0259 Az\u0259rbaycan D\u00f6vl\u0259t \u0130qtisad Universiteti, Y\u0131ld\u0131z Texniki Universitet, Beyn\u0259lxalq Strateji Menecment Assosiasiyas\u0131, Milli Elm v\u0259 T\u0259hsil Nazirliyinin \u0130dar\u0259etm\u0259 \u0130nstitutu il\u0259 birg\u0259 \u201cYa\u015f\u0131l iqtisadiyyat, ya\u015f\u0131l biznes, ya\u015f\u0131l idar\u0259etm\u0259 v\u0259 liderlik: ya\u015f\u0131l iqtisadiyyata ged\u0259n yol, yeni \u00e7a\u011f\u0131r\u0131\u015flar, imkanlar v\u0259 perspektivl\u0259r\u201d m\u00f6vzusunda konfrans ke\u00e7irm\u0259k q\u0259rar\u0131na g\u0259ldik. C\u0259nab Prezident \u0130lham \u018fliyevin, \u201c\u018ftraf m\u00fchitin qorunmas\u0131 bizim \u00fc\u00e7\u00fcn \u00e7ox vacib m\u0259s\u0259l\u0259dir\u201d, s\u00f6zl\u0259ri d\u0259 se\u00e7il\u0259n m\u00f6vzunun n\u0259 q\u0259d\u0259r aktual oldu\u011funu bir daha t\u0259sdiql\u0259yir.<\/span><\/li>\n<li><span style=\"color: #000000;\"><strong>&#8211; \u201cYa\u015f\u0131l iqtisadiyyat\u201da dair m\u00fcxt\u0259lif t\u0259dbirl\u0259r h\u0259yata ke\u00e7irilib, layih\u0259l\u0259r t\u0259\u015fkil olunub, kitablar n\u0259\u015fr edilib. B\u0259s, \u201cya\u015f\u0131l iqtisadiyyat\u201da h\u0259sr olunan bu konfrans\u0131n dig\u0259r bu s\u0259pkili t\u0259dbirl\u0259rd\u0259n \u0259sas f\u0259rqi n\u0259dir, c\u0259miyy\u0259t\u0259 t\u0259sir bax\u0131m\u0131ndan \u0259sas \u00fcst\u00fcnl\u00fcy\u00fc n\u0259d\u0259n ibar\u0259tdir?<\/strong><\/span><\/li>\n<li><span style=\"color: #000000;\">&#8211; \u0130lk olaraq qeyd etm\u0259liy\u0259m ki, bu konfrans\u0131n \u0259n m\u00fch\u00fcm \u00fcst\u00fcnl\u00fcy\u00fc bu sah\u0259d\u0259 m\u00fct\u0259x\u0259ssisl\u0259ri bir araya g\u0259tirm\u0259sidir. Burada d\u00fcnyan\u0131n m\u00fcxt\u0259lif \u00f6lk\u0259l\u0259rind\u0259n m\u00f6vzu il\u0259 \u0259laq\u0259dar apar\u0131c\u0131 t\u0259dqiqat\u00e7\u0131lar\u0131n, siyas\u0259t\u00e7il\u0259rin, d\u00f6vl\u0259t m\u0259murlar\u0131n\u0131n, iqtisad\u00e7\u0131lar\u0131n, i\u015f adamlar\u0131n\u0131n, menecerl\u0259rin, m\u00fch\u0259ndis v\u0259 aliml\u0259rin i\u015ftirak\u0131 g\u00f6zl\u0259nilir. Onlar bu konfransda \u00f6z d\u0259y\u0259rli elmi t\u00f6hf\u0259l\u0259rini t\u0259qdim ed\u0259c\u0259k, h\u0259m\u00e7inin i\u015ftirak\u00e7\u0131lar \u201cya\u015f\u0131l iqtisadiyyat\u201d, \u201cya\u015f\u0131l biznes\u201d, \u201cya\u015f\u0131l idar\u0259etm\u0259\u201d v\u0259 \u201cya\u015f\u0131l liderlik\u201d sah\u0259l\u0259rind\u0259 k\u00f6n\u00fcll\u00fc olaraq \u00fcnsiyy\u0259td\u0259 olmaq, birg\u0259 f\u0259aliyy\u0259t sah\u0259sind\u0259 beyn\u0259lxalq \u015f\u0259b\u0259k\u0259 qurmaq imkan\u0131 \u0259ld\u0259 ed\u0259c\u0259kl\u0259r. Konfrans\u0131m\u0131z\u0131n da \u0259sas m\u0259qs\u0259di n\u0259z\u0259ri, eksperimental v\u0259 t\u0259tbiqi d\u0259 daxil olmaqla b\u00fct\u00fcn yeni inki\u015faflar v\u0259 t\u0259dqiqatlar \u00fc\u00e7\u00fcn platforma yaratmaqd\u0131r.<\/span><\/li>\n<li><span style=\"color: #000000;\"><strong>&#8211; M\u00fct\u0259x\u0259ssisl\u0259r haqq\u0131nda m\u00fcm\u00adk\u00fcns\u0259 oxucular\u0131 da m\u0259lumat\u00adland\u0131rard\u0131n\u0131z.<\/strong><\/span><\/li>\n<li><span style=\"color: #000000;\">&#8211; Bilirsiniz ki, \u201cAz\u0259rbaycan 2030: sosial-iqtisadi inki\u015fafa dair Milli Prioritetl\u0259r\u201dd\u0259 Az\u0259rbaycan qar\u015f\u0131s\u0131nda duran \u0259n m\u00fch\u00fcm v\u0259zif\u0259l\u0259rd\u0259n biri \u201cya\u015f\u0131l art\u0131m\u201d \u00f6lk\u0259sin\u0259 \u00e7evrilm\u0259kdir. Burada konkret v\u0259zif\u0259l\u0259r m\u00fc\u0259yy\u0259nl\u0259\u015fdirilmi\u015fdir. X\u00fcsusi olaraq elm v\u0259 t\u0259hsil m\u0259rk\u0259zl\u0259rinin \u201cya\u015f\u0131l iqtisadiyyat\u201da ke\u00e7idl\u0259 ba\u011fl\u0131 ver\u0259c\u0259kl\u0259ri t\u00f6hf\u0259l\u0259r qeyd olunur. \u018flb\u0259tt\u0259, burada aliml\u0259rin \u0259sas t\u00f6hf\u0259l\u0259ri apard\u0131qlar\u0131 elmi t\u0259dqiqatlar\u0131n n\u0259tic\u0259l\u0259rini elmi c\u0259h\u0259td\u0259n \u0259sasland\u0131rmaq v\u0259 ictimaiyy\u0259t\u0259 t\u0259qdim etm\u0259kdir. Bu d\u00f6vl\u0259t s\u0259n\u0259dini r\u0259hb\u0259r tutaraq, Az\u0259rbaycan Milli M\u0259clisinin T\u0259bii ehtiyatlar, energetika v\u0259 ekologiya komit\u0259sinin s\u0259dri, dos. Dr. Sadiq Qurbanov bel\u0259 \u00f6n\u0259mli bir t\u0259\u015f\u0259bb\u00fcsl\u0259 \u00e7\u0131x\u0131\u015f etdi. H\u0259m\u00e7inin, S.Qurbanov konfransa \u201cYeni \u201cya\u015f\u0131l\u201d iqtisadi model\u0259 do\u011fru ke\u00e7id: qlobal \u00e7a\u011f\u0131r\u0131\u015flar, imkanlar v\u0259 perspektivl\u0259r\u201d adl\u0131 kitab\u0131 il\u0259 qat\u0131lacaq. Konfransda Elm v\u0259 T\u0259hsil naziri Emin \u018fmrullayev, Ekologiya v\u0259 T\u0259bii S\u0259rv\u0259tl\u0259r naziri Muxtar Babayev, Energetika nazirinin m\u00fcavini Samir V\u0259liyev, Y\u0131ld\u0131z Texniki Universitetinin rektoru, professor Tamer Y\u0131lmaz, T\u00fcrkiy\u0259 C\u00fcmhuriyy\u0259tinin \u018fm\u0259k v\u0259 Sosial M\u00fcdafi\u0259 naziri, professor L\u00fctfihak Alpkan, daxili i\u015fl\u0259r nazirinin m\u00fcavini, professor Tayyib Sabri Erdil, BP-nin X\u0259z\u0259r regionunda xarici \u0259laq\u0259l\u0259r v\u0259 kommunikasiyalar \u00fczr\u0259 vitse-prezidenti B\u0259xtiyar Aslanb\u0259yli, ASELSAN-\u0131n Korporativ \u0130dar\u0259etm\u0259 \u00fczr\u0259 vitse-prezidenti, professor Hakan Karata\u015f, Elm v\u0259 T\u0259hsil Nazirliyinin \u0130dar\u0259etm\u0259 Sisteml\u0259ri \u0130nstitutunun ba\u015f direktoru \u018fli Abbasov v\u0259 m\u0259n \u0259ld\u0259 etdiyimiz elmi n\u0259tic\u0259l\u0259ri i\u015ftirak\u00e7\u0131larla b\u00f6l\u00fc\u015f\u0259c\u0259yik.<\/span><\/li>\n<li><span style=\"color: #000000;\">Burada \u201cya\u015f\u0131l iqtisadiyyat\u201da dair b\u00fct\u00fcn sah\u0259l\u0259r: \u201cya\u015f\u0131l bank\u00e7\u0131l\u0131q\u201d, \u201cya\u015f\u0131l dizayn\u201d, \u201cya\u015f\u0131l s\u0259hiyy\u0259\u201d, \u201cya\u015f\u0131l \u015f\u0259h\u0259r\u201d, \u201cya\u015f\u0131l idar\u0259etm\u0259\u201d, \u201cya\u015f\u0131l universitet\u201d v\u0259 s. \u0259sas m\u00f6vzular olacaq. 4 b\u00f6lm\u0259d\u0259n ibar\u0259t olan konfrans \u00fc\u00e7\u00fcn art\u0131q indid\u0259n b\u00fct\u00fcn yerl\u0259r dolub, m\u00fcraci\u0259tl\u0259rin say\u0131 h\u0259dd\u0259n art\u0131q \u00e7oxdur. Bu da \u00f6zl\u00fcy\u00fcnd\u0259 konfransa olan b\u00f6y\u00fck mara\u011f\u0131n g\u00f6st\u0259ricisidir. Lakin konfrasda daha \u00e7ox elmi t\u0259dqiqat i\u015fl\u0259ri bu sah\u0259 il\u0259 ba\u011fl\u0131 olan \u015f\u0259xsl\u0259rin i\u015ftirak\u0131 prioritet olaraq g\u00f6t\u00fcr\u00fcl\u00fcb.<\/span><br \/>\n<span style=\"color: #000000;\">Konfransda plenar iclasla b\u0259rab\u0259r, d\u0259yirmi masa da t\u0259\u015fkil olunacaq. Burada \u201cya\u015f\u0131l iqtisadiyyat\u201da ke\u00e7idl\u0259 ba\u011fl\u0131 d\u00fcnyan\u0131n m\u00fcxt\u0259lif \u00f6lk\u0259l\u0259rind\u0259n g\u0259lmi\u015f aliml\u0259rl\u0259 bu sah\u0259d\u0259 m\u00f6vcud olan probleml\u0259ri m\u00fczakir\u0259 ed\u0259c\u0259yik. Biz art\u0131q \u201cya\u015f\u0131l iqtisadiyyat\u201d sah\u0259sind\u0259ki bo\u015fluqlar\u0131 doldurmaq imkan\u0131na sahib olmu\u015fuq.<\/span><\/li>\n<li><span style=\"color: #000000;\"><strong>&#8211; Konfransdan UNEC, \u00fcmum\u0259n is\u0259 \u00f6lk\u0259 miqyas\u0131nda \u0259sas g\u00f6zl\u0259ntil\u0259riniz n\u0259l\u0259rdir?<\/strong><\/span><\/li>\n<li><span style=\"color: #000000;\">&#8211; Biz UNEC \u00fc\u00e7\u00fcn \u00e7ox ciddi h\u0259d\u0259fl\u0259r m\u00fc\u0259yy\u0259n etmi\u015fik. H\u0259tta, UNEC-in 2030-cu il\u0259d\u0259k \u0259sas h\u0259d\u0259fl\u0259rind\u0259n biri \u201cya\u015f\u0131l universitet\u201d\u0259 ke\u00e7iddir ki, bununla \u0259laq\u0259dar olaraq \u00e7ox ciddi i\u015fl\u0259r h\u0259yata ke\u00e7irilm\u0259kd\u0259dir. UNEC-in bu sah\u0259d\u0259 \u0259sas m\u0259qs\u0259dl\u0259rind\u0259n biri d\u0259 d\u00f6vl\u0259timiz\u0259 \u201cya\u015f\u0131l iqtisadiyyat\u201da ke\u00e7idl\u0259 ba\u011fl\u0131 \u00f6z elmi t\u0259dqiqatlar\u0131 il\u0259 t\u00f6hf\u0259l\u0259r verm\u0259kdir. H\u0259m\u00e7inin, biz ilk d\u0259f\u0259 UNEC olaraq \u201cya\u015f\u0131l iqtisadiyyat\u201d m\u00f6vzusunda magistratura proqram\u0131 haz\u0131rlama\u011f\u0131 h\u0259d\u0259fl\u0259yirik. \u201cYa\u015f\u0131l bank\u00e7\u0131l\u0131\u011fa\u201d ke\u00e7id etm\u0259yi d\u00fc\u015f\u00fcn\u00fcr\u00fck. T\u0259s\u0259vv\u00fcr edin, bank\u0131n \u0259sas m\u0259qs\u0259di g\u0259lir \u0259ld\u0259 etm\u0259kdir. Buna baxmayaraq, h\u0259r hans\u0131sa kredit ekologiyan\u0131n \u0259leyhin\u0259dirs\u0259, ekologiyan\u0131n m\u00fchafiz\u0259sin\u0259 xidm\u0259t etmirs\u0259, g\u0259l\u0259c\u0259k n\u0259sill\u0259rin inki\u015faf\u0131na d\u0259st\u0259k olmursa, bank ona kredit a\u00e7m\u0131r. Qiym\u0259tli ka\u011f\u0131zlar bazar\u0131nda \u201cya\u015f\u0131l istiqraz\u201d, \u201cya\u015f\u0131l kredit\u201d a\u00e7\u0131rs\u0131n\u0131z, t\u0259bi\u0259tin m\u00fchafiz\u0259si \u00fc\u00e7\u00fcn ekoloji qida, m\u0259hsul istehsal edirsinizs\u0259, siz\u0259 o zaman kredit verilir. Ekologiyan\u0131n \u0259leyhin\u0259dirs\u0259, siz kredit ala bilmirsiniz. Biz d\u0259 UNEC olaraq bu h\u0259d\u0259fl\u0259rin d\u0259st\u0259kl\u0259nm\u0259sin\u0259 \u00e7al\u0131\u015f\u0131r\u0131q.<\/span><\/li>\n<li><span style=\"color: #000000;\">Bu konfrans\u0131n \u00f6lk\u0259 \u00fc\u00e7\u00fcn \u0259sas \u00fcst\u00fcnl\u00fcy\u00fc is\u0259 ondad\u0131r ki, bununla Az\u0259rbaycan, h\u0259m d\u0259 d\u00fcnya t\u0259cr\u00fcb\u0259sini \u00f6yr\u0259n\u0259c\u0259k, faydalar\u0131, \u00fcst\u00fcnl\u00fckl\u0259ri, imkanlar\u0131 il\u0259 tan\u0131\u015f olacaq. Eyni zamanda, bu konfrans Az\u0259rbaycanda v\u0259 d\u00fcnyada ekoloji tarazl\u0131\u011f\u0131n qorunmas\u0131nda i\u015ftirak ed\u0259n b\u00fct\u00fcn t\u0259\u015fkilat v\u0259 qurumlar\u0131n s\u0259yl\u0259rini bir platformada c\u0259m etm\u0259kl\u0259 bu sah\u0259d\u0259 ixtisasla\u015fan elmi v\u0259 praktiki m\u00fct\u0259x\u0259ssisl\u0259r \u00fc\u00e7\u00fcn akademik m\u00fchit yaradacaq, 2022-ci ild\u0259 \u00f6lk\u0259miz ad\u0131na m\u00fch\u00fcm nailiyy\u0259tl\u0259rd\u0259n olacaq. Bu t\u0259dbir, h\u0259m\u00e7inin g\u0259l\u0259c\u0259k iqtisadi art\u0131ma m\u00fch\u00fcm t\u0259kan ver\u0259c\u0259k ki, bu da b\u00fct\u00fcnl\u00fckd\u0259 Az\u0259rbaycan iqtisadiyyat\u0131n\u0131n davaml\u0131l\u0131\u011f\u0131n\u0131n art\u0131r\u0131lmas\u0131na v\u0259 beyn\u0259lxalq al\u0259md\u0259 m\u00f6vcud m\u00f6vqel\u0259rinin daha da m\u00f6hk\u0259ml\u0259ndirilm\u0259sin\u0259 t\u0259sir g\u00f6st\u0259r\u0259c\u0259k.<\/span><\/li>\n<li><span style=\"color: #000000;\"><strong>&#8211; \u018fg\u0259r bu sah\u0259d\u0259 2030-cu il\u0259d\u0259k h\u0259d\u0259f m\u00fc\u0259yy\u0259nl\u0259\u015fdirilibs\u0259, d\u00fc\u015f\u00fcn\u00fcr\u00fck ki, bununla \u0259laq\u0259dar m\u00fct\u0259x\u0259ssisl\u0259rin haz\u0131rlanmas\u0131na da ehtiyac var. B\u0259s m\u00fct\u0259x\u0259ssisl\u0259r haradan c\u0259lb olunacaq?<\/strong><\/span><\/li>\n<li><span style=\"color: #000000;\">&#8211; T\u0259bii ki, fabrik f\u0259aliyy\u0259t\u0259 ba\u015flamazdan \u00f6nc\u0259 oraya i\u015f\u00e7il\u0259r c\u0259lb olunur. O c\u00fcml\u0259d\u0259n, bu sah\u0259d\u0259 d\u0259 \u00f6nc\u0259 m\u00fct\u0259x\u0259ssisl\u0259rin haz\u0131rlanmas\u0131na ehtiyac var. Bu sah\u0259d\u0259 UNEC t\u0259l\u0259b\u0259l\u0259rinin, elm xadiml\u0259rinin, h\u0259tta xarici v\u0259t\u0259nda\u015flar\u0131n da i\u015ftirak\u0131, c\u0259lbi m\u00fcmk\u00fcnd\u00fcr.<\/span><\/li>\n<li><span style=\"color: #000000;\"><strong>&#8211; G\u0259l\u0259c\u0259kd\u0259 yen\u0259 bu q\u0259bild\u0259n t\u0259dbirl\u0259rin t\u0259\u015fkili g\u00f6zl\u0259nilirmi?<\/strong><\/span><\/li>\n<li><span style=\"color: #000000;\">&#8211; \u018flb\u0259tt\u0259. Bu m\u0259s\u0259l\u0259 il\u0259 ba\u011fl\u0131 n\u0259z\u0259rd\u0259 tutulan v\u0259 m\u00fc\u0259yy\u0259nl\u0259\u015fdiril\u0259n plan da m\u00f6vcuddur. T\u0259dbirin bu il Bak\u0131da, g\u0259l\u0259n il T\u00fcrkiy\u0259d\u0259, Y\u0131ld\u0131z Texniki Universitetind\u0259 ke\u00e7irilm\u0259si planla\u015fd\u0131r\u0131l\u0131r. Biz\u0259 bununla ba\u011fl\u0131 Rusiya, Belarusiya, Pol\u015fadan da m\u00fcraci\u0259tl\u0259r olub. \u018fvv\u0259la, \u201c\u015e\u0259rq t\u0259r\u0259fda\u015fl\u0131\u011f\u0131\u201d proqram\u0131 \u00e7\u0259r\u00e7iv\u0259sind\u0259 bu m\u0259s\u0259l\u0259 \u00e7ox maraql\u0131d\u0131r. Az\u0259rbaycan Avropan\u0131n enerji t\u0259hl\u00fck\u0259sizliyi t\u0259minat\u0131nda m\u00fch\u00fcm t\u0259r\u0259fda\u015fd\u0131r. Biz \u201cya\u015f\u0131l iqtisadiyya\u201dla ba\u011fl\u0131 t\u0259dbirl\u0259ri ilk olaraq \u00f6yr\u0259nirik, sonra t\u0259\u015fkil edirik. Bu bax\u0131mdan bu konfrans bizim \u00fc\u00e7\u00fcn ilk olsa da, T\u00fcrkiy\u0259 \u00fc\u00e7\u00fcn sayca onuncudur. Biz d\u0259 m\u00f6vcud t\u0259cr\u00fcb\u0259d\u0259n faydalan\u0131r\u0131q, ilk n\u00f6vb\u0259d\u0259 maarifl\u0259nm\u0259 sah\u0259sind\u0259 m\u00f6vcud ehtiyac\u0131 qar\u015f\u0131lma\u011fa \u00e7al\u0131\u015f\u0131r\u0131q. \u00c7\u00fcnki bilirsiniz ki, d\u00fcnyada ekologiyaya \u0259n \u00e7ox z\u0259r\u0259r vuran sah\u0259 neftdir. Neftd\u0259n sonra is\u0259 ikinci yerd\u0259 tekstil g\u0259lir. Bu bax\u0131mdan s\u00fcr\u0259tl\u0259 d\u0259yi\u015f\u0259n modan\u0131n qar\u015f\u0131s\u0131n\u0131n al\u0131nmas\u0131 \u00fc\u00e7\u00fcn art\u0131q \u015firk\u0259tl\u0259r ciddi \u00f6hd\u0259likl\u0259r g\u00f6t\u00fcr\u00fcrl\u0259r. D\u00fcnyada polietil\u0259n vasit\u0259l\u0259rd\u0259n imtina olunur. B\u00fct\u00fcn bunlar haqq\u0131nda insanlar\u0131n m\u0259lumatland\u0131r\u0131lmas\u0131na \u00e7al\u0131\u015fmal\u0131, ekologiyan\u0131 birlikd\u0259 qorumal\u0131y\u0131q.<\/span><\/li>\n<li><span style=\"color: #000000;\"><strong>&#8211; \u00c7ox sa\u011f olun, Zahid m\u00fc\u0259llim, maraql\u0131 m\u00fcsahib\u0259 v\u0259 konfrans haqq\u0131nda geni\u015f informasiya verdiyiniz \u00fc\u00e7\u00fcn.<\/strong><\/span><\/li>\n<li><span style=\"color: #000000;\">&#8211; M\u0259n d\u0259 \u00f6z n\u00f6vb\u0259md\u0259 bu konfransda biziml\u0259 birg\u0259 \u00e7al\u0131\u015fan, d\u0259st\u0259k olan t\u0259r\u0259fda\u015flar\u0131m\u0131za, konfrans\u0131 i\u015f\u0131qland\u0131rd\u0131\u011f\u0131 \u00fc\u00e7\u00fcn \u201c\u0130qtisadiyyat\u201d q\u0259zetin\u0259 \u00f6z t\u0259\u015f\u0259kk\u00fcr\u00fcm\u00fc bildirir\u0259m.<\/span><\/li>\n<\/ul>\n<p><span style=\"color: #000000;\"><em><strong>M\u0259tan\u0259t H\u00fcseynova <a href=\"https:\/\/iqtisadiyyat.com\/az\/pages\/5\/news\/1416\">iqtisadiyyat.com<\/a><\/strong><\/em><\/span><\/p>\n<p><a href=\"https:\/\/infonews.az\/\"><span style=\"color: #000080;\"><strong>&#8220;\u0130NFONEWS&#8221;<\/strong><\/span><\/a><\/p>\n","protected":false},"excerpt":{"rendered":"<p>&#8220;\u018ftraf m\u00fchitin qorunmas\u0131 bizim \u00fc\u00e7\u00fcn \u00e7ox vacib m\u0259s\u0259l\u0259dir&#8221;-Z.M\u0259mm\u0259dov Allah-T\u0259ala a\u011faclar\u0131 yaratd\u0131. Bu a\u011faclar yan\u011f\u0131na, f\u0131rt\u0131naya, sel\u0259, b\u00fct\u00fcn f\u0259lak\u0259tl\u0259r\u0259 qar\u015f\u0131 \u00f6z\u00fcn\u00fc qoruya bildi. Su olmasa bel\u0259, b\u00f6y\u00fcd\u00fc, k\u00fcl\u0259y\u0259 qar\u015f\u0131 g\u0259ldi. Bir&hellip; <\/p>\n","protected":false},"author":3,"featured_media":26307,"comment_status":"open","ping_status":"open","sticky":false,"template":"","format":"standard","meta":{"_mi_skip_tracking":false,"_monsterinsights_sitenote_active":false,"_monsterinsights_sitenote_note":"","_monsterinsights_sitenote_category":0,"footnotes":""},"categories":[82,11],"tags":[47,8601,8600],"aioseo_notices":[],"_links":{"self":[{"href":"https:\/\/infonews.az\/index.php?rest_route=\/wp\/v2\/posts\/26306"}],"collection":[{"href":"https:\/\/infonews.az\/index.php?rest_route=\/wp\/v2\/posts"}],"about":[{"href":"https:\/\/infonews.az\/index.php?rest_route=\/wp\/v2\/types\/post"}],"author":[{"embeddable":true,"href":"https:\/\/infonews.az\/index.php?rest_route=\/wp\/v2\/users\/3"}],"replies":[{"embeddable":true,"href":"https:\/\/infonews.az\/index.php?rest_route=%2Fwp%2Fv2%2Fcomments&post=26306"}],"version-history":[{"count":1,"href":"https:\/\/infonews.az\/index.php?rest_route=\/wp\/v2\/posts\/26306\/revisions"}],"predecessor-version":[{"id":26308,"href":"https:\/\/infonews.az\/index.php?rest_route=\/wp\/v2\/posts\/26306\/revisions\/26308"}],"wp:featuredmedia":[{"embeddable":true,"href":"https:\/\/infonews.az\/index.php?rest_route=\/wp\/v2\/media\/26307"}],"wp:attachment":[{"href":"https:\/\/infonews.az\/index.php?rest_route=%2Fwp%2Fv2%2Fmedia&parent=26306"}],"wp:term":[{"taxonomy":"category","embeddable":true,"href":"https:\/\/infonews.az\/index.php?rest_route=%2Fwp%2Fv2%2Fcategories&post=26306"},{"taxonomy":"post_tag","embeddable":true,"href":"https:\/\/infonews.az\/index.php?rest_route=%2Fwp%2Fv2%2Ftags&post=26306"}],"curies":[{"name":"wp","href":"https:\/\/api.w.org\/{rel}","templated":true}]}}