{"id":2649,"date":"2021-01-20T12:00:02","date_gmt":"2021-01-20T08:00:02","guid":{"rendered":"https:\/\/infonews.az\/?p=2649"},"modified":"2021-01-20T21:24:13","modified_gmt":"2021-01-20T17:24:13","slug":"ilham-%c9%99liyev-v%c9%99-birinci-xanim-mehriban-%c9%99liyeva-20-yanvar-faci%c9%99sinin-31-ci-ildonumu-il%c9%99-%c9%99laq%c9%99dar-s%c9%99hidl%c9%99r-xiyabanini-ziyar%c9%99t-edibl%c9%99r","status":"publish","type":"post","link":"https:\/\/infonews.az\/?p=2649","title":{"rendered":"\u0130lham \u018fliyev v\u0259 birinci xan\u0131m Mehriban \u018fliyeva 20 Yanvar faci\u0259sinin 31-ci ild\u00f6n\u00fcm\u00fc il\u0259 \u0259laq\u0259dar \u015e\u0259hidl\u0259r xiyaban\u0131n\u0131 ziyar\u0259t edibl\u0259r"},"content":{"rendered":"<blockquote><p>Qanl\u0131 20 Yanvar faci\u0259sind\u0259n 31 il ke\u00e7ir. Sovet imperiyas\u0131n\u0131n Bak\u0131da t\u00f6r\u0259tdiyi qanl\u0131 q\u0131r\u011f\u0131n\u0131n 31-ci ild\u00f6n\u00fcm\u00fc il\u0259 \u0259laq\u0259dar Az\u0259rbaycan Respublikas\u0131n\u0131n Prezidenti \u0130lham \u018fliyev v\u0259 birinci xan\u0131m Mehriban \u018fliyeva \u015e\u0259hidl\u0259r xiyaban\u0131n\u0131 ziyar\u0259t edibl\u0259r.<\/p><\/blockquote>\n<p><a href=\"https:\/\/infonews.az\/?p=2649\"><span style=\"color: #ff0000;\"><strong>&#8220;\u0130NFONEWS&#8221;<\/strong><\/span><\/a> x\u0259b\u0259r verir ki, d\u00f6vl\u0259timizin ba\u015f\u00e7\u0131s\u0131 \u0130lham \u018fliyev v\u0259 birinci xan\u0131m Mehriban \u018fliyeva \u00f6lk\u0259mizin azadl\u0131\u011f\u0131 u\u011frunda h\u0259lak olanlar\u0131n xatir\u0259sini yad etdil\u0259r.<\/p>\n<p>Prezident \u0130lham \u018fliyev \u201c\u018fb\u0259di m\u0259\u015f\u0259l\u201d abid\u0259si \u00f6n\u00fcn\u0259 \u0259klil qoydu. Az\u0259rbaycan Respublikas\u0131n\u0131n d\u00f6vl\u0259t himni s\u0259sl\u0259ndirildi.<\/p>\n","protected":false},"excerpt":{"rendered":"<p>Qanl\u0131 20 Yanvar faci\u0259sind\u0259n 31 il ke\u00e7ir. Sovet imperiyas\u0131n\u0131n Bak\u0131da t\u00f6r\u0259tdiyi qanl\u0131 q\u0131r\u011f\u0131n\u0131n 31-ci ild\u00f6n\u00fcm\u00fc il\u0259 \u0259laq\u0259dar Az\u0259rbaycan Respublikas\u0131n\u0131n Prezidenti \u0130lham \u018fliyev v\u0259 birinci xan\u0131m Mehriban \u018fliyeva \u015e\u0259hidl\u0259r xiyaban\u0131n\u0131 ziyar\u0259t&hellip; <\/p>\n","protected":false},"author":3,"featured_media":2650,"comment_status":"open","ping_status":"open","sticky":false,"template":"","format":"standard","meta":{"_mi_skip_tracking":false,"_monsterinsights_sitenote_active":false,"_monsterinsights_sitenote_note":"","_monsterinsights_sitenote_category":0,"footnotes":""},"categories":[4,11],"tags":[590,20,15,17],"aioseo_notices":[],"_links":{"self":[{"href":"https:\/\/infonews.az\/index.php?rest_route=\/wp\/v2\/posts\/2649"}],"collection":[{"href":"https:\/\/infonews.az\/index.php?rest_route=\/wp\/v2\/posts"}],"about":[{"href":"https:\/\/infonews.az\/index.php?rest_route=\/wp\/v2\/types\/post"}],"author":[{"embeddable":true,"href":"https:\/\/infonews.az\/index.php?rest_route=\/wp\/v2\/users\/3"}],"replies":[{"embeddable":true,"href":"https:\/\/infonews.az\/index.php?rest_route=%2Fwp%2Fv2%2Fcomments&post=2649"}],"version-history":[{"count":1,"href":"https:\/\/infonews.az\/index.php?rest_route=\/wp\/v2\/posts\/2649\/revisions"}],"predecessor-version":[{"id":2651,"href":"https:\/\/infonews.az\/index.php?rest_route=\/wp\/v2\/posts\/2649\/revisions\/2651"}],"wp:featuredmedia":[{"embeddable":true,"href":"https:\/\/infonews.az\/index.php?rest_route=\/wp\/v2\/media\/2650"}],"wp:attachment":[{"href":"https:\/\/infonews.az\/index.php?rest_route=%2Fwp%2Fv2%2Fmedia&parent=2649"}],"wp:term":[{"taxonomy":"category","embeddable":true,"href":"https:\/\/infonews.az\/index.php?rest_route=%2Fwp%2Fv2%2Fcategories&post=2649"},{"taxonomy":"post_tag","embeddable":true,"href":"https:\/\/infonews.az\/index.php?rest_route=%2Fwp%2Fv2%2Ftags&post=2649"}],"curies":[{"name":"wp","href":"https:\/\/api.w.org\/{rel}","templated":true}]}}