{"id":26657,"date":"2022-10-17T07:19:12","date_gmt":"2022-10-17T03:19:12","guid":{"rendered":"https:\/\/infonews.az\/?p=26657"},"modified":"2022-10-17T07:19:12","modified_gmt":"2022-10-17T03:19:12","slug":"avropa-ittifaqi-bu-gun-erm%c9%99nistan-az%c9%99rbaycan-s%c9%99rh%c9%99din%c9%99-gond%c9%99ril%c9%99c%c9%99k-missiyani-t%c9%99sdiq-ed%c9%99c%c9%99k","status":"publish","type":"post","link":"https:\/\/infonews.az\/?p=26657","title":{"rendered":"Avropa \u0130ttifaq\u0131 bu g\u00fcn Erm\u0259nistan-Az\u0259rbaycan s\u0259rh\u0259din\u0259 g\u00f6nd\u0259ril\u0259c\u0259k missiyan\u0131 t\u0259sdiq ed\u0259c\u0259k"},"content":{"rendered":"<p><span style=\"color: #ffffff\">Avropa \u0130ttifaq\u0131 bu g\u00fcn Erm\u0259nistan-Az\u0259rbaycan s\u0259rh\u0259din\u0259 g\u00f6nd\u0259ril\u0259c\u0259k missiyan\u0131 t\u0259sdiq ed\u0259c\u0259k<\/span><\/p>\n<blockquote><p><strong>Avropa \u0130ttifaq\u0131na \u00fczv olan 27 \u00f6lk\u0259nin xarici i\u015fl\u0259r nazirl\u0259ri bazar ert\u0259si, oktyabr\u0131n 17-d\u0259 L\u00fcksemburqda planla\u015fd\u0131r\u0131lan g\u00f6r\u00fc\u015f ke\u00e7ir\u0259c\u0259k.<\/strong><\/p><\/blockquote>\n<p><strong><a href=\"http:\/\/\u0130NFONEWS\">\u0130NFONEWS<\/a><\/strong>\u00a0\u201cTASS\u201da istinad\u0259n x\u0259b\u0259r verir ki, A\u0130-nin y\u00fcks\u0259k s\u0259viyy\u0259li n\u00fcmay\u0259nd\u0259si nazirl\u0259rin Erm\u0259nistan-Az\u0259rbaycan s\u0259rh\u0259din\u0259 m\u00fclki missiyan\u0131 g\u00f6nd\u0259rm\u0259kl\u0259 ba\u011fl\u0131 q\u0259rar\u0131 t\u0259sdiql\u0259y\u0259c\u0259kl\u0259rini bildirib.<\/p>\n<p>Diplomat\u0131n s\u00f6zl\u0259rin\u0259 g\u00f6r\u0259, h\u0259l\u0259lik missiyan\u0131n t\u0259f\u0259rr\u00fcatlar\u0131 m\u0259lum deyil:<\/p>\n<p>\u201cYaln\u0131z onu dey\u0259 bil\u0259r\u0259m ki, birinci m\u0259rh\u0259l\u0259d\u0259 400-\u0259 yax\u0131n m\u00fc\u015fahid\u0259\u00e7i yerl\u0259\u015fdiril\u0259c\u0259k. \u0130lk m\u00fc\u015fahid\u0259\u00e7il\u0259r iki \u00f6lk\u0259nin s\u0259rh\u0259din\u0259 A\u0130-nin G\u00fcrc\u00fcstandak\u0131 missiyas\u0131ndan g\u00f6nd\u0259ril\u0259c\u0259k. M\u0259s\u0259l\u0259nin vacibliyin\u0259 g\u00f6r\u0259 G\u00fcrc\u00fcstandak\u0131 n\u00fcmay\u0259nd\u0259liyimizd\u0259n i\u015f\u00e7il\u0259ri g\u00f6t\u00fcr\u00fcr\u00fck\u201d.<\/p>\n<p>Qeyd ed\u0259k ki, oktyabr\u0131n 6-da Praqada Az\u0259rbaycan Respublikas\u0131n\u0131n Prezidenti \u0130lham \u018fliyevin Fransa Respublikas\u0131n\u0131n Prezidenti Emmanuel Makron, Avropa \u0130ttifaq\u0131 \u015euras\u0131n\u0131n Prezidenti \u015earl Mi\u015fel v\u0259 Erm\u0259nistan Respublikas\u0131n\u0131n ba\u015f naziri Nikol Pa\u015finyan il\u0259 g\u00f6r\u00fc\u015f\u00fc ke\u00e7irilib. Dan\u0131\u015f\u0131qlar n\u0259tic\u0259sind\u0259 Erm\u0259nistan-Az\u0259rbaycan s\u0259rh\u0259di yax\u0131nl\u0131\u011f\u0131nda Erm\u0259nistan \u0259razisin\u0259 Avropa \u0130ttifaq\u0131n\u0131n m\u00fclki missiyas\u0131n\u0131n g\u00f6nd\u0259rilm\u0259si bar\u0259d\u0259 q\u0259rar q\u0259bul olunub.<\/p>\n<p>&nbsp;<\/p>\n<p><strong>\u018fziz\u0259 \u018fliyeva<\/strong><\/p>\n<p><strong>\u00a9 Materiallardan istifad\u0259 ed\u0259rk\u0259n hiperlinkl\u0259 istinad olunmal\u0131d\u0131r<\/strong><\/p>\n<p><strong><a href=\"http:\/\/\u0130NFONEWS\">\u0130NFONEWS<\/a><\/strong><\/p>\n<p>&nbsp;<\/p>\n<p>&nbsp;<\/p>\n","protected":false},"excerpt":{"rendered":"<p>Avropa \u0130ttifaq\u0131 bu g\u00fcn Erm\u0259nistan-Az\u0259rbaycan s\u0259rh\u0259din\u0259 g\u00f6nd\u0259ril\u0259c\u0259k missiyan\u0131 t\u0259sdiq ed\u0259c\u0259k Avropa \u0130ttifaq\u0131na \u00fczv olan 27 \u00f6lk\u0259nin xarici i\u015fl\u0259r nazirl\u0259ri bazar ert\u0259si, oktyabr\u0131n 17-d\u0259 L\u00fcksemburqda planla\u015fd\u0131r\u0131lan g\u00f6r\u00fc\u015f ke\u00e7ir\u0259c\u0259k. \u0130NFONEWS\u00a0\u201cTASS\u201da istinad\u0259n x\u0259b\u0259r&hellip; <\/p>\n","protected":false},"author":14,"featured_media":26658,"comment_status":"open","ping_status":"open","sticky":false,"template":"","format":"standard","meta":{"_mi_skip_tracking":false,"_monsterinsights_sitenote_active":false,"_monsterinsights_sitenote_note":"","_monsterinsights_sitenote_category":0,"footnotes":""},"categories":[4632,11],"tags":[8907,8908,8909,8911,8910,6853,6004,8132,20,15,572,6533],"aioseo_notices":[],"_links":{"self":[{"href":"https:\/\/infonews.az\/index.php?rest_route=\/wp\/v2\/posts\/26657"}],"collection":[{"href":"https:\/\/infonews.az\/index.php?rest_route=\/wp\/v2\/posts"}],"about":[{"href":"https:\/\/infonews.az\/index.php?rest_route=\/wp\/v2\/types\/post"}],"author":[{"embeddable":true,"href":"https:\/\/infonews.az\/index.php?rest_route=\/wp\/v2\/users\/14"}],"replies":[{"embeddable":true,"href":"https:\/\/infonews.az\/index.php?rest_route=%2Fwp%2Fv2%2Fcomments&post=26657"}],"version-history":[{"count":1,"href":"https:\/\/infonews.az\/index.php?rest_route=\/wp\/v2\/posts\/26657\/revisions"}],"predecessor-version":[{"id":26659,"href":"https:\/\/infonews.az\/index.php?rest_route=\/wp\/v2\/posts\/26657\/revisions\/26659"}],"wp:featuredmedia":[{"embeddable":true,"href":"https:\/\/infonews.az\/index.php?rest_route=\/wp\/v2\/media\/26658"}],"wp:attachment":[{"href":"https:\/\/infonews.az\/index.php?rest_route=%2Fwp%2Fv2%2Fmedia&parent=26657"}],"wp:term":[{"taxonomy":"category","embeddable":true,"href":"https:\/\/infonews.az\/index.php?rest_route=%2Fwp%2Fv2%2Fcategories&post=26657"},{"taxonomy":"post_tag","embeddable":true,"href":"https:\/\/infonews.az\/index.php?rest_route=%2Fwp%2Fv2%2Ftags&post=26657"}],"curies":[{"name":"wp","href":"https:\/\/api.w.org\/{rel}","templated":true}]}}