{"id":2676,"date":"2021-01-21T11:45:42","date_gmt":"2021-01-21T07:45:42","guid":{"rendered":"https:\/\/infonews.az\/?p=2676"},"modified":"2021-01-21T11:45:42","modified_gmt":"2021-01-21T07:45:42","slug":"co-bayden-sabiq-prezidentin-bir-nec%c9%99-f%c9%99rmanini-l%c9%99gv-edib","status":"publish","type":"post","link":"https:\/\/infonews.az\/?p=2676","title":{"rendered":"Co Bayden sabiq prezidentin bir ne\u00e7\u0259 f\u0259rman\u0131n\u0131 l\u0259\u011fv edib"},"content":{"rendered":"<h1 class=\"content-title\" style=\"text-align: center;\">Bayden sabiq prezident Tramp\u0131n bir ne\u00e7\u0259 f\u0259rman\u0131n\u0131 l\u0259\u011fv edib<\/h1>\n<p><!--more--><\/p>\n<p><img loading=\"lazy\" decoding=\"async\" class=\" wp-image-2677 aligncenter\" src=\"https:\/\/infonews.az\/wp-content\/uploads\/2021\/01\/trump-biden-splt-2-gty-ps-200929_1601431396895_hpMain_16x9_992-300x169.jpg\" alt=\"Joe Biden, Donald Trump\" width=\"513\" height=\"289\" srcset=\"https:\/\/infonews.az\/wp-content\/uploads\/2021\/01\/trump-biden-splt-2-gty-ps-200929_1601431396895_hpMain_16x9_992-300x169.jpg 300w, https:\/\/infonews.az\/wp-content\/uploads\/2021\/01\/trump-biden-splt-2-gty-ps-200929_1601431396895_hpMain_16x9_992-768x432.jpg 768w, https:\/\/infonews.az\/wp-content\/uploads\/2021\/01\/trump-biden-splt-2-gty-ps-200929_1601431396895_hpMain_16x9_992.jpg 992w\" sizes=\"(max-width: 513px) 100vw, 513px\" \/><\/p>\n<p>Yanvar\u0131n 20-d\u0259 inauqurasiyas\u0131 ke\u00e7iril\u0259n AB\u015e Prezidenti Cozef Baydenin ilk i\u015fi Donald Tramp\u0131n bir ne\u00e7\u0259 m\u00fch\u00fcm f\u0259rman\u0131n\u0131 l\u0259\u011fv etm\u0259k olub.<\/p>\n<p><a href=\"https:\/\/infonews.az\/\">InfoNews<\/a> Amerika K\u0130V-l\u0259rin\u0259 istinadla x\u0259b\u0259r verir ki, d\u00f6vl\u0259t ba\u015f\u00e7\u0131s\u0131 AB\u015e-\u0131n \u00dcmumd\u00fcnya S\u0259hiyy\u0259 T\u0259\u015fkilat\u0131na (\u00dcST) qay\u0131tmas\u0131 haqq\u0131nda f\u0259rman imzalay\u0131b. Va\u015finqton \u00dcST-d\u0259n \u00f6t\u0259n ilin yay\u0131nda \u00e7\u0131xm\u0131\u015fd\u0131 \u2013 Tramp t\u0259\u015fkilat\u0131 islahatlar aparmamaqda, pandemiyan\u0131n gedi\u015find\u0259 d\u00fczg\u00fcn h\u0259r\u0259k\u0259t etm\u0259m\u0259kd\u0259 t\u0259qsirl\u0259ndirirdi.<\/p>\n<p>Bundan ba\u015fqa, Bayden AB\u015e-\u0131 Paris iqlim sazi\u015fin\u0259 qaytar\u0131b v\u0259 Meksika il\u0259 s\u0259rh\u0259d\u0259 divar \u00e7\u0259kilm\u0259sini dayand\u0131r\u0131b. Divar\u0131n bir hiss\u0259si tikilib, yeni prezident tikil\u0259ni s\u00f6km\u0259k niyy\u0259tind\u0259 olmad\u0131\u011f\u0131na i\u015far\u0259 edib.<\/p>\n<p>Yeni Prezident, h\u0259m\u00e7inin Tramp d\u00f6n\u0259mind\u0259 Yax\u0131n \u015e\u0259rqin bir ne\u00e7\u0259 \u00f6lk\u0259sinin sakinl\u0259rinin AB\u015e-a giri\u015fin\u0259 qoyulan m\u0259hdudiyy\u0259tl\u0259rin l\u0259\u011fv edilm\u0259si bar\u0259d\u0259 f\u0259rman imzalay\u0131b. S\u00f6hb\u0259t \u0130ran, Liviya, Suriya, Y\u0259m\u0259n, Somali v\u0259t\u0259nda\u015flar\u0131ndan, habel\u0259 Venesuela m\u0259murlar\u0131ndan gedir.<\/p>\n","protected":false},"excerpt":{"rendered":"<p>Yanvar\u0131n 20-d\u0259 inauqurasiyas\u0131 ke\u00e7iril\u0259n AB\u015e Prezidenti Cozef Baydenin ilk i\u015fi Donald Tramp\u0131n bir ne\u00e7\u0259 m\u00fch\u00fcm f\u0259rman\u0131n\u0131 l\u0259\u011fv etm\u0259k olub.<\/p>\n<p>InfoNews Amerika K\u0130V-l\u0259rin\u0259 istinadla x\u0259b\u0259r verir ki, d\u00f6vl\u0259t ba\u015f\u00e7\u0131s\u0131 AB\u015e-\u0131n \u00dcmumd\u00fcnya S\u0259hiyy\u0259 T\u0259\u015fkilat\u0131na (\u00dcST) qay\u0131tmas\u0131 haqq\u0131nda f\u0259rman imzalay\u0131b. Va\u015finqton \u00dcST-d\u0259n \u00f6t\u0259n ilin yay\u0131nda \u00e7\u0131xm\u0131\u015fd\u0131 \u2013 Tramp t\u0259\u015fkilat\u0131 islahatlar aparmamaqda, pandemiyan\u0131n gedi\u015find\u0259 d\u00fczg\u00fcn h\u0259r\u0259k\u0259t etm\u0259m\u0259kd\u0259 t\u0259qsirl\u0259ndirirdi.<\/p>\n","protected":false},"author":3,"featured_media":2678,"comment_status":"open","ping_status":"open","sticky":false,"template":"","format":"standard","meta":{"_mi_skip_tracking":false,"_monsterinsights_sitenote_active":false,"_monsterinsights_sitenote_note":"","_monsterinsights_sitenote_category":0,"footnotes":""},"categories":[9,8,6,11],"tags":[616,153,615,612,377,614,279,613,611],"aioseo_notices":[],"_links":{"self":[{"href":"https:\/\/infonews.az\/index.php?rest_route=\/wp\/v2\/posts\/2676"}],"collection":[{"href":"https:\/\/infonews.az\/index.php?rest_route=\/wp\/v2\/posts"}],"about":[{"href":"https:\/\/infonews.az\/index.php?rest_route=\/wp\/v2\/types\/post"}],"author":[{"embeddable":true,"href":"https:\/\/infonews.az\/index.php?rest_route=\/wp\/v2\/users\/3"}],"replies":[{"embeddable":true,"href":"https:\/\/infonews.az\/index.php?rest_route=%2Fwp%2Fv2%2Fcomments&post=2676"}],"version-history":[{"count":2,"href":"https:\/\/infonews.az\/index.php?rest_route=\/wp\/v2\/posts\/2676\/revisions"}],"predecessor-version":[{"id":2680,"href":"https:\/\/infonews.az\/index.php?rest_route=\/wp\/v2\/posts\/2676\/revisions\/2680"}],"wp:featuredmedia":[{"embeddable":true,"href":"https:\/\/infonews.az\/index.php?rest_route=\/wp\/v2\/media\/2678"}],"wp:attachment":[{"href":"https:\/\/infonews.az\/index.php?rest_route=%2Fwp%2Fv2%2Fmedia&parent=2676"}],"wp:term":[{"taxonomy":"category","embeddable":true,"href":"https:\/\/infonews.az\/index.php?rest_route=%2Fwp%2Fv2%2Fcategories&post=2676"},{"taxonomy":"post_tag","embeddable":true,"href":"https:\/\/infonews.az\/index.php?rest_route=%2Fwp%2Fv2%2Ftags&post=2676"}],"curies":[{"name":"wp","href":"https:\/\/api.w.org\/{rel}","templated":true}]}}