{"id":26965,"date":"2022-10-27T10:00:18","date_gmt":"2022-10-27T06:00:18","guid":{"rendered":"https:\/\/infonews.az\/?p=26965"},"modified":"2022-10-27T12:38:02","modified_gmt":"2022-10-27T08:38:02","slug":"fao-nun-m%c9%99rk%c9%99zi-asiya-uzr%c9%99-subregional-koordinatoru-viorel-gutu-il%c9%99-gorus-olub","status":"publish","type":"post","link":"https:\/\/infonews.az\/?p=26965","title":{"rendered":"FAO-nun M\u0259rk\u0259zi Asiya \u00fczr\u0259 subregional koordinatoru Viorel Gutu il\u0259 g\u00f6r\u00fc\u015f olub"},"content":{"rendered":"<p><span style=\"color: #ffffff;\">FAO-nun M\u0259rk\u0259zi Asiya \u00fczr\u0259 subregional koordinatoru Viorel Gutu il\u0259 g\u00f6r\u00fc\u015f olub<\/span><\/p>\n<blockquote>\n<div><span style=\"color: #000000;\">Az\u0259rbaycanda i\u015fg\u00fczar s\u0259f\u0259rd\u0259 olan BMT-nin \u018frzaq v\u0259 K\u0259nd T\u0259s\u0259rr\u00fcfat\u0131 t\u0259\u015fkilat\u0131n\u0131n M\u0259rk\u0259zi Asiya \u00fczr\u0259 subregional koordinatoru Viorel Gutunun r\u0259hb\u0259rlik etdiyi n\u00fcmay\u0259nd\u0259 hey\u0259ti il\u0259 ekologiya v\u0259 t\u0259bii s\u0259rv\u0259tl\u0259r naziri Muxtar Babayev aras\u0131nda g\u00f6r\u00fc\u015f ke\u00e7irilib.<\/span><\/div>\n<\/blockquote>\n<div><span style=\"color: #000000;\"><a href=\"https:\/\/infonews.az\/\"><span style=\"color: #000080;\"><strong>&#8220;\u0130NFONEWS&#8221;<\/strong><\/span><\/a>-un m\u0259lumat\u0131na g\u00f6r\u0259, g\u00f6r\u00fc\u015f zaman\u0131 \u0259traf m\u00fchitin m\u00fchafiz\u0259si sah\u0259sind\u0259 fikir m\u00fcbadil\u0259si apar\u0131l\u0131b, g\u0259l\u0259c\u0259k \u0259m\u0259kda\u015fl\u0131q perspektivl\u0259ri v\u0259 qar\u015f\u0131l\u0131ql\u0131 maraq do\u011furan dig\u0259r m\u0259s\u0259l\u0259l\u0259r m\u00fczakir\u0259 olunub.<\/span><\/div>\n","protected":false},"excerpt":{"rendered":"<p>FAO-nun M\u0259rk\u0259zi Asiya \u00fczr\u0259 subregional koordinatoru Viorel Gutu il\u0259 g\u00f6r\u00fc\u015f olub Az\u0259rbaycanda i\u015fg\u00fczar s\u0259f\u0259rd\u0259 olan BMT-nin \u018frzaq v\u0259 K\u0259nd T\u0259s\u0259rr\u00fcfat\u0131 t\u0259\u015fkilat\u0131n\u0131n M\u0259rk\u0259zi Asiya \u00fczr\u0259 subregional koordinatoru Viorel Gutunun r\u0259hb\u0259rlik etdiyi&hellip; <\/p>\n","protected":false},"author":3,"featured_media":26966,"comment_status":"open","ping_status":"open","sticky":false,"template":"","format":"standard","meta":{"_mi_skip_tracking":false,"_monsterinsights_sitenote_active":false,"_monsterinsights_sitenote_note":"","_monsterinsights_sitenote_category":0,"footnotes":""},"categories":[7990,11],"tags":[371,220,5874],"aioseo_notices":[],"_links":{"self":[{"href":"https:\/\/infonews.az\/index.php?rest_route=\/wp\/v2\/posts\/26965"}],"collection":[{"href":"https:\/\/infonews.az\/index.php?rest_route=\/wp\/v2\/posts"}],"about":[{"href":"https:\/\/infonews.az\/index.php?rest_route=\/wp\/v2\/types\/post"}],"author":[{"embeddable":true,"href":"https:\/\/infonews.az\/index.php?rest_route=\/wp\/v2\/users\/3"}],"replies":[{"embeddable":true,"href":"https:\/\/infonews.az\/index.php?rest_route=%2Fwp%2Fv2%2Fcomments&post=26965"}],"version-history":[{"count":1,"href":"https:\/\/infonews.az\/index.php?rest_route=\/wp\/v2\/posts\/26965\/revisions"}],"predecessor-version":[{"id":26967,"href":"https:\/\/infonews.az\/index.php?rest_route=\/wp\/v2\/posts\/26965\/revisions\/26967"}],"wp:featuredmedia":[{"embeddable":true,"href":"https:\/\/infonews.az\/index.php?rest_route=\/wp\/v2\/media\/26966"}],"wp:attachment":[{"href":"https:\/\/infonews.az\/index.php?rest_route=%2Fwp%2Fv2%2Fmedia&parent=26965"}],"wp:term":[{"taxonomy":"category","embeddable":true,"href":"https:\/\/infonews.az\/index.php?rest_route=%2Fwp%2Fv2%2Fcategories&post=26965"},{"taxonomy":"post_tag","embeddable":true,"href":"https:\/\/infonews.az\/index.php?rest_route=%2Fwp%2Fv2%2Ftags&post=26965"}],"curies":[{"name":"wp","href":"https:\/\/api.w.org\/{rel}","templated":true}]}}