{"id":27192,"date":"2022-11-12T10:06:23","date_gmt":"2022-11-12T06:06:23","guid":{"rendered":"https:\/\/infonews.az\/?p=27192"},"modified":"2022-11-12T10:06:23","modified_gmt":"2022-11-12T06:06:23","slug":"pasinyan-erm%c9%99nistan-h%c9%99l%c9%99-2007-ci-ild%c9%99-qarabagi-az%c9%99rbaycanin-%c9%99razisi-kimi-taniyib","status":"publish","type":"post","link":"https:\/\/infonews.az\/?p=27192","title":{"rendered":"Pa\u015finyan: \u201cErm\u0259nistan h\u0259l\u0259 2007-ci ild\u0259 Qaraba\u011f\u0131 Az\u0259rbaycan\u0131n \u0259razisi kimi tan\u0131y\u0131b\u201d"},"content":{"rendered":"<p><span style=\"color: #ffffff\">Pa\u015finyan: \u201cErm\u0259nistan h\u0259l\u0259 2007-ci ild\u0259 Qaraba\u011f\u0131 Az\u0259rbaycan\u0131n \u0259razisi kimi tan\u0131y\u0131b\u201d<\/span><\/p>\n<blockquote><p><strong>\u201cErm\u0259nistan h\u0259l\u0259 2007-ci ild\u0259 Qaraba\u011f\u0131 Az\u0259rbaycan\u0131n \u0259razisi kimi tan\u0131y\u0131b\u201d.<\/strong><\/p><\/blockquote>\n<p><strong><a href=\"http:\/\/\u0130NFONEWS\">\u0130NFONEWS<\/a><\/strong>\u00a0x\u0259b\u0259r verir ki, bunu Erm\u0259nistan\u0131n ba\u015f naziri Nikol Pa\u015finyan \u0130ctimai Televiziyas\u0131n\u0131n efirind\u0259 deyib.<\/p>\n<p>Ba\u015f nazir qeyd edib ki, beyn\u0259lxalq ictimaiyy\u0259t, o c\u00fcml\u0259d\u0259n Erm\u0259nistan Da\u011fl\u0131q Qaraba\u011f\u0131 Az\u0259rbaycan\u0131n bir hiss\u0259si kimi tan\u0131y\u0131r.<\/p>\n<p>&#8220;Erm\u0259nistan\u0131n veto qoymas\u0131na baxmayaraq, AT\u018fT-in 1996-c\u0131 il Lissabon sammitind\u0259 Qaraba\u011f probleminin Az\u0259rbaycan\u0131n \u0259razi b\u00fct\u00f6vl\u00fcy\u00fc \u00e7\u0259r\u00e7iv\u0259sind\u0259 h\u0259ll edilm\u0259li oldu\u011fu bildirilib. B\u00fct\u00fcn \u00f6lk\u0259l\u0259rin m\u00f6vqeyi BMT T\u0259hl\u00fck\u0259sizlik \u015euras\u0131n\u0131n 1993-c\u00fc il q\u0259tnam\u0259l\u0259rind\u0259n d\u0259 m\u0259lumdur. Erm\u0259nistan da Qaraba\u011f\u0131n Az\u0259rbaycan\u0131n t\u0259rkib hiss\u0259si oldu\u011funu tan\u0131d\u0131. 2007-ci ild\u0259 tan\u0131d\u0131. Bunu n\u0259 vaxta q\u0259d\u0259r t\u0259sdiql\u0259m\u0259m\u0259k olar?<\/p>\n<p>M\u0259s\u0259l\u0259 buras\u0131ndad\u0131r ki, biz bunu g\u00f6rm\u0259k ist\u0259yirik, yoxsa yox? B\u0259lk\u0259 b\u00fct\u00fcn probleml\u0259rimiz \u00f6z\u00fcm\u00fczd\u0259n ir\u0259li g\u0259lir. Bunu g\u00f6rm\u00fcr\u0259m\u201d, &#8211; Pa\u015finyan Erm\u0259nistan \u0130ctimai Televiziyas\u0131n\u0131n efirind\u0259 deyib.<\/p>\n<p>Jurnalistin r\u0259smi Bak\u0131n\u0131n Erm\u0259nistan\u0131n 1991-ci il Almat\u0131 B\u0259yannam\u0259sin\u0259 istinad ed\u0259r\u0259k, Qaraba\u011f\u0131 Az\u0259rbaycan\u0131n t\u0259rkib hiss\u0259si kimi tan\u0131mas\u0131 il\u0259 ba\u011fl\u0131 sual\u0131na Pa\u015finyan bel\u0259 cavab verib: \u201cAlmat\u0131 B\u0259yannam\u0259si bizim qanunvericiliyimizin bir hiss\u0259sidir. O, 1992-ci ilin fevral\u0131nda Erm\u0259nistan Ali Soveti t\u0259r\u0259find\u0259n t\u0259sdiql\u0259nib. M\u0259n Almat\u0131 B\u0259yannam\u0259sini q\u0259bul etm\u0259diyimi des\u0259m, Erm\u0259nistan\u0131n qanunvericiliyini tan\u0131mam\u0131\u015f olaram\u201d.<\/p>\n<p>&nbsp;<\/p>\n<p><strong>\u018fziz\u0259 \u018fliyeva<\/strong><\/p>\n<p><strong>\u00a9 Materiallardan istifad\u0259 ed\u0259rk\u0259n hiperlinkl\u0259 istinad olunmal\u0131d\u0131r<\/strong><\/p>\n<p><strong><a href=\"http:\/\/\u0130NFONEWS\">\u0130NFONEWS<\/a><\/strong><\/p>\n<p>&nbsp;<\/p>\n<p>&nbsp;<\/p>\n","protected":false},"excerpt":{"rendered":"<p>Pa\u015finyan: \u201cErm\u0259nistan h\u0259l\u0259 2007-ci ild\u0259 Qaraba\u011f\u0131 Az\u0259rbaycan\u0131n \u0259razisi kimi tan\u0131y\u0131b\u201d \u201cErm\u0259nistan h\u0259l\u0259 2007-ci ild\u0259 Qaraba\u011f\u0131 Az\u0259rbaycan\u0131n \u0259razisi kimi tan\u0131y\u0131b\u201d. \u0130NFONEWS\u00a0x\u0259b\u0259r verir ki, bunu Erm\u0259nistan\u0131n ba\u015f naziri Nikol Pa\u015finyan \u0130ctimai Televiziyas\u0131n\u0131n&hellip; <\/p>\n","protected":false},"author":14,"featured_media":27193,"comment_status":"open","ping_status":"open","sticky":false,"template":"","format":"standard","meta":{"_mi_skip_tracking":false,"_monsterinsights_sitenote_active":false,"_monsterinsights_sitenote_note":"","_monsterinsights_sitenote_category":0,"footnotes":""},"categories":[9,4632,11],"tags":[9207,9208,8561,3446,70,15,572,695,204],"aioseo_notices":[],"_links":{"self":[{"href":"https:\/\/infonews.az\/index.php?rest_route=\/wp\/v2\/posts\/27192"}],"collection":[{"href":"https:\/\/infonews.az\/index.php?rest_route=\/wp\/v2\/posts"}],"about":[{"href":"https:\/\/infonews.az\/index.php?rest_route=\/wp\/v2\/types\/post"}],"author":[{"embeddable":true,"href":"https:\/\/infonews.az\/index.php?rest_route=\/wp\/v2\/users\/14"}],"replies":[{"embeddable":true,"href":"https:\/\/infonews.az\/index.php?rest_route=%2Fwp%2Fv2%2Fcomments&post=27192"}],"version-history":[{"count":1,"href":"https:\/\/infonews.az\/index.php?rest_route=\/wp\/v2\/posts\/27192\/revisions"}],"predecessor-version":[{"id":27194,"href":"https:\/\/infonews.az\/index.php?rest_route=\/wp\/v2\/posts\/27192\/revisions\/27194"}],"wp:featuredmedia":[{"embeddable":true,"href":"https:\/\/infonews.az\/index.php?rest_route=\/wp\/v2\/media\/27193"}],"wp:attachment":[{"href":"https:\/\/infonews.az\/index.php?rest_route=%2Fwp%2Fv2%2Fmedia&parent=27192"}],"wp:term":[{"taxonomy":"category","embeddable":true,"href":"https:\/\/infonews.az\/index.php?rest_route=%2Fwp%2Fv2%2Fcategories&post=27192"},{"taxonomy":"post_tag","embeddable":true,"href":"https:\/\/infonews.az\/index.php?rest_route=%2Fwp%2Fv2%2Ftags&post=27192"}],"curies":[{"name":"wp","href":"https:\/\/api.w.org\/{rel}","templated":true}]}}