{"id":27339,"date":"2022-11-28T10:28:04","date_gmt":"2022-11-28T06:28:04","guid":{"rendered":"https:\/\/infonews.az\/?p=27339"},"modified":"2022-11-28T12:15:15","modified_gmt":"2022-11-28T08:15:15","slug":"bas-prokuror-abseron-v%c9%99-z%c9%99ngilan-rayon-sakinl%c9%99rinin-q%c9%99bulunu-kecir%c9%99c%c9%99k","status":"publish","type":"post","link":"https:\/\/infonews.az\/?p=27339","title":{"rendered":"Ba\u015f prokuror Ab\u015feron v\u0259 Z\u0259ngilan rayon sakinl\u0259rinin q\u0259bulunu ke\u00e7ir\u0259c\u0259k"},"content":{"rendered":"<p class=\"content-title\"><span style=\"color: #ffffff;\">Ba\u015f prokuror Ab\u015feron v\u0259 Z\u0259ngilan rayon sakinl\u0259rinin q\u0259bulunu ke\u00e7ir\u0259c\u0259k<\/span><\/p>\n<p><img loading=\"lazy\" decoding=\"async\" class=\"aligncenter size-full wp-image-27340\" src=\"https:\/\/infonews.az\/wp-content\/uploads\/2022\/11\/16696178201696940688_1000x669.jpeg\" alt=\"\" width=\"669\" height=\"669\" srcset=\"https:\/\/infonews.az\/wp-content\/uploads\/2022\/11\/16696178201696940688_1000x669.jpeg 669w, https:\/\/infonews.az\/wp-content\/uploads\/2022\/11\/16696178201696940688_1000x669-300x300.jpeg 300w, https:\/\/infonews.az\/wp-content\/uploads\/2022\/11\/16696178201696940688_1000x669-150x150.jpeg 150w\" sizes=\"(max-width: 669px) 100vw, 669px\" \/><\/p>\n<blockquote><p>Az\u0259rbaycan Prezidenti \u0130lham \u018fliyevin tap\u015f\u0131r\u0131\u011f\u0131na v\u0259 b\u00f6lg\u0259l\u0259rd\u0259 v\u0259t\u0259nda\u015flar\u0131n q\u0259bulu c\u0259dv\u0259lin\u0259 uy\u011fun olaraq Ba\u015f prokuror Kamran \u018fliyev dekabr\u0131n 2-d\u0259 saat 10:00-da Ab\u015feron Rayon Prokurorlu\u011funun inzibati binas\u0131nda Ab\u015feron v\u0259 Z\u0259ngilan rayon sakinl\u0259rinin q\u0259bulunu ke\u00e7ir\u0259c\u0259k.<\/p><\/blockquote>\n<p><a href=\"https:\/\/infonews.az\/?p=27339\"><span style=\"color: #ff0000;\"><strong>&#8220;\u0130NFONEWS&#8221;<\/strong><\/span><\/a> &#8211; un Ba\u015f Prokurorlu\u011fun m\u0259tbuat xidm\u0259tind\u0259n \u0259ld\u0259 etdiyi m\u0259lumat\u0131na g\u00f6r\u0259, v\u0259t\u0259nda\u015flar\u0131n q\u0259bulla ba\u011fl\u0131 qeydiyyat\u0131 v\u0259 Ab\u015feron rayonuna g\u0259lm\u0259l\u0259rinin t\u0259\u015fkili m\u00fcvafiq rayon prokuroru t\u0259r\u0259find\u0259n h\u0259yata ke\u00e7iril\u0259c\u0259k.<\/p>\n<p>V\u0259t\u0259nda\u015flar ya\u015fad\u0131qlar\u0131 \u0259razi \u00fczr\u0259 rayon prokurorluqlar\u0131na yaz\u0131l\u0131 v\u0259 ya \u015fifahi m\u00fcraci\u0259t etm\u0259kl\u0259 yana\u015f\u0131, Ba\u015f Prokurorlu\u011fun S\u0259n\u0259dl\u0259rl\u0259 v\u0259 m\u00fcraci\u0259tl\u0259rl\u0259 i\u015fin t\u0259\u015fkili idar\u0259sinin (012) 361-14-07 n\u00f6mr\u0259li telefonu v\u0259\u00a0contact@prosecutor.gov.az\u00a0elektron po\u00e7t \u00fcnvan\u0131, el\u0259c\u0259 d\u0259 prokurorlu\u011fun sosial \u015f\u0259b\u0259k\u0259l\u0259rd\u0259ki s\u0259hif\u0259l\u0259ri (instaqram, feysbuk, teleqram, tviter) vasit\u0259sil\u0259 d\u0259 q\u0259bula yaz\u0131la bil\u0259rl\u0259r.<\/p>\n","protected":false},"excerpt":{"rendered":"<p>Ba\u015f prokuror Ab\u015feron v\u0259 Z\u0259ngilan rayon sakinl\u0259rinin q\u0259bulunu ke\u00e7ir\u0259c\u0259k Az\u0259rbaycan Prezidenti \u0130lham \u018fliyevin tap\u015f\u0131r\u0131\u011f\u0131na v\u0259 b\u00f6lg\u0259l\u0259rd\u0259 v\u0259t\u0259nda\u015flar\u0131n q\u0259bulu c\u0259dv\u0259lin\u0259 uy\u011fun olaraq Ba\u015f prokuror Kamran \u018fliyev dekabr\u0131n 2-d\u0259 saat 10:00-da Ab\u015feron&hellip; <\/p>\n","protected":false},"author":14,"featured_media":4919,"comment_status":"open","ping_status":"open","sticky":false,"template":"","format":"standard","meta":{"_mi_skip_tracking":false,"_monsterinsights_sitenote_active":false,"_monsterinsights_sitenote_note":"","_monsterinsights_sitenote_category":0,"footnotes":""},"categories":[4,11],"tags":[3426,15,1078],"aioseo_notices":[],"_links":{"self":[{"href":"https:\/\/infonews.az\/index.php?rest_route=\/wp\/v2\/posts\/27339"}],"collection":[{"href":"https:\/\/infonews.az\/index.php?rest_route=\/wp\/v2\/posts"}],"about":[{"href":"https:\/\/infonews.az\/index.php?rest_route=\/wp\/v2\/types\/post"}],"author":[{"embeddable":true,"href":"https:\/\/infonews.az\/index.php?rest_route=\/wp\/v2\/users\/14"}],"replies":[{"embeddable":true,"href":"https:\/\/infonews.az\/index.php?rest_route=%2Fwp%2Fv2%2Fcomments&post=27339"}],"version-history":[{"count":1,"href":"https:\/\/infonews.az\/index.php?rest_route=\/wp\/v2\/posts\/27339\/revisions"}],"predecessor-version":[{"id":27341,"href":"https:\/\/infonews.az\/index.php?rest_route=\/wp\/v2\/posts\/27339\/revisions\/27341"}],"wp:featuredmedia":[{"embeddable":true,"href":"https:\/\/infonews.az\/index.php?rest_route=\/wp\/v2\/media\/4919"}],"wp:attachment":[{"href":"https:\/\/infonews.az\/index.php?rest_route=%2Fwp%2Fv2%2Fmedia&parent=27339"}],"wp:term":[{"taxonomy":"category","embeddable":true,"href":"https:\/\/infonews.az\/index.php?rest_route=%2Fwp%2Fv2%2Fcategories&post=27339"},{"taxonomy":"post_tag","embeddable":true,"href":"https:\/\/infonews.az\/index.php?rest_route=%2Fwp%2Fv2%2Ftags&post=27339"}],"curies":[{"name":"wp","href":"https:\/\/api.w.org\/{rel}","templated":true}]}}