{"id":27453,"date":"2022-12-02T15:59:21","date_gmt":"2022-12-02T11:59:21","guid":{"rendered":"https:\/\/infonews.az\/?p=27453"},"modified":"2022-12-02T15:59:21","modified_gmt":"2022-12-02T11:59:21","slug":"sabah-bakida-k%c9%99l%c9%99gayi-festivalina-start-verilir","status":"publish","type":"post","link":"https:\/\/infonews.az\/?p=27453","title":{"rendered":"Sabah Bak\u0131da &#8220;K\u018fL\u018f\u011eAYI FEST\u0130VALI&#8221;na start verilir"},"content":{"rendered":"<p><span style=\"color: #ffffff;\">Sabah Bak\u0131da &#8220;K\u018fL\u018f\u011eAYI FEST\u0130VALI&#8221;na start verilir <\/span><\/p>\n<blockquote><p>Dekabr\u0131n 3-d\u0259 Bak\u0131da \u201cK\u0259la\u011fay\u0131 festival\u0131\u201d t\u0259\u015fkil olunacaq. Nigar R\u0259fib\u0259yli 12\/14 \u00fcnvan\u0131nda ke\u00e7iril\u0259c\u0259k festival Az\u0259rbaycan S\u0259n\u0259tkarlar\u0131 Birliyinin t\u0259\u015fkilat\u00e7\u0131l\u0131\u011f\u0131 il\u0259 realla\u015facaq.<\/p><\/blockquote>\n<p><a href=\"https:\/\/infonews.az\/?p=27453\"><span style=\"color: #ff0000;\"><strong>&#8220;\u0130NFONEWS&#8221;<\/strong><\/span><\/a> x\u0259b\u0259r verir ki, bu bar\u0259d\u0259 festival\u0131n t\u0259\u015fkilat\u00e7\u0131s\u0131 Ella Ba\u011f\u0131rova m\u0259lumatland\u0131r\u0131b.<\/p>\n<p>Festival \u00e7\u0259r\u00e7iv\u0259sind\u0259 Az\u0259rbaycan s\u0259n\u0259tkarlar\u0131n\u0131n \u0259l i\u015fl\u0259rind\u0259n ibar\u0259t s\u0259rgi a\u00e7\u0131lacaq.<\/p>\n<p>H\u0259m\u00e7inin b\u00f6y\u00fckl\u0259r v\u0259 u\u015faqlar \u00fc\u00e7\u00fcn \u201cDulus\u00e7uluq\u201d, \u201cEbru\u201d (su \u00fcz\u0259rind\u0259 r\u0259sm), \u201c\u0130p\u0259k \u00fcz\u0259rind\u0259 nax\u0131\u015f basma\u201d v\u0259 \u201cFlorarium\u201d\u0259 h\u0259sr edilmi\u015f ustad d\u0259rsl\u0259ri ke\u00e7iril\u0259c\u0259k.<\/p>\n<p>Festivala \u00f6lk\u0259mizin f\u0259rqli gu\u015f\u0259l\u0259rind\u0259n 200-d\u0259k s\u0259n\u0259tkar qat\u0131lacaq. Onlar burada \u0259l i\u015fl\u0259rini s\u0259rgil\u0259y\u0259c\u0259kl\u0259r.<\/p>\n<p>\u0130ki g\u00fcn davam ed\u0259c\u0259k festivala h\u0259r k\u0259sin qat\u0131lmaq imkan\u0131 var.<\/p>\n","protected":false},"excerpt":{"rendered":"<p>Sabah Bak\u0131da &#8220;K\u018fL\u018f\u011eAYI FEST\u0130VALI&#8221;na start verilir Dekabr\u0131n 3-d\u0259 Bak\u0131da \u201cK\u0259la\u011fay\u0131 festival\u0131\u201d t\u0259\u015fkil olunacaq. Nigar R\u0259fib\u0259yli 12\/14 \u00fcnvan\u0131nda ke\u00e7iril\u0259c\u0259k festival Az\u0259rbaycan S\u0259n\u0259tkarlar\u0131 Birliyinin t\u0259\u015fkilat\u00e7\u0131l\u0131\u011f\u0131 il\u0259 realla\u015facaq. &#8220;\u0130NFONEWS&#8221; x\u0259b\u0259r verir ki, bu&hellip; <\/p>\n","protected":false},"author":14,"featured_media":27454,"comment_status":"open","ping_status":"open","sticky":false,"template":"","format":"standard","meta":{"_mi_skip_tracking":false,"_monsterinsights_sitenote_active":false,"_monsterinsights_sitenote_note":"","_monsterinsights_sitenote_category":0,"footnotes":""},"categories":[4,10,11],"tags":[9316],"aioseo_notices":[],"_links":{"self":[{"href":"https:\/\/infonews.az\/index.php?rest_route=\/wp\/v2\/posts\/27453"}],"collection":[{"href":"https:\/\/infonews.az\/index.php?rest_route=\/wp\/v2\/posts"}],"about":[{"href":"https:\/\/infonews.az\/index.php?rest_route=\/wp\/v2\/types\/post"}],"author":[{"embeddable":true,"href":"https:\/\/infonews.az\/index.php?rest_route=\/wp\/v2\/users\/14"}],"replies":[{"embeddable":true,"href":"https:\/\/infonews.az\/index.php?rest_route=%2Fwp%2Fv2%2Fcomments&post=27453"}],"version-history":[{"count":1,"href":"https:\/\/infonews.az\/index.php?rest_route=\/wp\/v2\/posts\/27453\/revisions"}],"predecessor-version":[{"id":27455,"href":"https:\/\/infonews.az\/index.php?rest_route=\/wp\/v2\/posts\/27453\/revisions\/27455"}],"wp:featuredmedia":[{"embeddable":true,"href":"https:\/\/infonews.az\/index.php?rest_route=\/wp\/v2\/media\/27454"}],"wp:attachment":[{"href":"https:\/\/infonews.az\/index.php?rest_route=%2Fwp%2Fv2%2Fmedia&parent=27453"}],"wp:term":[{"taxonomy":"category","embeddable":true,"href":"https:\/\/infonews.az\/index.php?rest_route=%2Fwp%2Fv2%2Fcategories&post=27453"},{"taxonomy":"post_tag","embeddable":true,"href":"https:\/\/infonews.az\/index.php?rest_route=%2Fwp%2Fv2%2Ftags&post=27453"}],"curies":[{"name":"wp","href":"https:\/\/api.w.org\/{rel}","templated":true}]}}