{"id":27663,"date":"2022-12-07T13:48:04","date_gmt":"2022-12-07T09:48:04","guid":{"rendered":"https:\/\/infonews.az\/?p=27663"},"modified":"2022-12-07T15:27:05","modified_gmt":"2022-12-07T11:27:05","slug":"bakida-bu-yollarda-yeni-avtobus-zolaginin-t%c9%99tbiqin%c9%99-baslanilib","status":"publish","type":"post","link":"https:\/\/infonews.az\/?p=27663","title":{"rendered":"Bak\u0131da bu yollarda yeni avtobus zola\u011f\u0131n\u0131n t\u0259tbiqin\u0259 ba\u015flan\u0131l\u0131b"},"content":{"rendered":"<p><span style=\"color: #ffffff;\">Bak\u0131da bu yollarda yeni avtobus zola\u011f\u0131n\u0131n t\u0259tbiqin\u0259 ba\u015flan\u0131l\u0131b<\/span><\/p>\n<blockquote><p><strong>Paytaxtda f\u0259aliyy\u0259t g\u00f6st\u0259r\u0259n 7A mar\u015frut x\u0259ttinin h\u0259r\u0259k\u0259t etdiyi d\u0259hliz \u00fczr\u0259 (G\u0259nc\u0259 prospekti \u2013 M\u0259h\u0259mm\u0259d Hadi k\u00fc\u00e7\u0259si \u2013 Qara Qarayev prospekti \u2013 Ziya B\u00fcnyadov prospekti &#8211; Moskva prospekti &#8211; Bak\u0131 Beyn\u0259lxalq Avtova\u011fzal Kompleksi) avtobus zola\u011f\u0131n\u0131n t\u0259tbiqin\u0259 ba\u015flan\u0131l\u0131b.<\/strong><\/p><\/blockquote>\n<p><a href=\"https:\/\/infonews.az\/?p=27663\"><span style=\"color: #ff0000;\"><strong>&#8220;\u0130NFONEWS&#8221; <\/strong><\/span><\/a>x\u0259b\u0259r verir\u00a0ki, 11 dekabr 2022-ci il tarixind\u0259n f\u0259rdi minik avtomobill\u0259rinin qeyd olunan d\u0259hliz boyunca x\u00fcsusi zolaqlara daxil olmas\u0131 v\u0259 h\u0259r\u0259k\u0259ti qada\u011fan edilir. Bu zolaqlarda ictimai n\u0259qliyyat\u0131n s\u0259rb\u0259st h\u0259r\u0259k\u0259tin\u0259 mane\u00e7ilik t\u00f6r\u0259d\u0259n dig\u0259r n\u0259qliyyat vasit\u0259l\u0259ri s\u00fcr\u00fcc\u00fcl\u0259rin\u0259 qar\u015f\u0131 \u0130nzibati X\u0259talar M\u0259c\u0259ll\u0259sinin m\u00fcvafiq b\u0259ndin\u0259 \u0259sas\u0259n c\u0259rim\u0259 t\u0259dbirl\u0259ri t\u0259tbiq edil\u0259c\u0259k.<\/p>\n","protected":false},"excerpt":{"rendered":"<p>Bak\u0131da bu yollarda yeni avtobus zola\u011f\u0131n\u0131n t\u0259tbiqin\u0259 ba\u015flan\u0131l\u0131b Paytaxtda f\u0259aliyy\u0259t g\u00f6st\u0259r\u0259n 7A mar\u015frut x\u0259ttinin h\u0259r\u0259k\u0259t etdiyi d\u0259hliz \u00fczr\u0259 (G\u0259nc\u0259 prospekti \u2013 M\u0259h\u0259mm\u0259d Hadi k\u00fc\u00e7\u0259si \u2013 Qara Qarayev prospekti \u2013 Ziya&hellip; <\/p>\n","protected":false},"author":14,"featured_media":27664,"comment_status":"open","ping_status":"open","sticky":false,"template":"","format":"standard","meta":{"_mi_skip_tracking":false,"_monsterinsights_sitenote_active":false,"_monsterinsights_sitenote_note":"","_monsterinsights_sitenote_category":0,"footnotes":""},"categories":[4,533,11],"tags":[149,15,9416],"aioseo_notices":[],"_links":{"self":[{"href":"https:\/\/infonews.az\/index.php?rest_route=\/wp\/v2\/posts\/27663"}],"collection":[{"href":"https:\/\/infonews.az\/index.php?rest_route=\/wp\/v2\/posts"}],"about":[{"href":"https:\/\/infonews.az\/index.php?rest_route=\/wp\/v2\/types\/post"}],"author":[{"embeddable":true,"href":"https:\/\/infonews.az\/index.php?rest_route=\/wp\/v2\/users\/14"}],"replies":[{"embeddable":true,"href":"https:\/\/infonews.az\/index.php?rest_route=%2Fwp%2Fv2%2Fcomments&post=27663"}],"version-history":[{"count":1,"href":"https:\/\/infonews.az\/index.php?rest_route=\/wp\/v2\/posts\/27663\/revisions"}],"predecessor-version":[{"id":27665,"href":"https:\/\/infonews.az\/index.php?rest_route=\/wp\/v2\/posts\/27663\/revisions\/27665"}],"wp:featuredmedia":[{"embeddable":true,"href":"https:\/\/infonews.az\/index.php?rest_route=\/wp\/v2\/media\/27664"}],"wp:attachment":[{"href":"https:\/\/infonews.az\/index.php?rest_route=%2Fwp%2Fv2%2Fmedia&parent=27663"}],"wp:term":[{"taxonomy":"category","embeddable":true,"href":"https:\/\/infonews.az\/index.php?rest_route=%2Fwp%2Fv2%2Fcategories&post=27663"},{"taxonomy":"post_tag","embeddable":true,"href":"https:\/\/infonews.az\/index.php?rest_route=%2Fwp%2Fv2%2Ftags&post=27663"}],"curies":[{"name":"wp","href":"https:\/\/api.w.org\/{rel}","templated":true}]}}