{"id":27731,"date":"2022-12-08T20:59:08","date_gmt":"2022-12-08T16:59:08","guid":{"rendered":"https:\/\/infonews.az\/?p=27731"},"modified":"2022-12-08T20:59:08","modified_gmt":"2022-12-08T16:59:08","slug":"pasinyan-ai-nin-xususi-numay%c9%99nd%c9%99si-il%c9%99-az%c9%99rbaycanla-normallasma-prosesini-muzakir%c9%99-edib","status":"publish","type":"post","link":"https:\/\/infonews.az\/?p=27731","title":{"rendered":"Pa\u015finyan A\u0130-nin x\u00fcsusi n\u00fcmay\u0259nd\u0259si il\u0259 Az\u0259rbaycanla normalla\u015fma prosesini m\u00fczakir\u0259 edib"},"content":{"rendered":"<p><span style=\"color: #ffffff\">Pa\u015finyan A\u0130-nin x\u00fcsusi n\u00fcmay\u0259nd\u0259si il\u0259 Az\u0259rbaycanla normalla\u015fma prosesini m\u00fczakir\u0259 edib<\/span><\/p>\n<blockquote><p><strong>Erm\u0259nistan\u0131n ba\u015f naziri Nikol Pa\u015finyan Avropa \u0130ttifaq\u0131n\u0131n (A\u0130) C\u0259nubi Qafqaz v\u0259 G\u00fcrc\u00fcstan b\u00f6hran\u0131 \u00fczr\u0259 x\u00fcsusi n\u00fcmay\u0259nd\u0259si Toivo Klaarla \u0130r\u0259vanda ke\u00e7irdiyi g\u00f6r\u00fc\u015fd\u0259 regional t\u0259hl\u00fck\u0259sizlik m\u0259s\u0259l\u0259l\u0259rini m\u00fczakir\u0259 edib.<\/strong><\/p><\/blockquote>\n<p><strong><a href=\"http:\/\/\u0130NFONEWS\">\u0130NFONEWS<\/a><\/strong>\u00a0\u201cSputnik Erm\u0259nistan\u201da istinad\u0259n x\u0259b\u0259r verir ki, g\u00f6r\u00fc\u015fd\u0259 Az\u0259rbaycanla Erm\u0259nistan aras\u0131nda normalla\u015fma prosesi, Qaraba\u011f erm\u0259nil\u0259rinin h\u00fcquqlar\u0131 v\u0259 t\u0259hl\u00fck\u0259sizlik t\u0259minat\u0131 m\u00fczakir\u0259 olunub.<\/p>\n<p>N.Pa\u015finyan v\u0259 T.Klaar h\u0259m\u00e7inin regionda s\u00fclh v\u0259 t\u0259hl\u00fck\u0259sizlik m\u0259s\u0259l\u0259l\u0259ri, Az\u0259rbaycanla Erm\u0259nistan\u0131n s\u0259rh\u0259d delimitasiyas\u0131 v\u0259 yollar\u0131n a\u00e7\u0131lmas\u0131n\u0131 da m\u00fczakir\u0259 edibl\u0259r.<\/p>\n<p>&nbsp;<\/p>\n<p><em><strong>\u018fziz\u0259 \u018fliyeva<\/strong><\/em><\/p>\n<p><em><strong>\u00a9 Materiallardan istifad\u0259 ed\u0259rk\u0259n hiperlinkl\u0259 istinad olunmal\u0131d\u0131r<\/strong><\/em><\/p>\n<p><em><strong><a href=\"http:\/\/\u0130NFONEWS\">\u0130NFONEWS<\/a><\/strong><\/em><\/p>\n","protected":false},"excerpt":{"rendered":"<p>Pa\u015finyan A\u0130-nin x\u00fcsusi n\u00fcmay\u0259nd\u0259si il\u0259 Az\u0259rbaycanla normalla\u015fma prosesini m\u00fczakir\u0259 edib Erm\u0259nistan\u0131n ba\u015f naziri Nikol Pa\u015finyan Avropa \u0130ttifaq\u0131n\u0131n (A\u0130) C\u0259nubi Qafqaz v\u0259 G\u00fcrc\u00fcstan b\u00f6hran\u0131 \u00fczr\u0259 x\u00fcsusi n\u00fcmay\u0259nd\u0259si Toivo Klaarla \u0130r\u0259vanda ke\u00e7irdiyi&hellip; <\/p>\n","protected":false},"author":14,"featured_media":27732,"comment_status":"open","ping_status":"open","sticky":false,"template":"","format":"standard","meta":{"_mi_skip_tracking":false,"_monsterinsights_sitenote_active":false,"_monsterinsights_sitenote_note":"","_monsterinsights_sitenote_category":0,"footnotes":""},"categories":[9,4],"tags":[9451,7566,6736,9452,7095,6216,6479,15,695,204,7330],"aioseo_notices":[],"_links":{"self":[{"href":"https:\/\/infonews.az\/index.php?rest_route=\/wp\/v2\/posts\/27731"}],"collection":[{"href":"https:\/\/infonews.az\/index.php?rest_route=\/wp\/v2\/posts"}],"about":[{"href":"https:\/\/infonews.az\/index.php?rest_route=\/wp\/v2\/types\/post"}],"author":[{"embeddable":true,"href":"https:\/\/infonews.az\/index.php?rest_route=\/wp\/v2\/users\/14"}],"replies":[{"embeddable":true,"href":"https:\/\/infonews.az\/index.php?rest_route=%2Fwp%2Fv2%2Fcomments&post=27731"}],"version-history":[{"count":1,"href":"https:\/\/infonews.az\/index.php?rest_route=\/wp\/v2\/posts\/27731\/revisions"}],"predecessor-version":[{"id":27733,"href":"https:\/\/infonews.az\/index.php?rest_route=\/wp\/v2\/posts\/27731\/revisions\/27733"}],"wp:featuredmedia":[{"embeddable":true,"href":"https:\/\/infonews.az\/index.php?rest_route=\/wp\/v2\/media\/27732"}],"wp:attachment":[{"href":"https:\/\/infonews.az\/index.php?rest_route=%2Fwp%2Fv2%2Fmedia&parent=27731"}],"wp:term":[{"taxonomy":"category","embeddable":true,"href":"https:\/\/infonews.az\/index.php?rest_route=%2Fwp%2Fv2%2Fcategories&post=27731"},{"taxonomy":"post_tag","embeddable":true,"href":"https:\/\/infonews.az\/index.php?rest_route=%2Fwp%2Fv2%2Ftags&post=27731"}],"curies":[{"name":"wp","href":"https:\/\/api.w.org\/{rel}","templated":true}]}}