{"id":27822,"date":"2022-12-13T07:06:17","date_gmt":"2022-12-13T03:06:17","guid":{"rendered":"https:\/\/infonews.az\/?p=27822"},"modified":"2022-12-13T09:52:28","modified_gmt":"2022-12-13T05:52:28","slug":"ir%c9%99li-ulu-ond%c9%99rin-anim-gunu-c%c9%99rciv%c9%99sind%c9%99-silsil%c9%99-t%c9%99dbirl%c9%99r-kecirib","status":"publish","type":"post","link":"https:\/\/infonews.az\/?p=27822","title":{"rendered":"\u201c\u0130R\u018fL\u0130\u201d Ulu \u00d6nd\u0259rin an\u0131m g\u00fcn\u00fc \u00e7\u0259r\u00e7iv\u0259sind\u0259 silsil\u0259 t\u0259dbirl\u0259r ke\u00e7irib"},"content":{"rendered":"<p><span style=\"color: #ffffff;\">\u201c\u0130R\u018fL\u0130\u201d Ulu \u00d6nd\u0259rin an\u0131m g\u00fcn\u00fc \u00e7\u0259r\u00e7iv\u0259sind\u0259 silsil\u0259 t\u0259dbirl\u0259r ke\u00e7irib<\/span><\/p>\n<blockquote><p><strong>\u201c\u0130r\u0259li\u201d \u0130ctimai Birliyinin t\u0259\u015fkilat\u00e7\u0131l\u0131\u011f\u0131 il\u0259 Ulu \u00d6nd\u0259rin an\u0131m g\u00fcn\u00fc \u00e7\u0259r\u00e7iv\u0259sind\u0259 silsil\u0259 t\u0259dbirl\u0259r h\u0259yata ke\u00e7irilib.<\/strong><\/p><\/blockquote>\n<p>Birliyin M\u0259tbuat xidm\u0259tind\u0259n <a href=\"https:\/\/infonews.az\/?p=27822\"><span style=\"color: #ff0000;\"><strong>&#8220;\u0130NFONEWS&#8221;<\/strong><\/span><\/a> -a bildirilib ki, \u201c\u0130r\u0259li\u201d \u0130ctimai Birliyinin n\u00fcmay\u0259nd\u0259l\u0259ri v\u0259 t\u0259\u015fkilata \u00fczv g\u0259ncl\u0259rin i\u015ftirak\u0131 il\u0259 F\u0259xri xiyabanda Ulu \u00d6nd\u0259r Heyd\u0259r \u018fliyevin m\u0259zar\u0131 ziyar\u0259t edilib, \u00f6n\u00fcn\u0259 g\u00fcl d\u0259st\u0259l\u0259ri d\u00fcz\u00fcl\u00fcb.<\/p>\n<p>T\u0259dbirl\u0259r plan\u0131 \u00e7\u0259r\u00e7iv\u0259sind\u0259 Ulu \u00d6nd\u0259rin az\u0259rbaycan\u00e7\u0131l\u0131q m\u0259fkur\u0259sinin g\u0259ncl\u0259r aras\u0131nda geni\u015f t\u0259bli\u011f edilm\u0259si m\u0259qs\u0259dil\u0259 t\u0259dbir ke\u00e7irilib.<\/p>\n<p>T\u0259dbir \u00dcmummilli lider Heyd\u0259r \u018fliyevin v\u0259 V\u0259t\u0259n torpaqlar\u0131n\u0131n b\u00fct\u00f6vl\u00fcy\u00fc u\u011frunda canlar\u0131ndan ke\u00e7mi\u015f \u015f\u0259hidl\u0259rimizin \u0259ziz xatir\u0259sinin bir d\u0259qiq\u0259lik s\u00fckutla yad edilm\u0259si il\u0259 ba\u015flay\u0131b.<\/p>\n<p>Az\u0259rbaycan Respublikas\u0131 Milli M\u0259clisinin deputat\u0131 Naqif H\u0259mz\u0259yev, G\u0259ncl\u0259r T\u0259\u015fkilatlar\u0131 Milli \u015euras\u0131n\u0131n s\u0259dri Az\u0259r \u018fliyev v\u0259 \u201c\u0130r\u0259li\u201d \u0130ctimai Birliyinin s\u0259dri \u015eahin R\u0259hmanl\u0131 t\u0259dbird\u0259 \u00e7\u0131x\u0131\u015flar\u0131 zaman\u0131 Ulu \u00d6nd\u0259r Heyd\u0259r \u018fliyevin \u00f6lk\u0259 g\u0259ncliyin\u0259 daim b\u00f6y\u00fck diqq\u0259t v\u0259 qay\u011f\u0131 g\u00f6st\u0259rdiyini, onun f\u0259aliyy\u0259ti d\u00f6vr\u00fcnd\u0259 g\u0259ncl\u0259rin v\u0259t\u0259np\u0259rv\u0259r v\u0259 milli ruhda formala\u015fmas\u0131n\u0131n d\u00f6vl\u0259tin \u0259sas prioritet istiqam\u0259tl\u0259rind\u0259n biri olaraq q\u0259bul edildiyini diqq\u0259t\u0259 \u00e7atd\u0131r\u0131blar.<\/p>\n<p>D\u00f6vl\u0259t g\u0259ncl\u0259r siyas\u0259tinin haz\u0131rda Prezident \u0130lham \u018fliyev t\u0259r\u0259find\u0259n u\u011furla davam etdirildiyini bildir\u0259n \u00e7\u0131x\u0131\u015f\u00e7\u0131lar bu m\u00fcdd\u0259t \u0259rzind\u0259 formala\u015fan g\u0259ncliyin \u00fcmummilli m\u0259s\u0259l\u0259l\u0259rd\u0259 y\u00fcks\u0259k f\u0259all\u0131q n\u00fcmayi\u015f etdirdiyini, habel\u0259 V\u0259t\u0259n m\u00fcharib\u0259sind\u0259 \u00f6z can\u0131-qan\u0131 bahas\u0131na torpaqlar\u0131m\u0131z\u0131n i\u015f\u011faldan azad olunmas\u0131nda, bununla da, Ulu \u00d6nd\u0259rin v\u0259siyy\u0259tinin yerin\u0259 yetirilm\u0259sind\u0259 olduqca b\u00f6y\u00fck rola malik oldu\u011funu vur\u011fulay\u0131blar.<\/p>\n<p>T\u0259dbir daha sonra m\u00fcst\u0259qil v\u0259 m\u00fcasir Az\u0259rbaycan\u0131n qurucusu, \u00dcmummilli lider Heyd\u0259r \u018fliyevin irsinin g\u0259l\u0259c\u0259k n\u0259sill\u0259r\u0259 a\u015f\u0131lanmas\u0131nda g\u0259ncl\u0259rin rolu m\u00f6vzusunda m\u00fczakir\u0259l\u0259rl\u0259 davam edib, g\u0259ncl\u0259ri maraqland\u0131ran suallar cavabland\u0131r\u0131l\u0131b.<\/p>\n<p>Silsil\u0259 t\u0259dbirl\u0259r \u00e7\u0259r\u00e7iv\u0259sind\u0259 h\u0259m\u00e7inin Az\u0259rbaycan Televiziyas\u0131 t\u0259r\u0259find\u0259n lent\u0259 al\u0131nan \u201cXalq\u0131n Adam\u0131\u201d filminin n\u00fcmayi\u015fi ke\u00e7irilib, g\u0259ncl\u0259rin Heyd\u0259r \u018fliyev M\u0259rk\u0259zin\u0259 ekskursiyas\u0131 t\u0259\u015fkil edilib. Ekskursiya m\u00fcdd\u0259tind\u0259 g\u0259ncl\u0259r \u00dcmummilli liderin ke\u00e7diyi \u015f\u0259r\u0259fli \u00f6m\u00fcr yolu il\u0259 ba\u011fl\u0131 maraql\u0131 faktlar, foto v\u0259 video materiallar v\u0259 eksponatlarla yax\u0131ndan tan\u0131\u015f olublar.<\/p>\n<p><img loading=\"lazy\" decoding=\"async\" class=\"alignleft wp-image-27818 size-thumbnail\" src=\"https:\/\/infonews.az\/wp-content\/uploads\/2022\/12\/ffe25978-b145-40e0-ac4b-b5b662ebce05-150x150.jpg\" alt=\"\" width=\"150\" height=\"150\" \/><\/p>\n<p><img loading=\"lazy\" decoding=\"async\" class=\"alignleft wp-image-27817 size-thumbnail\" src=\"https:\/\/infonews.az\/wp-content\/uploads\/2022\/12\/712758d0-3a00-40d6-b657-d15b8c331384-150x150.jpg\" alt=\"\" width=\"150\" height=\"150\" \/><\/p>\n<p><img loading=\"lazy\" decoding=\"async\" class=\"alignleft wp-image-27819 size-thumbnail\" src=\"https:\/\/infonews.az\/wp-content\/uploads\/2022\/12\/f2da084c-2285-418d-bf53-2920aed7c8d1-150x150.jpg\" alt=\"\" width=\"150\" height=\"150\" \/><\/p>\n","protected":false},"excerpt":{"rendered":"<p>\u201c\u0130R\u018fL\u0130\u201d Ulu \u00d6nd\u0259rin an\u0131m g\u00fcn\u00fc \u00e7\u0259r\u00e7iv\u0259sind\u0259 silsil\u0259 t\u0259dbirl\u0259r ke\u00e7irib \u201c\u0130r\u0259li\u201d \u0130ctimai Birliyinin t\u0259\u015fkilat\u00e7\u0131l\u0131\u011f\u0131 il\u0259 Ulu \u00d6nd\u0259rin an\u0131m g\u00fcn\u00fc \u00e7\u0259r\u00e7iv\u0259sind\u0259 silsil\u0259 t\u0259dbirl\u0259r h\u0259yata ke\u00e7irilib. Birliyin M\u0259tbuat xidm\u0259tind\u0259n &#8220;\u0130NFONEWS&#8221; -a bildirilib ki,&hellip; <\/p>\n","protected":false},"author":14,"featured_media":27821,"comment_status":"open","ping_status":"open","sticky":false,"template":"","format":"standard","meta":{"_mi_skip_tracking":false,"_monsterinsights_sitenote_active":false,"_monsterinsights_sitenote_note":"","_monsterinsights_sitenote_category":0,"footnotes":""},"categories":[5373,4,11],"tags":[5462,9470,15],"aioseo_notices":[],"_links":{"self":[{"href":"https:\/\/infonews.az\/index.php?rest_route=\/wp\/v2\/posts\/27822"}],"collection":[{"href":"https:\/\/infonews.az\/index.php?rest_route=\/wp\/v2\/posts"}],"about":[{"href":"https:\/\/infonews.az\/index.php?rest_route=\/wp\/v2\/types\/post"}],"author":[{"embeddable":true,"href":"https:\/\/infonews.az\/index.php?rest_route=\/wp\/v2\/users\/14"}],"replies":[{"embeddable":true,"href":"https:\/\/infonews.az\/index.php?rest_route=%2Fwp%2Fv2%2Fcomments&post=27822"}],"version-history":[{"count":1,"href":"https:\/\/infonews.az\/index.php?rest_route=\/wp\/v2\/posts\/27822\/revisions"}],"predecessor-version":[{"id":27823,"href":"https:\/\/infonews.az\/index.php?rest_route=\/wp\/v2\/posts\/27822\/revisions\/27823"}],"wp:featuredmedia":[{"embeddable":true,"href":"https:\/\/infonews.az\/index.php?rest_route=\/wp\/v2\/media\/27821"}],"wp:attachment":[{"href":"https:\/\/infonews.az\/index.php?rest_route=%2Fwp%2Fv2%2Fmedia&parent=27822"}],"wp:term":[{"taxonomy":"category","embeddable":true,"href":"https:\/\/infonews.az\/index.php?rest_route=%2Fwp%2Fv2%2Fcategories&post=27822"},{"taxonomy":"post_tag","embeddable":true,"href":"https:\/\/infonews.az\/index.php?rest_route=%2Fwp%2Fv2%2Ftags&post=27822"}],"curies":[{"name":"wp","href":"https:\/\/api.w.org\/{rel}","templated":true}]}}