{"id":2787,"date":"2021-01-22T13:50:52","date_gmt":"2021-01-22T09:50:52","guid":{"rendered":"https:\/\/infonews.az\/?p=2787"},"modified":"2021-01-22T13:50:52","modified_gmt":"2021-01-22T09:50:52","slug":"az%c9%99rbaycan-mu%c9%99llimi-q%c9%99zetinin-22-yanvar-2021-ci-il-tarixli-buraxilisinda-mdu-rektorunun-m%c9%99qal%c9%99si-d%c9%99rc-olunub-ii-hiss%c9%99","status":"publish","type":"post","link":"https:\/\/infonews.az\/?p=2787","title":{"rendered":"\u201cAz\u0259rbaycan m\u00fc\u0259llimi&#8221; q\u0259zetinin 22 yanvar 2021-ci il tarixli burax\u0131l\u0131\u015f\u0131nda MDU rektorunun m\u0259qal\u0259si d\u0259rc olunub (II hiss\u0259)"},"content":{"rendered":"<p><img loading=\"lazy\" decoding=\"async\" class=\"wp-image-2788 aligncenter\" src=\"https:\/\/infonews.az\/wp-content\/uploads\/2021\/01\/mdu-300x200.jpg\" alt=\"\" width=\"542\" height=\"361\" srcset=\"https:\/\/infonews.az\/wp-content\/uploads\/2021\/01\/mdu-300x200.jpg 300w, https:\/\/infonews.az\/wp-content\/uploads\/2021\/01\/mdu.jpg 448w\" sizes=\"(max-width: 542px) 100vw, 542px\" \/><\/p>\n<p>&nbsp;<\/p>\n<p style=\"margin: 0cm; text-indent: 27.0pt;\"><b><span style=\"font-family: 'Arial',sans-serif; color: black;\">(\u018fvv\u0259li q\u0259zetin 08.01.2021-ci il tarixli say\u0131nda<\/span><\/b><b><span style=\"font-family: 'Arial',sans-serif;\">\u00a0\u00a0<\/span><\/b><a href=\"https:\/\/muallim.edu.az\/news.php?id=14122\" target=\"_blank\" rel=\"noopener\"><span style=\"font-family: 'Arial',sans-serif;\">https:\/\/muallim.edu.az<\/span><\/a><b><span style=\"font-family: 'Arial',sans-serif;\">)<\/span><\/b><\/p>\n<p style=\"margin: 0cm; text-indent: 27.0pt;\"><a href=\"https:\/\/muallim.edu.az\/news.php?id=14328#prettyPhoto\" target=\"_blank\" rel=\"noopener\"><span style=\"font-family: 'Arial',sans-serif;\">Az\u0259rbaycan m\u00fc\u0259llimi, 22 yanvar 2021-ci il<\/span><\/a><\/p>\n<p style=\"margin: 0cm; text-indent: 27.3pt;\"><a href=\"http:\/\/mdu.edu.az\/images\/pdf\/meqale22012021.pdf\" target=\"_blank\" rel=\"noopener\"><span style=\"font-family: 'Arial',sans-serif;\">Q\u0259zetin PDF versiyas\u0131<\/span><\/a><\/p>\n<p>&nbsp;<\/p>\n<p style=\"margin: 0cm; text-align: justify; text-indent: 27.3pt;\"><span class=\"8exact1\"><b><i><span style=\"font-size: 14.0pt; font-family: 'Arial',sans-serif; color: black;\">Qabaqc\u0131l universitetl\u0259rl\u0259 faydal\u0131 \u0259m\u0259kda\u015fl\u0131q modeli<\/span><\/i><\/b><\/span><\/p>\n<p style=\"text-align: justify; text-indent: 27.0pt;\"><span style=\"font-family: 'Arial',sans-serif; color: black;\">AzTU il\u0259 MDU aras\u0131nda 2019-cu ild\u0259 imzalanm\u0131\u015f Anla\u015fma Me\u00admorandumu \u00e7\u0259r\u00e7iv\u0259sind\u0259 qar\u015f\u0131l\u0131ql\u0131 faydal\u0131 \u0259m\u0259kda\u015fl\u0131\u011f\u0131n inki\u015fa\u00adf\u0131 cari t\u0259dris ilinin pay\u0131z semestri \u0259rzind\u0259 u\u011furla davam etdiril\u00admi\u015f v\u0259 bu istiqam\u0259td\u0259 \u0259h\u0259miyy\u0259tli add\u0131mlar at\u0131lm\u0131\u015fd\u0131r. \u00d6lk\u0259mizin n\u00fcfuzlu ali t\u0259hsil m\u00fc\u0259ssis\u0259l\u0259rind\u0259n biri olan AzTU-nun z\u0259ngin t\u0259dris, metodiki v\u0259 elmi bazas\u0131ndan faydalanma\u011fa geni\u015f imkan yaradan bu \u0259m\u0259kda\u015fl\u0131q MDU- nun M\u00fch\u0259ndislik fak\u00fclt\u0259sinin potensial\u0131n\u0131n g\u00fccl\u0259ndirilm\u0259sin\u0259 v\u0259 kadr ha\u00adz\u0131rl\u0131\u011f\u0131n\u0131n keyfiyy\u0259tinin y\u00fcks\u0259ldilm\u0259sin\u0259 m\u00fch\u00fcm t\u00f6hf\u0259 vermi\u015fdir. Hesabat d\u00f6vr\u00fcnd\u0259 AzTU il\u0259 birlikd\u0259 ke\u00e7irilmi\u015f \u201cAz\u0259rbaycanda r\u0259q\u0259msal \u00f6d\u0259ni\u015fl\u0259\u00adrin t\u0259tbiqi: reall\u0131qlar v\u0259 perspektivl\u0259r\u201d, AzTU-nun 70 illik yubileyin\u0259 h\u0259sr olunan \u201cC\u0259miyy\u0259tin innovativ infrastrukturunun formala\u015fmas\u0131nda informa\u00adsiya texnologiyalar\u0131 s\u0259nayesinin artan rolu\u201d m\u00f6vzular\u0131nda n\u0259z\u0259ri-praktiki seminarlar u\u011furlu v\u0259 m\u0259hsuldar olmu\u015fdur. Cari t\u0259dris ilind\u0259n etibar\u0259n Az\u00adTU-nun bir professoru v\u0259 bir dosenti davaml\u0131 \u0259saslarla (0.5 \u015ftat) MDU-nun M\u00fch\u0259ndislik fak\u00fclt\u0259sind\u0259 t\u0259dris prosesin\u0259 c\u0259lb olunmu\u015fdur.<\/span><\/p>\n<p style=\"text-align: justify; text-indent: 27.0pt;\"><span style=\"font-family: 'Arial',sans-serif; color: black;\">MDU Az\u0259rbaycan\u0131n qabaqc\u0131l v\u0259 qoca\u00adman ali t\u0259hsil m\u00fc\u0259ssis\u0259l\u0259rind\u0259n biri olan ADNSU il\u0259 \u0259m\u0259kda\u015fl\u0131\u011f\u0131n inki\u015faf etdirilm\u0259\u00adsin\u0259 x\u00fcsusi \u00f6n\u0259m verir. Bu \u00e7\u0259r\u00e7iv\u0259d\u0259 2020- ci ilin 25 dekabr tarixind\u0259 MDU-nun t\u0259\u015f\u0259b\u00adb\u00fcs\u00fc il\u0259 ADNSU-nun 100 illik yubileyin\u0259 h\u0259sr olunan birg\u0259 onlayn t\u0259dbir ke\u00e7irilmi\u015f\u00addir. iki universitet aras\u0131nda t\u0259l\u0259b\u0259 v\u0259 m\u00fc\u0259l\u00adlim m\u00fcbadil\u0259sinin h\u0259yata ke\u00e7irilm\u0259si, birg\u0259 t\u0259dqiqatlar\u0131n apar\u0131lmas\u0131, ortaq layih\u0259l\u0259rin ic\u00adra edilm\u0259si, MDU t\u0259l\u0259b\u0259l\u0259ri v\u0259 m\u00fc\u0259lliml\u0259\u00adrin\u0259 ADNSU-nun z\u0259ngin kitabxanas\u0131na \u00e7\u0131\u00adx\u0131\u015f imkan\u0131n\u0131n verilm\u0259si, MDU-nun g\u0259nc \u0259m\u0259kda\u015flar\u0131n\u0131n ADNSU-da doktorantura s\u0259viyy\u0259sind\u0259 t\u0259hsil almas\u0131 v\u0259 dig\u0259r istiqa\u00adm\u0259tl\u0259r \u00fczr\u0259 qar\u015f\u0131l\u0131ql\u0131 faydal\u0131 \u0259m\u0259kda\u015fl\u0131\u011f\u0131n inki\u015faf etdirilm\u0259si m\u0259s\u0259l\u0259l\u0259ri bar\u0259d\u0259 ilkin raz\u0131l\u0131q \u0259ld\u0259 olunmu\u015fdur.<\/span><\/p>\n<p style=\"text-align: justify; text-indent: 27.0pt;\"><span style=\"font-family: 'Arial',sans-serif; color: black;\">D\u00fcnya s\u0259viyy\u0259li universitet olmaq yo\u00adlunda s\u00fcr\u0259tl\u0259 ir\u0259lil\u0259y\u0259n UNEC il\u0259 u\u011furla da\u00advam etdiril\u0259n qar\u015f\u0131l\u0131ql\u0131 faydal\u0131 \u0259m\u0259kda\u015fl\u0131q daha \u00e7ox MDU-nun iqtisadiyyat v\u0259 idar\u0259et\u00adm\u0259 fak\u00fclt\u0259sinin modeml\u0259\u015fdirilm\u0259sini h\u0259- d\u0259fl\u0259mi\u015fdir. UNEC il\u0259 2019-cu ild\u0259 imza\u00adlanm\u0131\u015f \u0259m\u0259kda\u015fl\u0131q m\u00fcqavil\u0259si \u00e7\u0259r\u00e7iv\u0259sind\u0259 MDU t\u0259l\u0259b\u0259l\u0259ri, magistrantlar\u0131 v\u0259 \u0259m\u0259k\u00adda\u015flar\u0131 UNEC-d\u0259 t\u0259\u015fkil olunan \u0259ks\u0259r konfranslarda v\u0259 t\u0259liml\u0259rd\u0259 f\u0259al i\u015ftirak et\u00admi\u015fdir. 2020-ci ilin 31 avqust &#8211; 4 sentyabr tarixl\u0259rind\u0259 MDU-nun 100-\u0259 yax\u0131n profes\u00adsor-m\u00fc\u0259llim v\u0259 inzibati-texniki hey\u0259t \u00fczv\u00fc UNEC t\u0259r\u0259find\u0259n t\u0259\u015fkil olunan \u201cDistant t\u0259hsild\u0259 t\u0259drisin t\u0259\u015fkili v\u0259 metodik t\u0259minat\u0131\u201d m\u00f6vzusunda onlayn t\u0259liml\u0259rd\u0259 i\u015ftirak et\u00admi\u015fdir.<\/span><\/p>\n<p style=\"text-align: justify;\"><b><i><span style=\"font-size: 14.0pt; font-family: 'Arial',sans-serif; color: black;\">\u00a0\u00a0\u00a0\u00a0\u00a0\u00a0 Beyn\u0259lxalq \u0259m\u0259kda\u015fl\u0131qda yeni u\u011furlar<\/span><\/i><\/b><\/p>\n<p style=\"text-align: justify;\"><b><i><span style=\"font-family: 'Arial',sans-serif; color: black;\">\u00a0\u00a0\u00a0\u00a0\u00a0\u00a0\u00a0 Erasmus+ proqram\u0131<\/span><\/i><\/b><\/p>\n<p style=\"text-align: justify; text-indent: 27.0pt;\"><span style=\"font-family: 'Arial',sans-serif; color: black;\">MDU Avropa ittifaq\u0131n\u0131n Erasmus+ proq\u00adram\u0131 \u00e7\u0259r\u00e7iv\u0259sind\u0259 h\u0259m potensial\u0131n g\u00fccl\u0259n\u00addirilm\u0259si, h\u0259m d\u0259 t\u0259l\u0259b\u0259 v\u0259 m\u00fc\u0259llim m\u00fcba\u00addil\u0259si layih\u0259l\u0259rind\u0259 f\u0259al i\u015ftiraka x\u00fcsusi diq\u00adq\u0259t yetirir. Pay\u0131z semestri \u0259r\u0259f\u0259sind\u0259 MDU \u201cErasmus+\u201d proqram\u0131 \u00e7\u0259r\u00e7iv\u0259sind\u0259 qalib elan edilmi\u015f \u201cSahil ekosisteml\u0259rinin iqlim d\u0259yi\u015fikliyin\u0259 uy\u011funla\u015fmas\u0131 \u00fc\u00e7\u00fcn geom\u0259kan m\u00fch\u0259ndisliyi \u00fczr\u0259 yeni kurslar\u201d (\u201cNew Courses in Geospatial Engineering for Cli\u00admate Change Adaptation of Coastal Ecosystems\u201d &#8211; GEOCLIC) layih\u0259sinin t\u0259\u00adr\u0259fda\u015flar\u0131ndan biridir. Ali t\u0259hsild\u0259 potensia\u00adl\u0131n g\u00fccl\u0259ndirilm\u0259sin\u0259 xidm\u0259t ed\u0259n yeni layi\u00adh\u0259nin 2021-2023-c\u00fc ill\u0259rd\u0259 icra edilm\u0259si n\u0259z\u0259rd\u0259 tutulur. Layih\u0259nin icras\u0131 \u00e7\u0259r\u00e7iv\u0259sin\u00add\u0259 Almaniya, Niderland, Litva v\u0259 Rum\u0131niya universitetl\u0259rinin m\u00fcsb\u0259t t\u0259cr\u00fcb\u0259si \u00f6yr\u0259ni\u00adl\u0259c\u0259kdir. Layih\u0259 \u00e7\u0259r\u00e7iv\u0259sind\u0259 t\u0259r\u0259fda\u015f uni\u00adversitetl\u0259rd\u0259 m\u00fcvafiq ixtisaslar \u00fczr\u0259 kuriku\u00adlumlar\u0131n t\u0259kmill\u0259\u015fdirilm\u0259si, laboratoriyala\u00adr\u0131n v\u0259 virtual otaqlar\u0131n yarad\u0131lmas\u0131 n\u0259z\u0259rd\u0259 tutulmu\u015fdur.<\/span><\/p>\n<p style=\"text-align: justify;\"><span style=\"font-family: 'Arial',sans-serif;\">\u00a0<b><i><span style=\"color: black;\">\u00a0\u00a0\u00a0\u00a0\u00a0\u00a0\u00a0 Siegen Universiteti (University of Siegen)<\/span><\/i><\/b><\/span><\/p>\n<p style=\"text-align: justify; text-indent: 27.0pt;\"><span style=\"font-family: 'Arial',sans-serif; color: black;\">Cari t\u0259dris ilinin \u0259vv\u0259lind\u0259 MDU il\u0259 Al\u00admaniyan\u0131n Siegen Universiteti aras\u0131nda \u0259m\u0259kda\u015fl\u0131\u011f\u0131n \u0259sas\u0131 qoyulmu\u015fdur. 2020-ci ilin noyabr-dekabr aylar\u0131nda iki universitet aras\u0131nda \u201cSahibkarl\u0131q bacar\u0131qlar\u0131n\u0131n inki\u015faf etdirilm\u0259si\u201d m\u00f6vzusunda birg\u0259 layih\u0259 real\u00adla\u015fd\u0131r\u0131lm\u0131\u015fd\u0131r. Layih\u0259 \u00e7\u0259r\u00e7iv\u0259sind\u0259 online formatda t\u0259\u015fkil edilmi\u015f t\u0259liml\u0259rd\u0259 MDU- nun inzibati v\u0259 akademik hey\u0259t \u00fczvl\u0259ri, t\u0259\u00adl\u0259b\u0259, magistrant v\u0259 doktorantlar\u0131 f\u0259al i\u015ftirak etmi\u015fdir. Almaniyan\u0131n Siegen Universiteti\u00adnin professor-m\u00fc\u0259llim hey\u0259ti, Prime Aca\u00addemy komandas\u0131n\u0131n \u00fczvl\u0259ri v\u0259 u\u011furlu sahib\u00adkarl\u0131q t\u0259cr\u00fcb\u0259si olan i\u015f adamlar\u0131 t\u0259r\u0259find\u0259n ke\u00e7irilmi\u015f t\u0259liml\u0259r biznes-planlar\u0131n haz\u0131r\u00adlanmas\u0131, startaplar\u0131n yarad\u0131lmas\u0131, maliyy\u0259 m\u0259nb\u0259l\u0259rin\u0259 \u00e7\u0131x\u0131\u015f yollar\u0131 v\u0259 dig\u0259r m\u00f6vzula\u00adr\u0131 \u0259hat\u0259 etmi\u015fdir.<\/span><\/p>\n<p style=\"text-align: justify; text-indent: 27.0pt;\"><span style=\"font-family: 'Arial',sans-serif; color: black;\">T\u0259liml\u0259rd\u0259 u\u011fur qazanm\u0131\u015f t\u0259l\u0259b\u0259l\u0259r, magistrantlar v\u0259 akademik hey\u0259t \u00fczvl\u0259ri 2020-ci ilin 11-12 dekabr tarixl\u0259rind\u0259 Prime Academy (Almaniya) t\u0259r\u0259find\u0259n t\u0259\u015fkil edi\u00adl\u0259n beyn\u0259lxalq m\u00fcsabiq\u0259d\u0259 i\u015ftirak imkan\u0131 qazanm\u0131\u015fd\u0131r. Onlayn formatda ke\u00e7irilmi\u015f beyn\u0259lxalq m\u00fcsabiq\u0259d\u0259 Az\u0259rbaycan\u0131 MDU- nun 3 komandas\u0131 t\u0259msil etmi\u015fdir. \u00dcmumi\u00adlikd\u0259 13 komandan\u0131n i\u015ftirak etdiyi beyn\u0259l\u00ad xalq m\u00fcsabiq\u0259nin n\u0259tic\u0259l\u0259rin\u0259 \u0259sas\u0259n, MDU-1 komandas\u0131 f\u0259xri 5-ci yer\u0259 layiq g\u00f6\u00adr\u00fclm\u00fc\u015fd\u00fcr.<\/span><\/p>\n<p style=\"text-align: justify;\"><b><i><span style=\"font-family: 'Arial',sans-serif; color: black;\">\u00a0\u00a0\u00a0\u00a0\u00a0\u00a0\u00a0 Almaniya Beyn\u0259lxalq \u018fm\u0259kda\u015fl\u0131q C\u0259miyy\u0259ti (GIZ)<\/span><\/i><\/b><\/p>\n<p style=\"text-align: justify; text-indent: 27.0pt;\"><span style=\"font-family: 'Arial',sans-serif; color: black;\">2020-ci ilin dekabr\u0131nda MDU il\u0259 Alma\u00adniya Beyn\u0259lxalq \u018fm\u0259kda\u015fl\u0131q C\u0259miyy\u0259tinin (GIZ) Bak\u0131 n\u00fcmay\u0259nd\u0259liyi aras\u0131nda \u0259m\u0259k\u00adda\u015fl\u0131q \u00e7\u0259r\u00e7iv\u0259sind\u0259 \u201cMDU-da Karyera M\u0259rk\u0259zinin yarad\u0131lmas\u0131 v\u0259 inki\u015faf\u0131\u201d layih\u0259\u00adsinin icras\u0131na start verilmi\u015fdir. Layih\u0259 \u00e7\u0259r\u00e7i\u00adv\u0259sind\u0259 MDU-da yarad\u0131lacaq Karyera M\u0259r\u00adk\u0259zinin b\u00fct\u00fcn z\u0259ruri ofis avadanl\u0131qlar\u0131 il\u0259 t\u0259chiz olunmas\u0131 v\u0259 yeni struktur b\u00f6lm\u0259nin f\u0259aliyy\u0259tinin t\u0259\u015fkilin\u0259 texniki yard\u0131m g\u00f6st\u0259\u00adrilm\u0259si n\u0259z\u0259rd\u0259 tutulmu\u015fdur. Karyera M\u0259r\u00adk\u0259zinin \u0259sas m\u0259qs\u0259di \u0259m\u0259k bazar\u0131nda r\u0259qa\u00adb\u0259t qabiliyy\u0259tliliyinin y\u00fcks\u0259ldilm\u0259si, karye\u00adra se\u00e7imi v\u0259 m\u0259\u015f\u011fulluq probleml\u0259rinin h\u0259lli, i\u015f\u0259g\u00f6t\u00fcr\u0259nl\u0259rl\u0259 \u0259laq\u0259l\u0259rin yarad\u0131lmas\u0131, ali t\u0259hsilin n\u00f6vb\u0259ti s\u0259viyy\u0259l\u0259rind\u0259 t\u0259hsilin da\u00advam etdirilm\u0259si v\u0259 karyera inki\u015faf\u0131 kimi va\u00adcib m\u0259s\u0259l\u0259l\u0259rd\u0259 t\u0259hsilalanlara v\u0259 m\u0259zunlara k\u00f6m\u0259klik g\u00f6st\u0259rilm\u0259sind\u0259n ibar\u0259t olacaqd\u0131r.<\/span><\/p>\n<p style=\"text-align: justify; text-indent: 27.0pt;\"><span style=\"font-family: 'Arial',sans-serif; color: black;\">Layih\u0259 \u00e7\u0259r\u00e7iv\u0259sind\u0259 \u201cKaryera m\u0259sl\u0259h\u0259t\u00ad\u00e7il\u0259ri\u201d t\u0259liml\u0259rinin ke\u00e7irilm\u0259sin\u0259 ba\u015flan\u0131l\u00adm\u0131\u015fd\u0131r. iki ay m\u00fcdd\u0259tind\u0259 davam ed\u0259c\u0259k t\u0259\u00adliml\u0259r karyera m\u0259sl\u0259h\u0259t\u00e7isinin bacar\u0131qlar\u0131 v\u0259 m\u0259suliyy\u0259ti, insan inki\u015faf\u0131 n\u0259z\u0259riyy\u0259l\u0259ri, karyera planla\u015fd\u0131r\u0131lmas\u0131, \u0259m\u0259k bazar\u0131 v\u0259 g\u0259\u00adl\u0259c\u0259k bacar\u0131qlar, i\u015f axtar\u0131\u015f\u0131 al\u0259tl\u0259ri, i\u015f m\u00fcsa\u00adhib\u0259l\u0259rin\u0259 haz\u0131rl\u0131q, t\u0259nqidi d\u00fc\u015f\u00fcnm\u0259, kom\u00admunikasiya, natiqlik, t\u0259qdimat bacar\u0131qlar\u0131, karyera m\u0259rk\u0259zinin effektiv idar\u0259 edilm\u0259si v\u0259 dig\u0259r m\u00f6vzular\u0131 \u0259hat\u0259 ed\u0259c\u0259kdir.<\/span><\/p>\n<p style=\"text-align: justify;\"><b><i><span style=\"font-family: 'Arial',sans-serif; color: black;\">\u00a0\u00a0\u00a0\u00a0\u00a0\u00a0 Avropa Ali T\u0259hsil M\u0259kan\u0131 (EHEA) \u00f6lk\u0259l\u0259rin Nazirl\u0259r Konfrans\u0131<\/span><\/i><\/b><\/p>\n<p style=\"text-align: justify; text-indent: 27.0pt;\"><span style=\"font-family: 'Arial',sans-serif; color: black;\">2020-ci ilin 19 noyabr tarixind\u0259 EHEA \u00fczv-\u00f6lk\u0259l\u0259rinin onlayn formatda ke\u00e7irilmi\u015f n\u00f6vb\u0259ti Nazirl\u0259r Konfrans\u0131nda MDU da t\u0259msil olunmu\u015fdur. T\u0259dbird\u0259 EHEA \u00fczv\u00fc olan 48 \u00f6lk\u0259nin t\u0259hsil nazirl\u0259ri, o c\u00fcml\u0259d\u0259n Az\u0259rbaycan Respublikas\u0131n\u0131n T\u0259hsil naziri Emin \u018fmrullayev i\u015ftirak v\u0259 \u00e7\u0131x\u0131\u015f etmi\u015fdir. Nazir \u00e7\u0131x\u0131\u015f\u0131nda \u00f6lk\u0259mizd\u0259 ali t\u0259hsil sah\u0259sin\u00add\u0259 h\u0259yata ke\u00e7iril\u0259n islahatlar v\u0259 son d\u00f6vr \u0259r\u00adzind\u0259 bu sah\u0259d\u0259 \u0259ld\u0259 olunan u\u011furlardan b\u0259hs etmi\u015fdir. italiyan\u0131n s\u0259drliyi il\u0259 ba\u015f tutan t\u0259dbird\u0259 EHEA-n\u0131n g\u0259l\u0259c\u0259yi, inki\u015faf v\u0259 \u0259m\u0259kda\u015fl\u0131q perspektivl\u0259ri m\u00fczakir\u0259 edilmi\u015f, inkl\u00fczivlik (sosial inkl\u00fczivlik), innovativlik, \u0259m\u0259kda\u015fl\u0131q v\u0259 mobillik n\u00f6vb\u0259ti onillikd\u0259 ali t\u0259hsilin \u0259sas d\u0259y\u0259rl\u0259ri v\u0259 inki\u015faf h\u0259d\u0259fl\u0259ri kimi qeyd edilmi\u015fdir.<\/span><\/p>\n<p style=\"text-align: justify; text-indent: 27.0pt;\"><b><i><span style=\"font-family: 'Arial',sans-serif; color: black;\">K\u0259m\u0259r v\u0259 Yol Universitetl\u0259ri Alyans\u0131 (UAB&amp;R)<\/span><\/i><\/b><\/p>\n<p style=\"text-align: justify; text-indent: 27.0pt;\"><span style=\"font-family: 'Arial',sans-serif; color: black;\">2020-ci ilin 27 noyabr tarixind\u0259 MDU- nun rektoru UAB&amp;R-\u0131n \u201cPost-pandemiya d\u00f6vr\u00fcnd\u0259 beyn\u0259lxalq \u0259m\u0259kda\u015fl\u0131q v\u0259 m\u00fcba\u00addil\u0259y\u0259 yeni yana\u015fma\u201d m\u00f6vzusunda ke\u00e7irdiyi beyn\u0259lxalq konfransda i\u015ftirak etmi\u015fdir. \u00c7in Xalq Respublikas\u0131n\u0131n Lanzhou Universiteti (Lanzhou University) v\u0259 Qansu \u018fyal\u0259tinin T\u0259hsil Departamenti t\u0259r\u0259find\u0259n birg\u0259 t\u0259\u015fkil olunan t\u0259dbir\u0259 17 \u00f6lk\u0259d\u0259n 60-ya yax\u0131n uni\u00adversitetin rektorlar\u0131 qat\u0131lm\u0131\u015fd\u0131r.<\/span><\/p>\n<p style=\"text-align: justify; text-indent: 27.0pt;\"><span style=\"font-family: 'Arial',sans-serif; color: black;\">MDU-nun rektoru konfransda \u201cPost- pandemiya d\u00f6vr\u00fcnd\u0259 Bir K\u0259m\u0259r v\u0259 Bir Yol t\u0259\u015f\u0259bb\u00fcs\u00fc regionu universitetl\u0259ri aras\u0131nda \u0259m\u0259kda\u015fl\u0131q: yeni \u00e7a\u011f\u0131r\u0131\u015flar v\u0259 imkanlar\u201d m\u00f6vzusunda m\u0259ruz\u0259 il\u0259 \u00e7\u0131x\u0131\u015f etmi\u015fdir. M\u0259\u00adruz\u0259d\u0259 ali t\u0259hsilin COVID-19 infeksiyas\u0131nm \u0259n \u00e7ox t\u0259sir etdiyi sah\u0259l\u0259rd\u0259n biri olmas\u0131, universitetl\u0259rin t\u0259hsil v\u0259 elmi f\u0259aliyy\u0259tind\u0259 tamamil\u0259 yeni al\u0259tl\u0259rd\u0259n istifad\u0259nin z\u0259ruri\u00adliyi, m\u0259zunlarda f\u0259rqli m\u0259d\u0259niyy\u0259tl\u0259r\u0259 sahib c\u0259miyy\u0259tl\u0259rd\u0259 \u00e7al\u0131\u015fmaq imkan\u0131 ver\u0259n baca\u00adr\u0131qlar\u0131n yarad\u0131lmas\u0131n\u0131n vacibliyi, m\u0259saf\u0259d\u0259n t\u0259hsil sah\u0259sind\u0259 Az\u0259rbaycan t\u0259cr\u00fcb\u0259sinin x\u00fcsusiyy\u0259tl\u0259ri, MDU-nun UAB&amp;R-a \u00fczv olmaq niyy\u0259ti v\u0259 dig\u0259r m\u0259s\u0259l\u0259l\u0259r qeyd edil\u00admi\u015fdir.<\/span><\/p>\n<p style=\"text-align: justify;\"><b><i><span style=\"font-size: 14.0pt; font-family: 'Arial',sans-serif; color: black;\">\u00a0\u00a0\u00a0\u00a0\u00a0\u00a0 Bacar\u0131qlar\u0131n inki\u015faf etdirilm\u0259si<\/span><\/i><\/b><\/p>\n<p style=\"text-align: justify;\"><b><i><span style=\"font-family: 'Arial',sans-serif; color: black;\">\u00a0\u00a0\u00a0\u00a0\u00a0\u00a0\u00a0 Turizm sah\u0259si \u00fczr\u0259 birg\u0259 layih\u0259<\/span><\/i><\/b><\/p>\n<p style=\"text-align: justify; text-indent: 27.0pt;\"><span style=\"font-family: 'Arial',sans-serif; color: black;\">Turizm s\u0259nayesi \u00fc\u00e7\u00fcn ali t\u0259hsilli m\u00fct\u0259\u00adx\u0259ssis haz\u0131rl\u0131\u011f\u0131 h\u0259yata ke\u00e7iril\u0259n MDU-da bu istiqam\u0259t \u00fczr\u0259 t\u0259drisin m\u0259zmununun t\u0259k- mill\u0259\u015fdirilm\u0259sin\u0259, el\u0259c\u0259 d\u0259 professor-m\u00fc\u0259l\u00adlim v\u0259 t\u0259l\u0259b\u0259 hey\u0259tinin praktiki bilik v\u0259 ba\u00adcar\u0131qlar\u0131n\u0131n inki\u015faf etdirilm\u0259sin\u0259 x\u00fcsusi diq\u00adq\u0259t yetirilir. 2020-ci ilin noyabr-dekabr ay\u00adlar\u0131nda MDU-nun t\u0259\u015fkilat\u00e7\u0131l\u0131\u011f\u0131, Az\u0259rbaycan Respublikas\u0131n\u0131n D\u00f6vl\u0259t Turizm Agentliyinin d\u0259st\u0259yi, Az\u0259rbaycan Turizm v\u0259 Menecment Universitetinin (ATMU), Ming\u0259\u00e7evir Tu\u00adrizm Kollecinin t\u0259r\u0259fda\u015fl\u0131\u011f\u0131 il\u0259 \u201cTurizm sa\u00adh\u0259si \u00fczr\u0259 kadr haz\u0131rl\u0131\u011f\u0131nda yeni \u00e7a\u011f\u0131r\u0131\u015flar: t\u0259cr\u00fcb\u0259 v\u0259 karyera imkanlar\u0131\u201d m\u00f6vzusunda birg\u0259 layih\u0259 realla\u015fd\u0131r\u0131lm\u0131\u015fd\u0131r. MDU-da \u201cTurizm v\u0259 otel\u00e7ilik\u201d ixtisas\u0131 \u00fczr\u0259 kadr ha\u00adz\u0131rl\u0131\u011f\u0131 prosesin\u0259 t\u00f6hf\u0259 m\u0259qs\u0259dil\u0259 s\u00f6z\u00fcged\u0259n layih\u0259 \u00e7\u0259r\u00e7iv\u0259sind\u0259 \u201cAz\u0259rbaycanda Desti- nasiya Menecmenti T\u0259\u015fkilatlar\u0131 (DMT) v\u0259 \u015e\u0259ki Regional DMT-nin i\u015f prinsipl\u0259ri\u201d, \u201cSosial davran\u0131\u015flar\u0131n xidm\u0259t sah\u0259sind\u0259 rolu v\u0259 karyera\u201d, \u201cTurizm \u00fczr\u0259 t\u0259hsilin karyera\u00adda rolu: ATMU t\u0259cr\u00fcb\u0259sind\u0259\u201d, \u201cTurizm v\u0259 mehmanxana i\u015finin t\u0259\u015fkilind\u0259 kadrlar\u0131n ye\u00adti\u015fdirilm\u0259si v\u0259 komanda i\u015fi\u201d m\u00f6vzular\u0131nda 4 modullu onlayn t\u0259liml\u0259r t\u0259\u015fkil edilmi\u015fdir. T\u0259liml\u0259r respublikam\u0131z\u0131n turizm s\u0259nayesi sah\u0259sind\u0259 f\u0259aliyy\u0259t g\u00f6st\u0259r\u0259n t\u0259cr\u00fcb\u0259li m\u00fc\u00adt\u0259x\u0259ssisl\u0259ri t\u0259r\u0259find\u0259n ke\u00e7irilmi\u015fdir.<\/span><\/p>\n<p style=\"text-align: justify;\"><span style=\"font-family: 'Arial',sans-serif;\">\u00a0<span style=\"color: black;\">\u00a0\u00a0\u00a0\u00a0\u00a0\u00a0\u00a0\u00a0\u00a0 <b><i>M\u0259saf\u0259d\u0259n t\u0259hsil \u00fczr\u0259 t\u0259liml\u0259r<\/i><\/b><\/span><\/span><\/p>\n<p style=\"text-align: justify; text-indent: 27.0pt;\"><span style=\"font-family: 'Arial',sans-serif; color: black;\">Cari t\u0259dris ilinin pay\u0131z semestrind\u0259 MDU-nun administrativ hey\u0259ti, m\u00fc\u0259llim v\u0259 texniki i\u015f\u00e7il\u0259ri \u00fc\u00e7\u00fcn \u201cMicrosoft Teams Proq\u00adram\u0131 v\u0259 onun imkanlar\u0131\u201d m\u00f6vzusunda m\u00fct\u0259 madi t\u0259liml\u0259r ke\u00e7irilmi\u015fdir. T\u0259liml\u0259rin ke\u00e7i\u00adrilm\u0259sind\u0259 m\u0259qs\u0259d pandemiya d\u00f6vr\u00fcnd\u0259 m\u0259saf\u0259d\u0259n t\u0259hsil zaman\u0131 MDU \u0259m\u0259kda\u015fla\u00adr\u0131n\u0131n \u201cMicrosoft Teams\u201d proqram\u0131nda qa\u00adzand\u0131qlar\u0131 t\u0259cr\u00fcb\u0259l\u0259rini daha da geni\u015fl\u0259ndir\u00adm\u0259k, bununla da universitetd\u0259 m\u0259saf\u0259d\u0259n t\u0259drisin keyfiyy\u0259tini y\u00fcks\u0259ltm\u0259k olmu\u015fdur.<\/span><\/p>\n<p style=\"text-align: justify;\"><b><i><span style=\"font-size: 14.0pt; font-family: 'Arial',sans-serif; color: black;\">\u00a0\u00a0\u00a0\u00a0\u00a0 \u00a0<\/span><\/i><\/b><b><i><span style=\"font-family: 'Arial',sans-serif; color: black;\">Amerikal\u0131 professor MDU-nun m\u00fc\u0259llimi statusunda<\/span><\/i><\/b><\/p>\n<p style=\"text-align: justify; text-indent: 27.0pt;\"><span style=\"font-family: 'Arial',sans-serif; color: black;\">AB\u015e D\u00f6vl\u0259t Departamentinin maliyy\u0259\u00adl\u0259\u015fdirdiyi \u201cEnglish Language Fellow\u201d t\u0259\u00adqa\u00fcd proqram\u0131 \u00e7\u0259r\u00e7iv\u0259sind\u0259 Az\u0259rbaycan D\u00f6vl\u0259t Pedaqoji Universitetind\u0259 f\u0259aliyy\u0259t g\u00f6st\u0259r\u0259n ingilis dili m\u00fct\u0259x\u0259ssisi Richard Schlight cari t\u0259dris ilinin pay\u0131z semestrind\u0259 MDU-da t\u0259dris prosesind\u0259 f\u0259al i\u015ftirak etmi\u015f, bakalavriat s\u0259viyy\u0259sind\u0259 \u201cXarici dil m\u00fc\u0259l\u00adlimliyi (ingilis dili \u00fczr\u0259)\u201d ixtisas\u0131 \u00fczr\u0259 t\u0259hsil alan d\u00f6rd\u00fcnc\u00fc kurs t\u0259l\u0259b\u0259l\u0259rin\u0259 \u201cXarici dil\u00add\u0259 oxu v\u0259 nitq\u201d f\u0259nnini t\u0259dris etmi\u015fdir. On\u00adline formatda ke\u00e7iril\u0259n d\u0259rsl\u0259r t\u0259l\u0259b\u0259l\u0259rin xarici dild\u0259 oxu v\u0259 nitq bacar\u0131qlar\u0131n\u0131n inki\u00ad\u015faf\u0131na m\u00fch\u00fcm t\u00f6hf\u0259 vermi\u015fdir.<\/span><\/p>\n<p style=\"text-align: justify;\"><b><i><span style=\"font-size: 14.0pt; font-family: 'Arial',sans-serif; color: black;\">\u00a0\u00a0\u00a0\u00a0\u00a0\u00a0 44 g\u00fcnl\u00fck V\u0259t\u0259n m\u00fcharib\u0259si v\u0259 B\u00f6y\u00fck Z\u0259f\u0259r<\/span><\/i><\/b><\/p>\n<p style=\"text-align: justify; text-indent: 27.0pt;\"><span style=\"font-family: 'Arial',sans-serif; color: black;\">2020-ci il M\u00fcz\u0259ff\u0259r Ali Ba\u015f Komandan\u0131\u00adm\u0131z\u0131n v\u0259 r\u0259\u015fad\u0259tli Az\u0259rbaycan Ordusunun say\u0259sind\u0259 tarixi Z\u0259f\u0259r ili kimi xalq\u0131m\u0131z\u0131n yadda\u015f\u0131na q\u0131z\u0131l h\u0259rfl\u0259rl\u0259 \u0259b\u0259di h\u0259kk olun\u00admu\u015fdur.<\/span><\/p>\n<p style=\"text-align: justify; text-indent: 27.0pt;\"><span style=\"font-family: 'Arial',sans-serif; color: black;\">30 illik h\u0259sr\u0259t\u0259 son qoyan 44 g\u00fcnl\u00fck Z\u0259\u00adf\u0259r y\u00fcr\u00fc\u015f\u00fcnd\u0259 MDU-nun t\u0259l\u0259b\u0259, m\u0259zun v\u0259 \u0259m\u0259kda\u015flar\u0131 da h\u0259m \u00f6n c\u0259bh\u0259d\u0259, h\u0259m d\u0259 ar\u00adxa c\u0259bh\u0259d\u0259 f\u0259al i\u015ftirak etmi\u015f, y\u00fcks\u0259k h\u0259m\u00adr\u0259ylik n\u00fcmayi\u015f etdirmi\u015fl\u0259r.<\/span><\/p>\n<p style=\"text-align: justify; text-indent: 27.0pt;\"><span style=\"font-family: 'Arial',sans-serif; color: black;\">Torpaqlar\u0131m\u0131z\u0131n azad edilm\u0259si u\u011frunda ged\u0259n d\u00f6y\u00fc\u015fl\u0259rd\u0259 MDU-nun 4 \u0259m\u0259kda\u015f\u0131, 120-d\u0259n \u00e7ox t\u0259l\u0259b\u0259 v\u0259 m\u0259zunu i\u015ftirak et\u00admi\u015fdir. Universitetinin 5 m\u0259zunu \u015f\u0259hidlik zirv\u0259sin\u0259 ucalm\u0131\u015fd\u0131r. D\u00f6y\u00fc\u015f tap\u015f\u0131r\u0131qlar\u0131n\u0131 \u015f\u0259r\u0259fl\u0259 v\u0259 u\u011furla yerin\u0259 yetirmi\u015f, m\u0259rdlik v\u0259 igidlik g\u00f6st\u0259rmi\u015f q\u0259hr\u0259man t\u0259l\u0259b\u0259 v\u0259 m\u0259\u00adzunlar\u0131m\u0131z \u00f6lk\u0259 ba\u015f\u00e7\u0131s\u0131 t\u0259r\u0259find\u0259n medallar\u00adla t\u0259ltif edilmi\u015fdir.<\/span><\/p>\n<p style=\"text-align: justify; text-indent: 27.0pt;\"><span style=\"font-family: 'Arial',sans-serif; color: black;\">MDU-nun g\u0259nc \u0259m\u0259kda\u015f v\u0259 t\u0259l\u0259b\u0259l\u0259ri d\u00fc\u015fm\u0259n t\u0259r\u0259find\u0259n yay\u0131lan saxta v\u0259 t\u0259xri\u00adbat\u00e7\u0131 m\u0259lumatlar\u0131n qar\u015f\u0131s\u0131n\u0131n al\u0131nmas\u0131, Az\u0259rbaycan h\u0259qiq\u0259tl\u0259rinin beyn\u0259lxalq icti\u00admaiyy\u0259t\u0259 \u00e7atd\u0131r\u0131lmas\u0131 i\u015fin\u0259 t\u00f6hf\u0259 verm\u0259k m\u0259qs\u0259dil\u0259 V\u0259t\u0259n m\u00fcharib\u0259si zaman\u0131 infor\u00admasiya m\u00fcbariz\u0259sind\u0259 f\u0259all\u0131q g\u00f6st\u0259rmi\u015f, so\u00adsial \u015f\u0259b\u0259k\u0259l\u0259rd\u0259 m\u00fcxt\u0259lif dill\u0259rd\u0259 i\u015f\u011fal\u00e7\u0131 \u00f6l\u00ad k\u0259nin insanl\u0131\u011fa qar\u015f\u0131 y\u00f6n\u0259l\u0259n m\u00fcharib\u0259 ci\u00adnay\u0259tl\u0259ri bar\u0259d\u0259 geni\u015f m\u0259lumatlar payla\u015f\u00adm\u0131\u015flar.<\/span><\/p>\n<p style=\"text-align: justify; text-indent: 27.0pt;\"><span style=\"font-family: 'Arial',sans-serif; color: black;\">V\u0259t\u0259n m\u00fcharib\u0259si d\u00f6vr\u00fcnd\u0259 MDU kol\u00adlektivi \u201cAsan K\u00f6n\u00fcll\u00fcl\u0259ri\u201d t\u0259\u015fkilat\u0131n\u0131n t\u0259\u015fki\u00adlat\u00e7\u0131l\u0131\u011f\u0131 il\u0259 ke\u00e7iril\u0259n \u201c\u018fsg\u0259r\u0259 M\u0259ktub\u201d layi\u00adh\u0259sind\u0259 f\u0259al i\u015ftirak ed\u0259r\u0259k Az\u0259rbaycan \u0259s\u00adg\u0259rin\u0259 m\u0259n\u0259vi d\u0259st\u0259k g\u00f6st\u0259rmi\u015fdir.<\/span><\/p>\n<p style=\"text-align: justify; text-indent: 27.0pt;\"><span style=\"font-family: 'Arial',sans-serif; color: black;\">Ordumuzun maddi-texniki bazas\u0131n\u0131n m\u00f6hk\u0259ml\u0259ndirilm\u0259si sah\u0259sind\u0259 apar\u0131lan i\u015f\u00adl\u0259r\u0259 t\u00f6hf\u0259 verm\u0259k m\u0259qs\u0259dil\u0259, Elmi \u015euran\u0131n m\u00fcvafiq q\u0259rar\u0131 il\u0259 MDU-nun hesab\u0131ndan Az\u0259rbaycan Respublikas\u0131n\u0131n Silahl\u0131 Q\u00fcvv\u0259\u00adl\u0259rin\u0259 Yard\u0131m Fonduna 15 min manat v\u0259sait k\u00f6\u00e7\u00fcr\u00fclm\u00fc\u015fd\u00fcr.<\/span><\/p>\n<p style=\"text-align: justify; text-indent: 27.0pt;\"><span style=\"font-family: 'Arial',sans-serif; color: black;\">Q\u0259hr\u0259man \u015f\u0259hidl\u0259rimizin \u0259ziz xatir\u0259si\u00adnin ehtiramla an\u0131lmas\u0131 v\u0259 onlar\u0131n adlar\u0131n\u0131n uca tutulmas\u0131, c\u0259sur \u0259sg\u0259r v\u0259 zabitl\u0259rimizin ke\u00e7dikl\u0259ri \u015f\u0259r\u0259fli d\u00f6y\u00fc\u015f yollar\u0131, g\u00f6st\u0259rdikl\u0259\u00adri \u015f\u00fcca\u0259t v\u0259 v\u0259t\u0259np\u0259rv\u0259rlik n\u00fcmun\u0259l\u0259ri ba\u00adr\u0259d\u0259 m\u0259lumatlar\u0131n t\u0259l\u0259b\u0259 g\u0259ncl\u0259r aras\u0131nda t\u0259bli\u011f edilm\u0259si MDU-nun \u0259sas f\u0259aliyy\u0259t is\u00adtiqam\u0259tl\u0259rind\u0259n olmu\u015fdur.<\/span><\/p>\n<p style=\"text-align: justify; text-indent: 27.0pt;\"><span style=\"font-family: 'Arial',sans-serif; color: black;\">2020-ci ilin 24 dekabr tarixind\u0259 MDU- nun \u201cPe\u015f\u0259karla g\u00f6r\u00fc\u015f\u201d layih\u0259si \u00e7\u0259r\u00e7iv\u0259sind\u0259 V\u0259t\u0259n M\u00fcharib\u0259si Q\u0259hr\u0259man\u0131, mayor Elnur \u015eirinovun universitetin professor-m\u00fc\u0259llim v\u0259 t\u0259l\u0259b\u0259 hey\u0259ti \u00fczvl\u0259ri il\u0259 onlayn g\u00f6r\u00fc\u015f\u00fc t\u0259\u015fkil edilmi\u015fdir. G\u00f6r\u00fc\u015fd\u0259 Az\u0259rbaycan \u0259s\u00adg\u0259rinin ke\u00e7diyi \u015f\u0259r\u0259fli d\u00f6y\u00fc\u015f yolundan, q\u0259h\u00adr\u0259manl\u0131\u011f\u0131ndan, q\u0259l\u0259b\u0259 \u0259zmkarl\u0131\u011f\u0131ndan, bu- g\u00fcn\u00fcn t\u0259l\u0259b\u0259si v\u0259 sabah\u0131n \u0259sg\u0259rl\u0259ri olacaq g\u0259ncl\u0259rimiz\u0259 pe\u015f\u0259kar h\u0259rb\u00e7i olma\u011f\u0131n ba\u015fl\u0131ca \u015f\u0259rtl\u0259rind\u0259n geni\u015f b\u0259hs edilmi\u015fdir.<\/span><\/p>\n<p style=\"text-align: justify; text-indent: 27.0pt;\"><span style=\"font-family: 'Arial',sans-serif; color: black;\">V\u0259t\u0259n m\u00fcharib\u0259si zaman\u0131 \u00f6lk\u0259mizin \u0259ra\u00adzi b\u00fct\u00f6vl\u00fcy\u00fc u\u011frunda ged\u0259n d\u00f6y\u00fc\u015fl\u0259rd\u0259 i\u015fti\u00adrak etmi\u015f universitet \u0259m\u0259kda\u015flar\u0131n\u0131n v\u0259 \u015f\u0259\u00adhid m\u0259zunlar\u0131n\u0131n ail\u0259l\u0259ri ziyar\u0259t edilmi\u015fdir.<\/span><\/p>\n<p style=\"text-align: justify; text-indent: 27.0pt;\"><span style=\"font-family: 'Arial',sans-serif; color: black;\">Az\u0259rbaycan Respublikas\u0131 \u018fm\u0259k v\u0259 \u018fha\u00adlinin Sosial M\u00fcdafi\u0259si Nazirliyinin V\u0259t\u0259n m\u00fcharib\u0259si \u015f\u0259hidl\u0259rinin ail\u0259 \u00fczvl\u0259ri, m\u00fcha\u00adrib\u0259 i\u015ftirak\u00e7\u0131lar\u0131, onlar\u0131n yax\u0131nlar\u0131, m\u00fchari\u00adb\u0259d\u0259n z\u0259r\u0259r \u00e7\u0259k\u0259nl\u0259rl\u0259 ba\u011fl\u0131 h\u0259yata ke\u00e7irdi\u00adyi sosial d\u0259st\u0259k t\u0259dbirl\u0259rind\u0259 MDU da f\u0259al t\u0259msil olunmu\u015fdur. Bel\u0259 ki, universitetin \u201cPedaqogika v\u0259 psixologia\u201d kafedras\u0131n\u0131n \u0259m\u0259kda\u015f\u0131 25-d\u0259n art\u0131q \u015f\u0259hid ail\u0259si \u00fczvl\u0259rin\u0259 sosial-psixoloji xidm\u0259t g\u00f6st\u0259rmi\u015fdir.<\/span><\/p>\n<p style=\"text-align: justify;\"><b><i><span style=\"font-size: 14.0pt; font-family: 'Arial',sans-serif; color: black;\">\u00a0\u00a0\u00a0\u00a0\u00a0\u00a0 COVID-19 infeksiyas\u0131na<\/span><\/i><\/b><i><span style=\"font-size: 14.0pt; font-family: 'Arial',sans-serif; color: black;\"> <b>qar\u015f\u0131 m\u00fcbariz\u0259<\/b><\/span><\/i><\/p>\n<p style=\"text-align: justify; text-indent: 27.0pt;\"><span style=\"font-family: 'Arial',sans-serif; color: black;\">Cari t\u0259dris ilinin pay\u0131z semestri \u0259rzind\u0259 koronavirus pandemiyas\u0131na qar\u015f\u0131 m\u00fcbariz\u0259 t\u0259dbirl\u0259ri \u00e7\u0259r\u00e7iv\u0259sind\u0259 kollektiv v\u0259 t\u0259l\u0259b\u0259 hey\u0259ti aras\u0131nda m\u00fct\u0259madi maarifl\u0259ndirm\u0259 t\u0259dbirl\u0259ri h\u0259yata ke\u00e7irilmi\u015fdir. Eyni zaman\u00adda, MDU \u0259m\u0259kda\u015flar\u0131 Ming\u0259\u00e7evir \u015f\u0259h\u0259r ic\u00adra Hakimiyy\u0259ti, Yeni Az\u0259rbaycan Partiyas\u0131\u00adn\u0131n Ming\u0259\u00e7evir \u015f\u0259h\u0259r t\u0259\u015fkilat\u0131 v\u0259 Ming\u0259\u00e7e\u00advir \u015f\u0259h\u0259r Polis \u015e\u00f6b\u0259si t\u0259r\u0259find\u0259n birg\u0259 apa\u00adr\u0131lan k\u00fctl\u0259vi maarifl\u0259ndirm\u0259 i\u015find\u0259 d\u0259 f\u0259al i\u015ftirak etmi\u015fl\u0259r.<\/span><\/p>\n<p style=\"text-align: justify; text-indent: 27.0pt;\"><span style=\"font-family: 'Arial',sans-serif; color: black;\">Hesabat d\u00f6vr\u00fcnd\u0259 MDU-da d\u0259f\u0259l\u0259rl\u0259 tibbi-profilaktik v\u0259 dezinfeksiya i\u015fl\u0259ri apa\u00adr\u0131lm\u0131\u015fd\u0131r. Ming\u0259\u00e7evir \u015f\u0259h\u0259r Dezinfeksiya Stansiyas\u0131n\u0131n \u0259m\u0259kda\u015flar\u0131 t\u0259r\u0259find\u0259n h\u0259yata ke\u00e7iril\u0259n dezinfeksiya i\u015fl\u0259ri b\u00fct\u00fcn t\u0259dris bi\u00adnalar\u0131n\u0131, d\u0259hlizl\u0259ri, auditoriyalar\u0131, laborato\u00adriyalar\u0131, idman zal\u0131n\u0131, kitabxanalar\u0131, inzibati otaqlar\u0131, h\u0259y\u0259tyan\u0131 \u0259razil\u0259ri v\u0259 dig\u0259r k\u00f6\u00adm\u0259k\u00e7i tikilil\u0259ri \u0259hat\u0259 etmi\u015fdir.<\/span><\/p>\n<p style=\"text-align: justify;\"><b><i><span style=\"font-size: 14.0pt; font-family: 'Arial',sans-serif; color: black;\">\u00a0\u00a0\u00a0\u00a0\u00a0\u00a0 Modernl\u0259\u015fm\u0259ni d\u0259st\u0259kl\u0259y\u0259n strateji t\u0259r\u0259fda\u015fl\u0131qlar\u0131n \u00f6n\u0259mi<\/span><\/i><\/b><\/p>\n<p style=\"text-align: justify; text-indent: 27.0pt;\"><span style=\"font-family: 'Arial',sans-serif; color: black;\">Fikrimizc\u0259, m\u00f6vcud reall\u0131qlar\u0131n do\u011fur\u00addu\u011fu \u00e7\u0259tinlikl\u0259r\u0259 v\u0259 m\u0259hdudiyy\u0259tl\u0259r\u0259 bax\u00admayaraq, MDU-da m\u00fcvafiq istiqam\u0259tl\u0259r \u00fcz\u00adr\u0259 f\u0259aliyy\u0259tin davaml\u0131l\u0131\u011f\u0131n\u0131n t\u0259min edilm\u0259\u00adsind\u0259 T\u0259hsil Nazirliyi, Ming\u0259\u00e7evir \u015f\u0259h\u0259r ic\u00adra Hakimiyy\u0259ti v\u0259 dig\u0259r qurumlarla t\u0259r\u0259f- da\u015fl\u0131\u011fm m\u00fch\u00fcm t\u00f6hf\u0259si olmu\u015fdur. Modern\u00adl\u0259\u015fm\u0259 yolunda inamla add\u0131mlayan MDU- nun qar\u015f\u0131l\u0131ql\u0131 faydal\u0131 t\u0259r\u0259fda\u015fl\u0131q \u0259laq\u0259l\u0259rinin geni\u015fl\u0259ndirilm\u0259si v\u0259 inki\u015faf etdirilm\u0259si ya\u00adx\u0131n g\u0259l\u0259c\u0259kd\u0259 universitetin milli ali t\u0259hsil x\u0259rit\u0259sind\u0259 m\u00f6vqeyinin g\u00fccl\u0259nm\u0259sin\u0259 b\u00f6\u00ady\u00fck z\u0259min yarad\u0131r.<\/span><\/p>\n<p><span style=\"font-family: 'Arial',sans-serif;\">\u00a0<\/span><\/p>\n<p style=\"text-align: justify; text-indent: 27.0pt;\"><b><span style=\"font-size: 14.0pt; font-family: 'Arial',sans-serif; color: black;\">\u015eahin Bayramov<\/span><\/b><\/p>\n<p style=\"text-align: justify; text-indent: 27.0pt;\"><b><span style=\"font-size: 14.0pt; font-family: 'Arial',sans-serif; color: black;\">Ming\u0259\u00e7evir D\u00f6vl\u0259t Universitetinin rektoru<\/span><\/b><\/p>\n","protected":false},"excerpt":{"rendered":"<p>Qabaqc\u0131l universitetl\u0259rl\u0259 faydal\u0131 \u0259m\u0259kda\u015fl\u0131q modeli<\/p>\n<p>AzTU il\u0259 MDU aras\u0131nda 2019-cu ild\u0259 imzalanm\u0131\u015f Anla\u015fma Me\u00admorandumu \u00e7\u0259r\u00e7iv\u0259sind\u0259 qar\u015f\u0131l\u0131ql\u0131 faydal\u0131 \u0259m\u0259kda\u015fl\u0131\u011f\u0131n inki\u015fa\u00adf\u0131 cari t\u0259dris ilinin pay\u0131z semestri \u0259rzind\u0259 u\u011furla davam etdiril\u00admi\u015f v\u0259 bu istiqam\u0259td\u0259 \u0259h\u0259miyy\u0259tli add\u0131mlar at\u0131lm\u0131\u015fd\u0131r. \u00d6lk\u0259mizin n\u00fcfuzlu ali t\u0259hsil m\u00fc\u0259ssis\u0259l\u0259rind\u0259n biri olan AzTU-nun z\u0259ngin t\u0259dris, metodiki v\u0259 elmi bazas\u0131ndan faydalanma\u011fa geni\u015f imkan yaradan bu \u0259m\u0259kda\u015fl\u0131q MDU- nun M\u00fch\u0259ndislik fak\u00fclt\u0259sinin potensial\u0131n\u0131n g\u00fccl\u0259ndirilm\u0259sin\u0259 v\u0259 kadr ha\u00adz\u0131rl\u0131\u011f\u0131n\u0131n keyfiyy\u0259tinin y\u00fcks\u0259ldilm\u0259sin\u0259 m\u00fch\u00fcm t\u00f6hf\u0259 vermi\u015fdir. Hesabat d\u00f6vr\u00fcnd\u0259 AzTU il\u0259 birlikd\u0259 ke\u00e7irilmi\u015f \u201cAz\u0259rbaycanda r\u0259q\u0259msal \u00f6d\u0259ni\u015fl\u0259\u00adrin t\u0259tbiqi: reall\u0131qlar v\u0259 perspektivl\u0259r\u201d, AzTU-nun 70 illik yubileyin\u0259 h\u0259sr olunan \u201cC\u0259miyy\u0259tin innovativ infrastrukturunun formala\u015fmas\u0131nda informa\u00adsiya texnologiyalar\u0131 s\u0259nayesinin artan rolu\u201d m\u00f6vzular\u0131nda n\u0259z\u0259ri-praktiki seminarlar u\u011furlu v\u0259 m\u0259hsuldar olmu\u015fdur. Cari t\u0259dris ilind\u0259n etibar\u0259n Az\u00adTU-nun bir professoru v\u0259 bir dosenti davaml\u0131 \u0259saslarla (0.5 \u015ftat) MDU-nun M\u00fch\u0259ndislik fak\u00fclt\u0259sind\u0259 t\u0259dris prosesin\u0259 c\u0259lb olunmu\u015fdur.<\/p>\n","protected":false},"author":3,"featured_media":2788,"comment_status":"open","ping_status":"open","sticky":false,"template":"","format":"standard","meta":{"_mi_skip_tracking":false,"_monsterinsights_sitenote_active":false,"_monsterinsights_sitenote_note":"","_monsterinsights_sitenote_category":0,"footnotes":""},"categories":[8,82,11,3],"tags":[395,661,116,658,117,660,659,73,662],"aioseo_notices":[],"_links":{"self":[{"href":"https:\/\/infonews.az\/index.php?rest_route=\/wp\/v2\/posts\/2787"}],"collection":[{"href":"https:\/\/infonews.az\/index.php?rest_route=\/wp\/v2\/posts"}],"about":[{"href":"https:\/\/infonews.az\/index.php?rest_route=\/wp\/v2\/types\/post"}],"author":[{"embeddable":true,"href":"https:\/\/infonews.az\/index.php?rest_route=\/wp\/v2\/users\/3"}],"replies":[{"embeddable":true,"href":"https:\/\/infonews.az\/index.php?rest_route=%2Fwp%2Fv2%2Fcomments&post=2787"}],"version-history":[{"count":3,"href":"https:\/\/infonews.az\/index.php?rest_route=\/wp\/v2\/posts\/2787\/revisions"}],"predecessor-version":[{"id":2791,"href":"https:\/\/infonews.az\/index.php?rest_route=\/wp\/v2\/posts\/2787\/revisions\/2791"}],"wp:featuredmedia":[{"embeddable":true,"href":"https:\/\/infonews.az\/index.php?rest_route=\/wp\/v2\/media\/2788"}],"wp:attachment":[{"href":"https:\/\/infonews.az\/index.php?rest_route=%2Fwp%2Fv2%2Fmedia&parent=2787"}],"wp:term":[{"taxonomy":"category","embeddable":true,"href":"https:\/\/infonews.az\/index.php?rest_route=%2Fwp%2Fv2%2Fcategories&post=2787"},{"taxonomy":"post_tag","embeddable":true,"href":"https:\/\/infonews.az\/index.php?rest_route=%2Fwp%2Fv2%2Ftags&post=2787"}],"curies":[{"name":"wp","href":"https:\/\/api.w.org\/{rel}","templated":true}]}}