{"id":27966,"date":"2022-12-15T16:20:19","date_gmt":"2022-12-15T12:20:19","guid":{"rendered":"https:\/\/infonews.az\/?p=27966"},"modified":"2022-12-15T16:20:19","modified_gmt":"2022-12-15T12:20:19","slug":"ekof%c9%99allardan-daha-bir-t%c9%99l%c9%99b-mina-terroruna-son-qoyulsun","status":"publish","type":"post","link":"https:\/\/infonews.az\/?p=27966","title":{"rendered":"Ekof\u0259allardan daha bir t\u0259l\u0259b \u2013 M\u0130NA TERRORUNA SON QOYULSUN!"},"content":{"rendered":"<p><span style=\"color: #ffffff;\">Ekof\u0259allardan daha bir t\u0259l\u0259b \u2013 M\u0130NA TERRORUNA SON QOYULSUN! <\/span><\/p>\n<blockquote><p>T\u0259\u0259ss\u00fcf ki, Erm\u0259nistan mina terroruna son qoymur. Sonuncu d\u0259f\u0259 h\u0259rbi qulluq\u00e7ular\u0131m\u0131z\u0131n d\u00fc\u015fm\u0259nin basd\u0131rd\u0131\u011f\u0131 minaya d\u00fc\u015fm\u0259si, b\u0259zil\u0259rinin h\u0259lak olmas\u0131, b\u0259zil\u0259rinin is\u0259 yaralanmas\u0131 m\u0259nfur qon\u015fumuzun mina terrorunu davam etdirdiyini g\u00f6st\u0259rir. V\u0259t\u0259n m\u00fcharib\u0259sind\u0259n sonra iki y\u00fczd\u0259n \u00e7ox v\u0259t\u0259nda\u015f\u0131m\u0131z mina terrorunun qurban\u0131 olub.<\/p><\/blockquote>\n<p><a href=\"https:\/\/infonews.az\/?p=27966\"><span style=\"color: #ff0000;\"><strong>&#8220;\u0130NFONEWS&#8221;<\/strong><\/span><\/a> x\u0259b\u0259r verir ki, bu fikirl\u0259ri AZ\u018fRTAC -a a\u00e7\u0131qlamas\u0131nda Sosial T\u0259dqiqatlar M\u0259rk\u0259zinin (STM) sektor m\u00fcdiri, politoloq Tural \u0130smay\u0131lov s\u00f6yl\u0259yib.<\/p>\n<p>Politoloq bildirib ki, b\u00fct\u00fcn bunlar Erm\u0259nistan\u0131n torpaqlar\u0131m\u0131z\u0131 i\u015f\u011fal alt\u0131nda saxlad\u0131\u011f\u0131 m\u00fcdd\u0259td\u0259 bu \u0259razil\u0259ri qar\u0131\u015f-qar\u0131\u015f minalad\u0131\u011f\u0131n\u0131 s\u00fcbut edir. Bu, Erm\u0259nistan d\u00f6vl\u0259tinin fa\u015fist ruhundan x\u0259b\u0259r verir.<\/p>\n<p>Bir ne\u00e7\u0259 g\u00fcnd\u00fcr La\u00e7\u0131n yolunda az\u0259rbaycanl\u0131 ekof\u0259allar\u0131n s\u0259sini duymaq \u0259v\u0259zin\u0259, Xank\u0259ndid\u0259ki separat\u00e7\u0131lar\u0131 e\u015fitm\u0259y\u0259 \u00e7al\u0131\u015fan beyn\u0259lxalq t\u0259\u015fkilatlar d\u00fcn\u0259n K\u0259lb\u0259c\u0259rd\u0259 ba\u015f ver\u0259n mina terroru il\u0259 ba\u011fl\u0131 he\u00e7 bir fikir bildirm\u0259dil\u0259r. V\u0259t\u0259n m\u00fcharib\u0259sind\u0259n sonra erm\u0259ni mina terrorunun qurban\u0131 olan iki y\u00fczd\u0259n \u00e7ox v\u0259t\u0259nda\u015f\u0131m\u0131zla ba\u011fl\u0131 da he\u00e7 bir beyn\u0259lxalq t\u0259\u015fkilatdan s\u0259s \u00e7\u0131xmad\u0131.<\/p>\n<p>\u201cErm\u0259nistan V\u0259t\u0259n m\u00fcharib\u0259sind\u0259n sonra da \u0259razil\u0259rin minalanmas\u0131 i\u015fini davam etdirib. Bununla da bu d\u00f6vl\u0259t b\u00f6y\u00fck bir b\u00f6hrana s\u0259b\u0259b olur. Az\u0259rbaycan he\u00e7 bir xarici yard\u0131m olmadan, yaln\u0131z dostlar\u0131n\u0131n k\u00f6m\u0259yi il\u0259 \u0259razil\u0259rin minalardan t\u0259mizl\u0259nm\u0259si i\u015fini apar\u0131r. Lakin bu, \u00e7ox b\u00f6y\u00fck resurslar v\u0259 vaxt t\u0259l\u0259b edir. D\u00f6vl\u0259timiz \u0259razil\u0259rimizin minalardan t\u0259mizl\u0259nm\u0259si i\u015fini \u0259sas h\u0259d\u0259fl\u0259rd\u0259n biri kimi qar\u015f\u0131ya qoyub. Hesab edir\u0259m ki, Az\u0259rbaycan yard\u0131m ist\u0259m\u0259s\u0259 bel\u0259, beyn\u0259lxalq t\u0259\u015fkilatlar \u0259dal\u0259tli davranmal\u0131 v\u0259 \u00f6lk\u0259miz\u0259 k\u00f6m\u0259k g\u00f6st\u0259rm\u0259lidirl\u0259r. Lakin biz bunun tamamil\u0259 \u0259ksini g\u00f6r\u00fcr\u00fck. Daha \u0259vv\u0259l Erm\u0259nistan\u0131n Az\u0259rbaycana verdiyi mina x\u0259rit\u0259l\u0259rinin b\u00f6y\u00fck \u0259ks\u0259riyy\u0259ti saxta \u00e7\u0131xd\u0131. Amma bu i\u015fd\u0259 vasit\u0259\u00e7i olanlardan he\u00e7 biri Erm\u0259nistan\u0131 ittiham etm\u0259di. Buna g\u00f6r\u0259 d\u0259 La\u00e7\u0131n d\u0259hlizind\u0259 etiraz ed\u0259n ekof\u0259allar\u0131n t\u0259l\u0259bl\u0259rin\u0259 biri d\u0259 \u0259lav\u0259 olundu \u2013 mina terroruna son qoyulsun!\u201d, &#8211; dey\u0259 Tural \u0130smay\u0131lov qeyd edib.<\/p>\n","protected":false},"excerpt":{"rendered":"<p>Ekof\u0259allardan daha bir t\u0259l\u0259b \u2013 M\u0130NA TERRORUNA SON QOYULSUN! T\u0259\u0259ss\u00fcf ki, Erm\u0259nistan mina terroruna son qoymur. Sonuncu d\u0259f\u0259 h\u0259rbi qulluq\u00e7ular\u0131m\u0131z\u0131n d\u00fc\u015fm\u0259nin basd\u0131rd\u0131\u011f\u0131 minaya d\u00fc\u015fm\u0259si, b\u0259zil\u0259rinin h\u0259lak olmas\u0131, b\u0259zil\u0259rinin is\u0259 yaralanmas\u0131&hellip; <\/p>\n","protected":false},"author":14,"featured_media":27967,"comment_status":"open","ping_status":"open","sticky":false,"template":"","format":"standard","meta":{"_mi_skip_tracking":false,"_monsterinsights_sitenote_active":false,"_monsterinsights_sitenote_note":"","_monsterinsights_sitenote_category":0,"footnotes":""},"categories":[4,6,11],"tags":[9477,9484,15,9482,9510],"aioseo_notices":[],"_links":{"self":[{"href":"https:\/\/infonews.az\/index.php?rest_route=\/wp\/v2\/posts\/27966"}],"collection":[{"href":"https:\/\/infonews.az\/index.php?rest_route=\/wp\/v2\/posts"}],"about":[{"href":"https:\/\/infonews.az\/index.php?rest_route=\/wp\/v2\/types\/post"}],"author":[{"embeddable":true,"href":"https:\/\/infonews.az\/index.php?rest_route=\/wp\/v2\/users\/14"}],"replies":[{"embeddable":true,"href":"https:\/\/infonews.az\/index.php?rest_route=%2Fwp%2Fv2%2Fcomments&post=27966"}],"version-history":[{"count":1,"href":"https:\/\/infonews.az\/index.php?rest_route=\/wp\/v2\/posts\/27966\/revisions"}],"predecessor-version":[{"id":27968,"href":"https:\/\/infonews.az\/index.php?rest_route=\/wp\/v2\/posts\/27966\/revisions\/27968"}],"wp:featuredmedia":[{"embeddable":true,"href":"https:\/\/infonews.az\/index.php?rest_route=\/wp\/v2\/media\/27967"}],"wp:attachment":[{"href":"https:\/\/infonews.az\/index.php?rest_route=%2Fwp%2Fv2%2Fmedia&parent=27966"}],"wp:term":[{"taxonomy":"category","embeddable":true,"href":"https:\/\/infonews.az\/index.php?rest_route=%2Fwp%2Fv2%2Fcategories&post=27966"},{"taxonomy":"post_tag","embeddable":true,"href":"https:\/\/infonews.az\/index.php?rest_route=%2Fwp%2Fv2%2Ftags&post=27966"}],"curies":[{"name":"wp","href":"https:\/\/api.w.org\/{rel}","templated":true}]}}