{"id":28108,"date":"2022-12-21T13:11:44","date_gmt":"2022-12-21T09:11:44","guid":{"rendered":"https:\/\/infonews.az\/?p=28108"},"modified":"2022-12-21T12:09:57","modified_gmt":"2022-12-21T08:09:57","slug":"mdu-da-autizml%c9%99-bagli-maarifl%c9%99ndirici-t%c9%99dbir-kecirilib","status":"publish","type":"post","link":"https:\/\/infonews.az\/?p=28108","title":{"rendered":"MDU-da autizml\u0259 ba\u011fl\u0131 maarifl\u0259ndirici t\u0259dbir ke\u00e7irilib"},"content":{"rendered":"<p><span style=\"color: #ffffff;\">MDU-da autizml\u0259 ba\u011fl\u0131 maarifl\u0259ndirici t\u0259dbir ke\u00e7irilib<\/span><\/p>\n<blockquote><p><span style=\"color: #000000;\">2022-ci ilin 15 dekabr tarixind\u0259 \u201cBirg\u0259 v\u0259 Sa\u011flam\u201d \u0130ctimai Birliyinin (BS\u0130B) n\u00fcmay\u0259nd\u0259 hey\u0259ti Ming\u0259\u00e7evir D\u00f6vl\u0259t Universitetinin (MDU) qona\u011f\u0131 olub. BS\u0130B-in h\u0259mt\u0259sis\u00e7isi H\u0259zi Eynalov, koordinatoru, klinik psixoloq Milana H\u0259s\u0259nova v\u0259 terapiya \u00fczr\u0259 supervayzeri, h\u00fcquq psixoloqu Aynur Q\u0259ribovan\u0131n t\u0259msil olunduqlar\u0131 hey\u0259t, \u0259vv\u0259lc\u0259, MDU-nun rektoru \u015eahin Bayramov il\u0259 g\u00f6r\u00fc\u015f\u00fcb.<\/span><\/p><\/blockquote>\n<p><span style=\"color: #000000;\">Bu bar\u0259d\u0259<\/span>\u00a0<a href=\"https:\/\/infonews.az\/\"><strong>\u201c\u0130NFONEWS\u201d<\/strong><\/a><span style=\"color: #000000;\">-a Ming\u0259\u00e7evir D\u00f6vl\u0259t Universitetinin (MDU) M\u0259tbuat xidm\u0259tind\u0259n m\u0259lumat verilib.<\/span><\/p>\n<p><span style=\"color: #000000;\">G\u00f6r\u00fc\u015fd\u0259 cari ilin noyabr ay\u0131nda MDU v\u0259 BS\u0130B aras\u0131nda imzalanan \u0259m\u0259kda\u015fl\u0131\u011fa dair Anla\u015fma Memorandumu diqq\u0259t\u0259 \u00e7atd\u0131r\u0131l\u0131b, bu \u00e7\u0259r\u00e7iv\u0259d\u0259 raz\u0131la\u015fd\u0131r\u0131lan birg\u0259 f\u0259aliyy\u0259tl\u0259rin icras\u0131ndan ir\u0259li g\u0259l\u0259n m\u0259s\u0259l\u0259l\u0259rl\u0259 ba\u011fl\u0131 m\u00fczakir\u0259l\u0259r apar\u0131l\u0131b v\u0259 m\u00fcvafiq raz\u0131l\u0131q \u0259ld\u0259 edilib.<\/span><\/p>\n<p><span style=\"color: #000000;\">Sonra Birliyin t\u0259\u015fkilat\u00e7\u0131l\u0131\u011f\u0131 il\u0259 universitetd\u0259 \u201cAutizm n\u0259dir?\u201d m\u00f6vzusunda maarifl\u0259ndirici t\u0259dbir ke\u00e7irilib. T\u0259dbird\u0259 autizmli u\u015faqlar v\u0259 onlar\u0131n valideynl\u0259ri, MDU-nun bir qrup professor-m\u00fc\u0259llim hey\u0259ti \u00fczv\u00fc, t\u0259l\u0259b\u0259 v\u0259 magistrantlar i\u015ftirak edib.<\/span><\/p>\n<p><span style=\"color: #000000;\">T\u0259dbird\u0259 giri\u015f s\u00f6z\u00fc il\u0259 \u00e7\u0131x\u0131\u015f ed\u0259n rektor \u015e.Bayramov \u00f6lk\u0259mizd\u0259 x\u00fcsusi qay\u011f\u0131ya ehtiyac\u0131 olan insanlar\u0131n Az\u0259rbaycan Respublikas\u0131n\u0131n Prezidenti \u0130lham \u018fliyevin v\u0259 Birinci vitse-prezident Mehriban xan\u0131m \u018fliyevan\u0131n daim y\u00fcks\u0259k diqq\u0259t v\u0259 qay\u011f\u0131s\u0131 il\u0259 \u0259hat\u0259 olundu\u011funu vur\u011fulay\u0131b. Heyd\u0259r \u018fliyev Fondu t\u0259r\u0259find\u0259n in\u015fa edilmi\u015f v\u0259 BS\u0130B-in n\u0259zdind\u0259 f\u0259aliyy\u0259tin\u0259 d\u0259st\u0259k g\u00f6st\u0259ril\u0259n Autizm M\u0259rk\u0259zinin bunun bariz n\u00fcmun\u0259l\u0259rind\u0259n biri oldu\u011funu diqq\u0259t\u0259 \u00e7atd\u0131ran \u015e.Bayramov autizm spektr pozuntulu u\u015faqlar\u0131n m\u00fcst\u0259qil h\u0259yata haz\u0131rlanmas\u0131 \u00fc\u00e7\u00fcn h\u0259rt\u0259r\u0259fli imkanlar t\u0259qdim ed\u0259n bu m\u0259kan\u0131 \u00f6t\u0259n ay ziyar\u0259t \u00a0ed\u0259rk\u0259n xo\u015f t\u0259\u0259ss\u00fcratlarla ayr\u0131ld\u0131\u011f\u0131n\u0131 bildirib. MDU-nun c\u0259miyy\u0259t\u0259 faydal\u0131 \u00e7ox\u015fax\u0259li i\u015fbirliyind\u0259 maraql\u0131 oldu\u011funu qeyd ed\u0259n \u015e.Bayramov BS\u0130B il\u0259 qurulan \u0259m\u0259kda\u015fl\u0131qdan m\u0259mnunlu\u011funu ifad\u0259 edib v\u0259 bu istiqam\u0259td\u0259 birg\u0259 f\u0259aliyy\u0259tl\u0259rin davaml\u0131l\u0131\u011f\u0131n\u0131 arzulay\u0131b.<\/span><\/p>\n<p><span style=\"color: #000000;\">S\u0259mimi qar\u015f\u0131lanmaya v\u0259 g\u00f6st\u0259ril\u0259n diqq\u0259t\u0259 g\u00f6r\u0259 t\u0259\u015f\u0259kk\u00fcr\u00fcn\u00fc bildir\u0259n Birliyin h\u0259mt\u0259sis\u00e7isi H.Eynalov Heyd\u0259r \u018fliyev Fondunun h\u0259rt\u0259r\u0259fli d\u0259st\u0259yi il\u0259 autizmli u\u015faqlar\u0131n probleml\u0259rinin h\u0259lli istiqam\u0259tind\u0259 h\u0259yata ke\u00e7irdikl\u0259ri layih\u0259l\u0259rd\u0259n v\u0259 t\u0259dbirl\u0259rd\u0259n b\u0259hs edib. O, t\u0259msil etdiyi qurumun f\u0259aliyy\u0259ti bar\u0259d\u0259 m\u0259lumat verib, Autizm M\u0259rk\u0259zinin yaranma m\u0259qs\u0259di v\u0259 g\u00f6st\u0259rdiyi xidm\u0259tl\u0259r bar\u0259d\u0259 dan\u0131\u015f\u0131b. Qeyd edib ki, ba\u015fl\u0131ca m\u0259qs\u0259d \u00f6lk\u0259d\u0259 autizm spektr pozuntusu olan u\u015faqlar\u0131n erk\u0259n ya\u015fda m\u00fc\u0259yy\u0259nl\u0259\u015fdirilm\u0259si, onlar\u0131n x\u00fcsusi t\u0259hsil, m\u0259kt\u0259b\u0259q\u0259d\u0259r t\u0259hsil, ixtisas \u0259ld\u0259 etm\u0259, \u00f6z\u00fcn\u00fc idar\u0259 etm\u0259 v\u0259 m\u00fcst\u0259qil davran\u0131\u015f kimi ehtiyaclar\u0131na uy\u011fun t\u0259drisin t\u0259min olunmas\u0131d\u0131r. Bu bax\u0131mdan geni\u015f maarifl\u0259ndirm\u0259 v\u0259 m\u0259lumatland\u0131rma i\u015fl\u0259rin\u0259 ehtiyac\u0131n yarand\u0131\u011f\u0131n\u0131 bildir\u0259n H.Eynalov pedaqoji profilli kadrlar haz\u0131rlayan v\u0259 haz\u0131rda m\u00fcasirl\u0259\u015fm\u0259 yolunda m\u00fch\u00fcm add\u0131mlar atan MDU il\u0259 \u0259m\u0259kda\u015fl\u0131\u011f\u0131n faydal\u0131 olaca\u011f\u0131na inand\u0131\u011f\u0131n\u0131 s\u00f6yl\u0259yib.<\/span><\/p>\n<p><span style=\"color: #000000;\">Sonra, BS\u0130B-in klinik psixoloqu M.H\u0259s\u0259nova \u201cAutizm spektr pozuntusu\u201d v\u0259 h\u00fcquq psixoloqu A.Q\u0259ribova \u201cAutizmd\u0259 effektiv m\u00fcdaxil\u0259l\u0259r (ABA &#8211; T\u0259tbiqi Davran\u0131\u015f Analizi)\u201d m\u00f6vzular\u0131nda t\u0259qdimatlarla \u00e7\u0131x\u0131\u015f edibl\u0259r v\u0259 i\u015ftirak\u00e7\u0131lar\u0131n suallar\u0131n\u0131 cavabland\u0131r\u0131blar.<\/span><\/p>\n<p><span style=\"color: #000000;\">Daha sonra, t\u0259dbird\u0259 autizmli u\u015faqlar v\u0259 onlar\u0131n valideynl\u0259ri il\u0259 s\u00f6hb\u0259tl\u0259r apar\u0131l\u0131b.<\/span><\/p>\n<p><span style=\"color: #000000;\">Qeyd ed\u0259k ki, MDU regionda h\u0259yata ke\u00e7iril\u0259n m\u00fcxt\u0259lif sosialy\u00f6n\u00fcml\u00fc layih\u0259l\u0259rd\u0259 f\u0259al i\u015ftiraka v\u0259 bununla ba\u011fl\u0131 faydal\u0131 t\u0259r\u0259fda\u015fl\u0131qlara x\u00fcsusi \u00f6n\u0259m verir.<\/span><\/p>\n<figure id=\"attachment_28110\" aria-describedby=\"caption-attachment-28110\" style=\"width: 512px\" class=\"wp-caption aligncenter\"><a href=\"https:\/\/infonews.az\/wp-content\/uploads\/2022\/12\/09.jpg\"><img loading=\"lazy\" decoding=\"async\" class=\"wp-image-28110\" src=\"https:\/\/infonews.az\/wp-content\/uploads\/2022\/12\/09.jpg\" alt=\"MDU-da autizml\u0259 ba\u011fl\u0131 maarifl\u0259ndirici t\u0259dbir ke\u00e7irilib\" width=\"512\" height=\"342\" srcset=\"https:\/\/infonews.az\/wp-content\/uploads\/2022\/12\/09.jpg 1024w, https:\/\/infonews.az\/wp-content\/uploads\/2022\/12\/09-300x200.jpg 300w, https:\/\/infonews.az\/wp-content\/uploads\/2022\/12\/09-768x512.jpg 768w\" sizes=\"(max-width: 512px) 100vw, 512px\" \/><\/a><figcaption id=\"caption-attachment-28110\" class=\"wp-caption-text\">MDU-da autizml\u0259 ba\u011fl\u0131 maarifl\u0259ndirici t\u0259dbir ke\u00e7irilib<\/figcaption><\/figure>\n","protected":false},"excerpt":{"rendered":"<p>MDU-da autizml\u0259 ba\u011fl\u0131 maarifl\u0259ndirici t\u0259dbir ke\u00e7irilib 2022-ci ilin 15 dekabr tarixind\u0259 \u201cBirg\u0259 v\u0259 Sa\u011flam\u201d \u0130ctimai Birliyinin (BS\u0130B) n\u00fcmay\u0259nd\u0259 hey\u0259ti Ming\u0259\u00e7evir D\u00f6vl\u0259t Universitetinin (MDU) qona\u011f\u0131 olub. BS\u0130B-in h\u0259mt\u0259sis\u00e7isi H\u0259zi Eynalov, koordinatoru,&hellip; <\/p>\n","protected":false},"author":3,"featured_media":28109,"comment_status":"open","ping_status":"open","sticky":false,"template":"","format":"standard","meta":{"_mi_skip_tracking":false,"_monsterinsights_sitenote_active":false,"_monsterinsights_sitenote_note":"","_monsterinsights_sitenote_category":0,"footnotes":""},"categories":[11,3],"tags":[9537,9538,120],"aioseo_notices":[],"_links":{"self":[{"href":"https:\/\/infonews.az\/index.php?rest_route=\/wp\/v2\/posts\/28108"}],"collection":[{"href":"https:\/\/infonews.az\/index.php?rest_route=\/wp\/v2\/posts"}],"about":[{"href":"https:\/\/infonews.az\/index.php?rest_route=\/wp\/v2\/types\/post"}],"author":[{"embeddable":true,"href":"https:\/\/infonews.az\/index.php?rest_route=\/wp\/v2\/users\/3"}],"replies":[{"embeddable":true,"href":"https:\/\/infonews.az\/index.php?rest_route=%2Fwp%2Fv2%2Fcomments&post=28108"}],"version-history":[{"count":1,"href":"https:\/\/infonews.az\/index.php?rest_route=\/wp\/v2\/posts\/28108\/revisions"}],"predecessor-version":[{"id":28111,"href":"https:\/\/infonews.az\/index.php?rest_route=\/wp\/v2\/posts\/28108\/revisions\/28111"}],"wp:featuredmedia":[{"embeddable":true,"href":"https:\/\/infonews.az\/index.php?rest_route=\/wp\/v2\/media\/28109"}],"wp:attachment":[{"href":"https:\/\/infonews.az\/index.php?rest_route=%2Fwp%2Fv2%2Fmedia&parent=28108"}],"wp:term":[{"taxonomy":"category","embeddable":true,"href":"https:\/\/infonews.az\/index.php?rest_route=%2Fwp%2Fv2%2Fcategories&post=28108"},{"taxonomy":"post_tag","embeddable":true,"href":"https:\/\/infonews.az\/index.php?rest_route=%2Fwp%2Fv2%2Ftags&post=28108"}],"curies":[{"name":"wp","href":"https:\/\/api.w.org\/{rel}","templated":true}]}}