{"id":28136,"date":"2022-12-22T12:54:04","date_gmt":"2022-12-22T08:54:04","guid":{"rendered":"https:\/\/infonews.az\/?p=28136"},"modified":"2022-12-22T16:56:49","modified_gmt":"2022-12-22T12:56:49","slug":"heyd%c9%99r-%c9%99liyev-m%c9%99rk%c9%99zinin-direktorunun-birinci-muavini-v%c9%99zif%c9%99sind%c9%99n-azad-edilib","status":"publish","type":"post","link":"https:\/\/infonews.az\/?p=28136","title":{"rendered":"Heyd\u0259r \u018fliyev M\u0259rk\u0259zinin direktorunun birinci m\u00fcavini v\u0259zif\u0259sind\u0259n azad edilib"},"content":{"rendered":"<p><span style=\"color: #ffffff;\">Heyd\u0259r \u018fliyev M\u0259rk\u0259zinin direktorunun birinci m\u00fcavini v\u0259zif\u0259sind\u0259n azad edilib<\/span><\/p>\n<blockquote><p><span style=\"color: #000000;\">Adil Qabil o\u011flu K\u0259rimli Heyd\u0259r \u018fliyev M\u0259rk\u0259zinin direktorunun birinci m\u00fcavini v\u0259zif\u0259sind\u0259n azad edilib.<\/span><\/p><\/blockquote>\n<p><span style=\"color: #000000;\"><span style=\"color: #000080;\"><strong>\u201c<a style=\"color: #000080;\" href=\"https:\/\/infonews.az\/\">\u0130NFONEWS<\/a>\u201d<\/strong><\/span> x\u0259b\u0259r verir ki, Prezident \u0130lham \u018fliyev bu g\u00fcn &#8220;A.Q.K\u0259rimlinin Heyd\u0259r \u018fliyev M\u0259rk\u0259zinin direktorunun birinci m\u00fcavini v\u0259zif\u0259sind\u0259n azad edilm\u0259si haqq\u0131nda&#8221; S\u0259r\u0259mcam imzalay\u0131b.<\/span><\/p>\n<p><span style=\"color: #000000;\"><a href=\"https:\/\/president.az\/az\/articles\/view\/58260\/print\">S\u0259r\u0259ncam<\/a>da deyilir :<\/span><\/p>\n<p><span style=\"color: #000000;\">Az\u0259rbaycan Respublikas\u0131 Konstitusiyas\u0131n\u0131n 109-cu madd\u0259sinin 32-ci b\u0259ndini r\u0259hb\u0259r tutaraq q\u0259rara al\u0131ram:<\/span><\/p>\n<p><span style=\"color: #000000;\">1. Adil Qabil o\u011flu K\u0259rimli Heyd\u0259r \u018fliyev M\u0259rk\u0259zinin direktorunun birinci m\u00fcavini v\u0259zif\u0259sind\u0259n azad edilsin.<\/span><\/p>\n<p><span style=\"color: #000000;\">2. Bu S\u0259r\u0259ncam imzaland\u0131\u011f\u0131 g\u00fcnd\u0259n q\u00fcvv\u0259y\u0259 minir.<\/span><\/p>\n<p><span style=\"color: #000000;\">\u0130lham \u018fliyev<\/span><\/p>\n<p><span style=\"color: #000000;\">Az\u0259rbaycan Respublikas\u0131n\u0131n Prezidenti<\/span><\/p>\n<p><span style=\"color: #000000;\">Bak\u0131 \u015f\u0259h\u0259ri, 22 dekabr 2022-ci il<\/span><\/p>\n","protected":false},"excerpt":{"rendered":"<p>Heyd\u0259r \u018fliyev M\u0259rk\u0259zinin direktorunun birinci m\u00fcavini v\u0259zif\u0259sind\u0259n azad edilib Adil Qabil o\u011flu K\u0259rimli Heyd\u0259r \u018fliyev M\u0259rk\u0259zinin direktorunun birinci m\u00fcavini v\u0259zif\u0259sind\u0259n azad edilib. \u201c\u0130NFONEWS\u201d x\u0259b\u0259r verir ki, Prezident \u0130lham \u018fliyev bu&hellip; <\/p>\n","protected":false},"author":14,"featured_media":28137,"comment_status":"open","ping_status":"open","sticky":false,"template":"","format":"standard","meta":{"_mi_skip_tracking":false,"_monsterinsights_sitenote_active":false,"_monsterinsights_sitenote_note":"","_monsterinsights_sitenote_category":0,"footnotes":""},"categories":[4,11],"tags":[9546,1352,15,3316,34],"aioseo_notices":[],"_links":{"self":[{"href":"https:\/\/infonews.az\/index.php?rest_route=\/wp\/v2\/posts\/28136"}],"collection":[{"href":"https:\/\/infonews.az\/index.php?rest_route=\/wp\/v2\/posts"}],"about":[{"href":"https:\/\/infonews.az\/index.php?rest_route=\/wp\/v2\/types\/post"}],"author":[{"embeddable":true,"href":"https:\/\/infonews.az\/index.php?rest_route=\/wp\/v2\/users\/14"}],"replies":[{"embeddable":true,"href":"https:\/\/infonews.az\/index.php?rest_route=%2Fwp%2Fv2%2Fcomments&post=28136"}],"version-history":[{"count":3,"href":"https:\/\/infonews.az\/index.php?rest_route=\/wp\/v2\/posts\/28136\/revisions"}],"predecessor-version":[{"id":28144,"href":"https:\/\/infonews.az\/index.php?rest_route=\/wp\/v2\/posts\/28136\/revisions\/28144"}],"wp:featuredmedia":[{"embeddable":true,"href":"https:\/\/infonews.az\/index.php?rest_route=\/wp\/v2\/media\/28137"}],"wp:attachment":[{"href":"https:\/\/infonews.az\/index.php?rest_route=%2Fwp%2Fv2%2Fmedia&parent=28136"}],"wp:term":[{"taxonomy":"category","embeddable":true,"href":"https:\/\/infonews.az\/index.php?rest_route=%2Fwp%2Fv2%2Fcategories&post=28136"},{"taxonomy":"post_tag","embeddable":true,"href":"https:\/\/infonews.az\/index.php?rest_route=%2Fwp%2Fv2%2Ftags&post=28136"}],"curies":[{"name":"wp","href":"https:\/\/api.w.org\/{rel}","templated":true}]}}