{"id":28145,"date":"2022-12-22T12:56:57","date_gmt":"2022-12-22T08:56:57","guid":{"rendered":"https:\/\/infonews.az\/?p=28145"},"modified":"2022-12-22T17:02:50","modified_gmt":"2022-12-22T13:02:50","slug":"m%c9%99d%c9%99niyy%c9%99t-naziri-v%c9%99zif%c9%99sinin-muv%c9%99qq%c9%99ti-icrasi-ona-tapsirildi","status":"publish","type":"post","link":"https:\/\/infonews.az\/?p=28145","title":{"rendered":"M\u0259d\u0259niyy\u0259t naziri v\u0259zif\u0259sinin m\u00fcv\u0259qq\u0259ti icras\u0131 ona tap\u015f\u0131r\u0131ld\u0131"},"content":{"rendered":"<p><span style=\"color: #ffffff;\">M\u0259d\u0259niyy\u0259t naziri v\u0259zif\u0259sinin m\u00fcv\u0259qq\u0259ti icras\u0131 ona tap\u015f\u0131r\u0131ld\u0131<\/span><\/p>\n<blockquote><p><span style=\"color: #000000;\">Az\u0259rbaycan Respublikas\u0131n\u0131n m\u0259d\u0259niyy\u0259t naziri t\u0259yin olunanad\u0259k h\u0259min v\u0259zif\u0259nin m\u00fcv\u0259qq\u0259ti icras\u0131 Az\u0259rbaycan Respublikas\u0131 m\u0259d\u0259niyy\u0259t nazirinin birinci m\u00fcavini Adil Qabil o\u011flu K\u0259rimliy\u0259 h\u0259val\u0259 edilib.<\/span><\/p><\/blockquote>\n<p><a href=\"https:\/\/infonews.az\/\"><strong>\u201c\u0130NFONEWS\u201d<\/strong><\/a><span style=\"color: #000000;\"> x\u0259b\u0259r verir ki, Prezident \u0130lham \u018fliyev bu g\u00fcn \u201cA.Q.K\u0259rimlinin Az\u0259rbaycan Respublikas\u0131 m\u0259d\u0259niyy\u0259t nazirinin birinci m\u00fcavini t\u0259yin edilm\u0259si haqq\u0131nda\u201d S\u0259r\u0259mcam imzalay\u0131b.<\/span><\/p>\n<p><a href=\"https:\/\/president.az\/az\/articles\/view\/58259\/print\">S\u0259r\u0259ncam<\/a><span style=\"color: #000000;\">da deyilir:<\/span><\/p>\n<p><span style=\"color: #000000;\">Az\u0259rbaycan Respublikas\u0131 Konstitusiyas\u0131n\u0131n 109-cu madd\u0259sinin 32-ci b\u0259ndini r\u0259hb\u0259r tutaraq q\u0259rara al\u0131ram:<\/span><\/p>\n<p><span style=\"color: #000000;\">1. Adil Qabil o\u011flu K\u0259rimli Az\u0259rbaycan Respublikas\u0131 m\u0259d\u0259niyy\u0259t nazirinin birinci m\u00fcavini t\u0259yin edilsin.<\/span><\/p>\n<p><span style=\"color: #000000;\">2. Az\u0259rbaycan Respublikas\u0131n\u0131n m\u0259d\u0259niyy\u0259t naziri t\u0259yin olunanad\u0259k h\u0259min v\u0259zif\u0259nin m\u00fcv\u0259qq\u0259ti icras\u0131 Az\u0259rbaycan Respublikas\u0131 m\u0259d\u0259niyy\u0259t nazirinin birinci m\u00fcavini Adil Qabil o\u011flu K\u0259rimliy\u0259 h\u0259val\u0259 edilsin.<\/span><\/p>\n<p><span style=\"color: #000000;\">3. Bu S\u0259r\u0259ncam imzaland\u0131\u011f\u0131 g\u00fcnd\u0259n q\u00fcvv\u0259y\u0259 minir.<\/span><\/p>\n<p><span style=\"color: #000000;\">\u0130lham \u018fliyev<\/span><\/p>\n<p><span style=\"color: #000000;\">Az\u0259rbaycan Respublikas\u0131n\u0131n Prezidenti<\/span><\/p>\n<p><span style=\"color: #000000;\">Bak\u0131 \u015f\u0259h\u0259ri, 22 dekabr 2022-ci il<\/span><\/p>\n","protected":false},"excerpt":{"rendered":"<p>M\u0259d\u0259niyy\u0259t naziri v\u0259zif\u0259sinin m\u00fcv\u0259qq\u0259ti icras\u0131 ona tap\u015f\u0131r\u0131ld\u0131 Az\u0259rbaycan Respublikas\u0131n\u0131n m\u0259d\u0259niyy\u0259t naziri t\u0259yin olunanad\u0259k h\u0259min v\u0259zif\u0259nin m\u00fcv\u0259qq\u0259ti icras\u0131 Az\u0259rbaycan Respublikas\u0131 m\u0259d\u0259niyy\u0259t nazirinin birinci m\u00fcavini Adil Qabil o\u011flu K\u0259rimliy\u0259 h\u0259val\u0259 edilib. \u201c\u0130NFONEWS\u201d&hellip; <\/p>\n","protected":false},"author":3,"featured_media":28146,"comment_status":"open","ping_status":"open","sticky":false,"template":"","format":"standard","meta":{"_mi_skip_tracking":false,"_monsterinsights_sitenote_active":false,"_monsterinsights_sitenote_note":"","_monsterinsights_sitenote_category":0,"footnotes":""},"categories":[4,11],"tags":[9546,403,34],"aioseo_notices":[],"_links":{"self":[{"href":"https:\/\/infonews.az\/index.php?rest_route=\/wp\/v2\/posts\/28145"}],"collection":[{"href":"https:\/\/infonews.az\/index.php?rest_route=\/wp\/v2\/posts"}],"about":[{"href":"https:\/\/infonews.az\/index.php?rest_route=\/wp\/v2\/types\/post"}],"author":[{"embeddable":true,"href":"https:\/\/infonews.az\/index.php?rest_route=\/wp\/v2\/users\/3"}],"replies":[{"embeddable":true,"href":"https:\/\/infonews.az\/index.php?rest_route=%2Fwp%2Fv2%2Fcomments&post=28145"}],"version-history":[{"count":1,"href":"https:\/\/infonews.az\/index.php?rest_route=\/wp\/v2\/posts\/28145\/revisions"}],"predecessor-version":[{"id":28147,"href":"https:\/\/infonews.az\/index.php?rest_route=\/wp\/v2\/posts\/28145\/revisions\/28147"}],"wp:featuredmedia":[{"embeddable":true,"href":"https:\/\/infonews.az\/index.php?rest_route=\/wp\/v2\/media\/28146"}],"wp:attachment":[{"href":"https:\/\/infonews.az\/index.php?rest_route=%2Fwp%2Fv2%2Fmedia&parent=28145"}],"wp:term":[{"taxonomy":"category","embeddable":true,"href":"https:\/\/infonews.az\/index.php?rest_route=%2Fwp%2Fv2%2Fcategories&post=28145"},{"taxonomy":"post_tag","embeddable":true,"href":"https:\/\/infonews.az\/index.php?rest_route=%2Fwp%2Fv2%2Ftags&post=28145"}],"curies":[{"name":"wp","href":"https:\/\/api.w.org\/{rel}","templated":true}]}}