{"id":28176,"date":"2022-12-23T12:28:33","date_gmt":"2022-12-23T08:28:33","guid":{"rendered":"https:\/\/infonews.az\/?p=28176"},"modified":"2022-12-23T13:43:02","modified_gmt":"2022-12-23T09:43:02","slug":"lukoyl-un-r%c9%99hb%c9%99ri-prezident-ilham-%c9%99liyev%c9%99-t%c9%99brik-unvanladi","status":"publish","type":"post","link":"https:\/\/infonews.az\/?p=28176","title":{"rendered":"\u201cLUKOYL\u201d-un r\u0259hb\u0259ri Prezident \u0130lham \u018fliyev\u0259 t\u0259brik \u00fcnvanlad\u0131"},"content":{"rendered":"<p><span style=\"color: #ffffff;\">\u00a0\u201cLUKOYL\u201d-un r\u0259hb\u0259ri Prezident \u0130lham \u018fliyev\u0259 t\u0259brik \u00fcnvanlad\u0131<\/span><\/p>\n<blockquote>\n<p class=\"content-title\">Rusiyan\u0131n \u201cLUKOYL\u201d Publik S\u0259hmdar C\u0259miyy\u0259tinin Ba\u015f icra\u00e7\u0131 direktoru Vadim Vorobyov Prezident \u0130lham \u018fliyev\u0259 t\u0259brik \u00fcnvanlay\u0131b.<\/p>\n<\/blockquote>\n<p><a href=\"https:\/\/infonews.az\/?p=28176\"><span style=\"color: #ff0000;\"><strong>&#8220;\u0130NFONEWS&#8221;<\/strong><\/span><\/a> x\u0259b\u0259r verir ki, t\u0259brikd\u0259 deyilir:<\/p>\n<p>Az\u0259rbaycan Respublikas\u0131n\u0131n Prezidenti Zati-alil\u0259ri c\u0259nab \u0130lham \u018fliyev\u0259<\/p>\n<p style=\"text-align: center;\"><span style=\"color: #000000;\">Zati-alil\u0259ri,<\/span><\/p>\n<p style=\"text-align: center;\"><span style=\"color: #000000;\">Do\u011fum g\u00fcn\u00fcn\u00fcz m\u00fcnasib\u0259til\u0259 \u201cLUKOYL\u201d Publik S\u0259hmdar C\u0259miyy\u0259tinin r\u0259hb\u0259rliyi ad\u0131ndan v\u0259 \u015f\u0259xs\u0259n \u00f6z ad\u0131mdan \u0259n s\u0259mimi t\u0259brikl\u0259rimi q\u0259bul edin.<\/span><\/p>\n<p style=\"text-align: center;\"><span style=\"color: #000000;\">Siz\u0259 xas olan m\u00fcdriklik, sa\u011flam m\u00fchakim\u0259, prinsipiall\u0131q qar\u015f\u0131ya \u00e7\u0131xan h\u0259r bir m\u0259s\u0259l\u0259ni s\u0259m\u0259r\u0259li \u015f\u0259kild\u0259 h\u0259ll etm\u0259y\u0259 v\u0259 ali d\u00f6vl\u0259ti v\u0259zif\u0259nizi u\u011furla yerin\u0259 yetirm\u0259y\u0259 imkan ver\u0259n keyfiyy\u0259tl\u0259rdir. Sizin r\u0259hb\u0259rliyinizl\u0259 Az\u0259rbaycan sabit iqtisadi art\u0131m\u0131n m\u00fcsb\u0259t dinamikas\u0131n\u0131, investisiya m\u00fchitinin yax\u015f\u0131la\u015fmas\u0131n\u0131, beyn\u0259lxalq \u0259laq\u0259l\u0259rin v\u0259 \u0259m\u0259kda\u015fl\u0131\u011f\u0131n geni\u015fl\u0259nm\u0259sini n\u00fcmayi\u015f etdirir. Siz haql\u0131 olaraq \u00f6lk\u0259 v\u0259t\u0259nda\u015flar\u0131n\u0131n tam d\u0259st\u0259yini v\u0259 etimad\u0131n\u0131, xarici h\u0259mkarlar\u0131n\u0131z v\u0259 t\u0259r\u0259fda\u015flar\u0131n\u0131z\u0131n n\u00fcfuz v\u0259 h\u00f6rm\u0259tini qazanm\u0131s\u0131n\u0131z.<\/span><\/p>\n<p style=\"text-align: center;\"><span style=\"color: #000000;\">F\u00fcrs\u0259td\u0259n istifad\u0259 edib Az\u0259rbaycan Respublikas\u0131nda \u201cLUKOYL\u201dun f\u0259aliyy\u0259tin\u0259 \u015f\u0259xs\u0259n g\u00f6st\u0259rdiyiniz daimi d\u0259st\u0259y\u0259 g\u00f6r\u0259 Siz\u0259 d\u0259rin minn\u0259tdarl\u0131\u011f\u0131m\u0131 bildirm\u0259k ist\u0259rdim. \u0130caz\u0259 verin, Sizi \u0259min edim ki, biz \u00f6lk\u0259l\u0259rimizin rifah\u0131 namin\u0259 birg\u0259 layih\u0259l\u0259rin daha da inki\u015faf etdirilm\u0259si \u00fc\u00e7\u00fcn daim s\u0259y g\u00f6st\u0259r\u0259c\u0259yik.<\/span><\/p>\n<p style=\"text-align: center;\"><span style=\"color: #000000;\">Zati-alil\u0259ri, icaz\u0259 verin, bu \u0259lam\u0259tdar g\u00fcnd\u0259 Siz\u0259 s\u0259mimi- q\u0259lbd\u0259n m\u00f6hk\u0259m cansa\u011fl\u0131\u011f\u0131, ruh y\u00fcks\u0259kliyi, firavanl\u0131q v\u0259 ali d\u00f6vl\u0259ti f\u0259aliyy\u0259tinizd\u0259 daha b\u00f6y\u00fck u\u011furlar arzu edim.<\/span><\/p>\n<p style=\"text-align: center;\"><span style=\"color: #000000;\">H\u00f6rm\u0259tl\u0259,<\/span><\/p>\n<p><span style=\"color: #000000;\">Vadim Vorobyov<\/span><\/p>\n<p><span style=\"color: #000000;\">Rusiyan\u0131n \u201cLUKOYL\u201d Publik S\u0259hmdar C\u0259miyy\u0259tinin Ba\u015f icra\u00e7\u0131 direktoru<\/span><\/p>\n","protected":false},"excerpt":{"rendered":"<p>\u00a0\u201cLUKOYL\u201d-un r\u0259hb\u0259ri Prezident \u0130lham \u018fliyev\u0259 t\u0259brik \u00fcnvanlad\u0131 Rusiyan\u0131n \u201cLUKOYL\u201d Publik S\u0259hmdar C\u0259miyy\u0259tinin Ba\u015f icra\u00e7\u0131 direktoru Vadim Vorobyov Prezident \u0130lham \u018fliyev\u0259 t\u0259brik \u00fcnvanlay\u0131b. &#8220;\u0130NFONEWS&#8221; x\u0259b\u0259r verir ki, t\u0259brikd\u0259 deyilir: Az\u0259rbaycan Respublikas\u0131n\u0131n&hellip; <\/p>\n","protected":false},"author":14,"featured_media":28181,"comment_status":"open","ping_status":"open","sticky":false,"template":"","format":"standard","meta":{"_mi_skip_tracking":false,"_monsterinsights_sitenote_active":false,"_monsterinsights_sitenote_note":"","_monsterinsights_sitenote_category":0,"footnotes":""},"categories":[6,11],"tags":[9558,1008,15,9559],"aioseo_notices":[],"_links":{"self":[{"href":"https:\/\/infonews.az\/index.php?rest_route=\/wp\/v2\/posts\/28176"}],"collection":[{"href":"https:\/\/infonews.az\/index.php?rest_route=\/wp\/v2\/posts"}],"about":[{"href":"https:\/\/infonews.az\/index.php?rest_route=\/wp\/v2\/types\/post"}],"author":[{"embeddable":true,"href":"https:\/\/infonews.az\/index.php?rest_route=\/wp\/v2\/users\/14"}],"replies":[{"embeddable":true,"href":"https:\/\/infonews.az\/index.php?rest_route=%2Fwp%2Fv2%2Fcomments&post=28176"}],"version-history":[{"count":1,"href":"https:\/\/infonews.az\/index.php?rest_route=\/wp\/v2\/posts\/28176\/revisions"}],"predecessor-version":[{"id":28182,"href":"https:\/\/infonews.az\/index.php?rest_route=\/wp\/v2\/posts\/28176\/revisions\/28182"}],"wp:featuredmedia":[{"embeddable":true,"href":"https:\/\/infonews.az\/index.php?rest_route=\/wp\/v2\/media\/28181"}],"wp:attachment":[{"href":"https:\/\/infonews.az\/index.php?rest_route=%2Fwp%2Fv2%2Fmedia&parent=28176"}],"wp:term":[{"taxonomy":"category","embeddable":true,"href":"https:\/\/infonews.az\/index.php?rest_route=%2Fwp%2Fv2%2Fcategories&post=28176"},{"taxonomy":"post_tag","embeddable":true,"href":"https:\/\/infonews.az\/index.php?rest_route=%2Fwp%2Fv2%2Ftags&post=28176"}],"curies":[{"name":"wp","href":"https:\/\/api.w.org\/{rel}","templated":true}]}}