{"id":28187,"date":"2022-12-26T09:05:15","date_gmt":"2022-12-26T05:05:15","guid":{"rendered":"https:\/\/infonews.az\/?p=28187"},"modified":"2022-12-26T11:06:29","modified_gmt":"2022-12-26T07:06:29","slug":"bu-gun-%c9%99m%c9%99k-v%c9%99-%c9%99halinin-sosial-mudafi%c9%99si-nazirliyinin-yaranma-gunudur","status":"publish","type":"post","link":"https:\/\/infonews.az\/?p=28187","title":{"rendered":"Bu g\u00fcn \u018fm\u0259k v\u0259 \u018fhalinin Sosial M\u00fcdafi\u0259si Nazirliyinin yaranma g\u00fcn\u00fcd\u00fcr"},"content":{"rendered":"<p><span style=\"color: #ffffff;\">Bu g\u00fcn \u018fm\u0259k v\u0259 \u018fhalinin Sosial M\u00fcdafi\u0259si Nazirliyinin yaranma g\u00fcn\u00fcd\u00fcr<\/span><\/p>\n<blockquote><p><em>Az\u0259rbaycan Respublikas\u0131n\u0131n \u018fm\u0259k v\u0259 \u018fhalinin Sosial M\u00fcdafi\u0259si Nazirliyin yarad\u0131lmas\u0131ndan 104 il \u00f6t\u00fcr<\/em><\/p><\/blockquote>\n<p><a href=\"https:\/\/infonews.az\/?p=28187\"><span style=\"color: #ff0000;\"><strong>&#8220;\u0130NFONEWS&#8221;<\/strong><\/span><\/a> x\u0259b\u0259r verir ki, bu g\u00fcn, 26 dekabr &#8211; \u018fm\u0259k v\u0259 \u018fhalinin Sosial M\u00fcdafi\u0259si Nazirliyinin yaranma g\u00fcn\u00fcd\u00fcr. 104 il \u0259vv\u0259l, 1918-ci ilin 26 dekabr\u0131nda Po\u00e7t, Teleqraf v\u0259 \u018fm\u0259k Nazirliyi kimi yarad\u0131lan Nazirlik d\u00f6vl\u0259timizin ild\u0259n-il\u0259 g\u00fccl\u0259n\u0259n sosial siyas\u0259tinin icras\u0131nda m\u00fch\u00fcm rola malik olmaqla, \u00f6lk\u0259 \u0259halisinin b\u00f6y\u00fck bir hiss\u0259sin\u0259 \u0259m\u0259k, m\u0259\u015f\u011fulluq, sosial m\u00fcdafi\u0259 v\u0259 sosial t\u0259minat, tibbi-sosial ekspertiza v\u0259 reabilitasiya, \u00f6vladl\u0131\u011fag\u00f6t\u00fcrm\u0259 sah\u0259l\u0259rind\u0259 xidm\u0259tl\u0259r g\u00f6st\u0259rir.<\/p>\n<p>Prezident \u0130lham \u018fliyevin u\u011furlu sosial siyas\u0259tin\u0259 uy\u011fun olaraq \u018fm\u0259k v\u0259 \u018fhalinin Sosial M\u00fcdafi\u0259si Nazirliyinin f\u0259aliyy\u0259t sah\u0259l\u0259rind\u0259 son ill\u0259r ard\u0131c\u0131l v\u0259 geni\u015f miqyasl\u0131 islahatlar h\u0259yata ke\u00e7irilib. Sosial m\u00fcdafi\u0259 sisteminin g\u00fccl\u0259ndirilm\u0259si, aktiv m\u0259\u015f\u011fulluq proqramlar\u0131n\u0131n geni\u015fl\u0259ndirilm\u0259si, d\u00f6vl\u0259t sosial xidm\u0259tl\u0259rinin innovativ h\u0259ll\u0259rin t\u0259tbiqi, elektron texnologiyalar \u00fcz\u0259rind\u0259, v\u0259t\u0259nda\u015f m\u0259mnunlu\u011funa uy\u011fun g\u00f6st\u0259rilm\u0259si istiqam\u0259tind\u0259 \u0259h\u0259miyy\u0259tli add\u0131mlar at\u0131l\u0131b.<\/p>\n<p>D\u00f6vl\u0259t ba\u015f\u00e7\u0131s\u0131n\u0131n f\u0259rman v\u0259 s\u0259r\u0259ncamlar\u0131na uy\u011fun olaraq son 4 ild\u0259 3 sosial islahat paketi h\u0259yata ke\u00e7irilib v\u0259 4 milyondan \u00e7ox v\u0259t\u0259nda\u015f\u0131n rifah\u0131na d\u0259st\u0259k olan bu islahatlar \u00fczr\u0259 \u0259lav\u0259 olaraq illik 6 mlrd. manat ayr\u0131l\u0131b.<\/p>\n<p>Apar\u0131lan bu islahatlar n\u0259tic\u0259sind\u0259 minimum \u0259m\u0259khaqq\u0131 2,3 d\u0259f\u0259, orta ayl\u0131q \u0259m\u0259k haqq\u0131 53 faiz, \u0259m\u0259k m\u00fcqavil\u0259l\u0259ri 30 faiz, \u0259m\u0259khaqq\u0131 fondu 2,2 d\u0259f\u0259, minimum pensiya 2,2 d\u0259f\u0259, orta ayl\u0131q pensiya 80 faiz, sosial m\u00fcavin\u0259t v\u0259 t\u0259qa\u00fcd \u00f6d\u0259ni\u015fl\u0259ri 3,5 d\u0259f\u0259 art\u0131b.<\/p>\n<p>Eyni zamanda h\u0259min d\u00f6vrd\u0259 10-dan \u00e7ox yeni sosial \u00f6d\u0259ni\u015f n\u00f6v\u00fc t\u0259sis olunmaqla v\u0259 pensiya t\u0259minat\u0131na \u0259l\u00e7atanl\u0131\u011f\u0131n art\u0131r\u0131lmas\u0131na xidm\u0259t ed\u0259n humanist yana\u015fmalar t\u0259tbiq edilm\u0259kl\u0259, \u00a0sosial t\u0259minat sisteminin \u0259hat\u0259 dair\u0259si \u0259h\u0259miyy\u0259tli d\u0259r\u0259c\u0259d\u0259 geni\u015fl\u0259ndirilib.<\/p>\n<p>Prezident \u0130lham \u018fliyevin F\u0259rman\u0131 il\u0259 yarad\u0131lan, 2019-cu ilin may ay\u0131nda a\u00e7\u0131l\u0131\u015f\u0131 olan DOST Agentliyi \u00f6lk\u0259mizin yeni brendin\u0259 \u00a0\u00e7evrilib. Birinci vitse-prezident Mehriban xan\u0131m \u018fliyevan\u0131n t\u0259\u015f\u0259bb\u00fcs\u00fc olan, DOST konsepsiyas\u0131 d\u00f6vl\u0259t sosial xidm\u0259tl\u0259rinin \u201cbir p\u0259nc\u0259r\u0259\u201dd\u0259n, modern v\u0259 \u00e7evik, tam \u015f\u0259ffaf mexanizml\u0259r \u00fcz\u0259rind\u0259, v\u0259t\u0259nda\u015f m\u0259mnunlu\u011funa uy\u011fun t\u0259qdim edilm\u0259sin\u0259 imkan verib.<\/p>\n<p>2020-ci ild\u0259 Prezident, Silahl\u0131 Q\u00fcvv\u0259l\u0259rin M\u00fcz\u0259ff\u0259r Ali Ba\u015f Komandan\u0131 \u0130lham \u018fliyevin r\u0259hb\u0259rliyi il\u0259 Az\u0259rbaycan Ordusunun m\u00f6ht\u0259\u015f\u0259m Z\u0259f\u0259r \u0259ld\u0259 etdiyi V\u0259t\u0259n m\u00fcharib\u0259sind\u0259n sonra d\u00f6vl\u0259t ba\u015f\u00e7\u0131s\u0131n\u0131n g\u00f6st\u0259ri\u015fi il\u0259 \u018fm\u0259k v\u0259 \u018fhalinin Sosial M\u00fcdafi\u0259si Nazirliyi t\u0259r\u0259find\u0259n \u015f\u0259hidl\u0259rimizin ail\u0259 \u00fczvl\u0259ri v\u0259 m\u00fcharib\u0259 i\u015ftirak\u00e7\u0131lar\u0131 il\u0259 ba\u011fl\u0131 \u00e7ox geni\u015f t\u0259dbirl\u0259ri \u0259hat\u0259 ed\u0259n sosial d\u0259st\u0259k paketi icra olunur. \u00d6t\u0259n d\u00f6vrd\u0259 121 min \u015f\u0259xs\u0259 bu t\u0259dbirl\u0259r \u00e7\u0259r\u00e7iv\u0259sind\u0259 d\u0259st\u0259k y\u00f6n\u00fcml\u00fc 260 min xidm\u0259t g\u00f6st\u0259rilib.<\/p>\n<p>\u00dcmumilikd\u0259 \u015f\u0259hid ail\u0259l\u0259ri v\u0259 m\u00fcharib\u0259 i\u015ftirak\u00e7\u0131lar\u0131n\u0131n sosial m\u00fcdafi\u0259si Nazirliyin f\u0259aliyy\u0259tind\u0259 m\u00fch\u00fcm yer tutur. \u00d6lk\u0259 Prezidentinin tap\u015f\u0131r\u0131qlar\u0131na \u0259sas\u0259n \u018fm\u0259k v\u0259 \u018fhalinin Sosial M\u00fcdafi\u0259si Nazirliyi 2019-2020-ci ill\u0259rd\u0259 1997-ci il avqustun 2-d\u0259k olan d\u00f6vr \u00fczr\u0259 \u015f\u0259hid h\u0259rbi qulluq\u00e7ular\u0131n v\u0259 daxili i\u015fl\u0259r orqanlar\u0131 \u0259m\u0259kda\u015flar\u0131n\u0131n v\u0259r\u0259s\u0259l\u0259ri bird\u0259f\u0259lik \u00f6d\u0259m\u0259 il\u0259 t\u0259minat\u0131 proqram\u0131n\u0131 icra edib.<\/p>\n<p>Bu ilin avqust ay\u0131ndan is\u0259 1997-ci il avqustun 2-d\u0259k h\u0259rbi xidm\u0259td\u0259 olark\u0259n ald\u0131\u011f\u0131 x\u0259sar\u0259t n\u0259tic\u0259sind\u0259 \u0259lilliyi m\u00fc\u0259yy\u0259n edilmi\u015f \u015f\u0259xsl\u0259r v\u0259 v\u0259r\u0259s\u0259l\u0259rinin bird\u0259f\u0259lik \u00f6d\u0259m\u0259 il\u0259 t\u0259minat\u0131 proqram\u0131 icra olunur v\u0259 art\u0131q 16,7 min \u015f\u0259xs \u00fczr\u0259 bird\u0259f\u0259lik \u00f6d\u0259m\u0259 verilib.<\/p>\n<p>El\u0259c\u0259 d\u0259 2022-ci ilin \u0259vv\u0259lind\u0259n V\u0259t\u0259n m\u00fcharib\u0259si i\u015ftirak\u00e7\u0131lar\u0131na \u201cM\u00fcharib\u0259 veteran\u0131\u201d ad\u0131 veril\u0259r\u0259k Prezidentin ayl\u0131q t\u0259qa\u00fcd\u00fc t\u0259yin olunub. B\u00fct\u00fcn bu proqramlar\u0131n icras\u0131nda v\u0259t\u0259nda\u015f m\u0259mnunlu\u011fu v\u0259 rahatl\u0131\u011f\u0131 prinsipi \u0259sas g\u00f6t\u00fcr\u00fcl\u00fcb, t\u0259yinat mexanizml\u0259ri proaktiv qaydada h\u0259yata ke\u00e7irilib.<\/p>\n<p>H\u0259ssas qruplarla ba\u011fl\u0131 m\u00fch\u00fcm sosial proqramlar\u0131n icras\u0131nda da son ill\u0259r m\u00fch\u00fcm u\u011furlar \u0259ld\u0259 olunub. \u015e\u0259hid ail\u0259l\u0259ri v\u0259 m\u00fcharib\u0259 il\u0259 \u0259laq\u0259dar \u0259lilliyi olan \u015f\u0259xsl\u0259rin m\u0259nzill\u0259 t\u0259minat\u0131 proqram\u0131 son 4 ild\u0259 5 d\u0259f\u0259 geni\u015fl\u0259nib. Postm\u00fcharib\u0259 d\u00f6vr\u00fcnd\u0259 onlara onlara 4300, \u00fcmumilikd\u0259 \u00f6t\u0259n d\u00f6vrd\u0259 is\u0259 13,1 min m\u0259nzil v\u0259 f\u0259rdi ev t\u0259qdim edilib. H\u0259m\u00e7inin 44 g\u00fcnl\u00fck V\u0259t\u0259n m\u00fcharib\u0259sind\u0259n sonra 304, \u00fcmum\u0259n \u00f6t\u0259n d\u00f6vrd\u0259 7500-d\u0259n art\u0131q avtomobil m\u00fcharib\u0259 il\u0259 \u0259laq\u0259dar \u0259lilliyi olan \u015f\u0259xsl\u0259r\u0259 verilib.<\/p>\n<p>D\u00f6vl\u0259t ba\u015f\u00e7\u0131s\u0131n\u0131n g\u00f6st\u0259ri\u015fi il\u0259 \u018fm\u0259k v\u0259 \u018fhalinin Sosial M\u00fcdafi\u0259si Nazirliyi t\u0259r\u0259find\u0259n aktiv m\u0259\u015f\u011fulluq proqramlar\u0131 d\u0259f\u0259l\u0259rl\u0259 geni\u015fl\u0259nib. Buna misal olaraq \u00f6z\u00fcn\u00fcm\u0259\u015f\u011fulluq proqram\u0131na c\u0259lb olunanlar\u0131n say\u0131 son 4 ild\u0259 t\u0259qrib\u0259n 15 d\u0259f\u0259 art\u0131b. H\u0259min d\u00f6vrd\u0259 60 mind\u0259n \u00e7ox i\u015fsiz v\u0259 i\u015faxtaran \u015f\u0259xs \u00fc\u00e7\u00fcn h\u0259min proqram \u00e7\u0259r\u00e7iv\u0259sind\u0259 ki\u00e7ik ail\u0259 biznesl\u0259ri yarad\u0131l\u0131b.<\/p>\n<p>Apar\u0131lan sosial islahatlarda s\u0259m\u0259r\u0259li f\u0259aliyy\u0259ti il\u0259 se\u00e7il\u0259n Nazirlik \u0259m\u0259kda\u015flar\u0131n\u0131n \u0259m\u0259yi \u00f6lk\u0259 Prezidenti t\u0259r\u0259find\u0259n daim y\u00fcks\u0259k d\u0259y\u0259rl\u0259ndirilir. Bu g\u00fcnl\u0259rd\u0259 Prezident \u0130lham \u018fliyevin S\u0259r\u0259ncam\u0131 il\u0259 \u018fm\u0259k v\u0259 \u018fhalinin Sosial M\u00fcdafi\u0259si Nazirliyinin daha bir qrup \u0259m\u0259kda\u015f\u0131n\u0131n d\u00f6vl\u0259t t\u0259ltifin\u0259 layiq g\u00f6r\u00fclm\u0259si d\u0259 bunun n\u00f6vb\u0259ti t\u0259zah\u00fcr\u00fcd\u00fcr.<\/p>\n<p>D\u00f6vl\u0259t ba\u015f\u00e7\u0131s\u0131n\u0131n u\u011furlu sosial islahatlar proqram\u0131 qar\u015f\u0131dak\u0131 d\u00f6vrd\u0259 d\u0259 \u0259m\u0259k, m\u0259\u015f\u011fulluq, sosial m\u00fcdafi\u0259 sah\u0259l\u0259rind\u0259 yeni m\u00fch\u00fcm ir\u0259lil\u0259yi\u015fl\u0259r\u0259 nail olunmas\u0131n\u0131 t\u0259min ed\u0259c\u0259kdir.<\/p>\n","protected":false},"excerpt":{"rendered":"<p>Bu g\u00fcn \u018fm\u0259k v\u0259 \u018fhalinin Sosial M\u00fcdafi\u0259si Nazirliyinin yaranma g\u00fcn\u00fcd\u00fcr Az\u0259rbaycan Respublikas\u0131n\u0131n \u018fm\u0259k v\u0259 \u018fhalinin Sosial M\u00fcdafi\u0259si Nazirliyin yarad\u0131lmas\u0131ndan 104 il \u00f6t\u00fcr &#8220;\u0130NFONEWS&#8221; x\u0259b\u0259r verir ki, bu g\u00fcn, 26 dekabr&hellip; <\/p>\n","protected":false},"author":14,"featured_media":28188,"comment_status":"open","ping_status":"open","sticky":false,"template":"","format":"standard","meta":{"_mi_skip_tracking":false,"_monsterinsights_sitenote_active":false,"_monsterinsights_sitenote_note":"","_monsterinsights_sitenote_category":0,"footnotes":""},"categories":[5373,11],"tags":[9564,15],"aioseo_notices":[],"_links":{"self":[{"href":"https:\/\/infonews.az\/index.php?rest_route=\/wp\/v2\/posts\/28187"}],"collection":[{"href":"https:\/\/infonews.az\/index.php?rest_route=\/wp\/v2\/posts"}],"about":[{"href":"https:\/\/infonews.az\/index.php?rest_route=\/wp\/v2\/types\/post"}],"author":[{"embeddable":true,"href":"https:\/\/infonews.az\/index.php?rest_route=\/wp\/v2\/users\/14"}],"replies":[{"embeddable":true,"href":"https:\/\/infonews.az\/index.php?rest_route=%2Fwp%2Fv2%2Fcomments&post=28187"}],"version-history":[{"count":1,"href":"https:\/\/infonews.az\/index.php?rest_route=\/wp\/v2\/posts\/28187\/revisions"}],"predecessor-version":[{"id":28189,"href":"https:\/\/infonews.az\/index.php?rest_route=\/wp\/v2\/posts\/28187\/revisions\/28189"}],"wp:featuredmedia":[{"embeddable":true,"href":"https:\/\/infonews.az\/index.php?rest_route=\/wp\/v2\/media\/28188"}],"wp:attachment":[{"href":"https:\/\/infonews.az\/index.php?rest_route=%2Fwp%2Fv2%2Fmedia&parent=28187"}],"wp:term":[{"taxonomy":"category","embeddable":true,"href":"https:\/\/infonews.az\/index.php?rest_route=%2Fwp%2Fv2%2Fcategories&post=28187"},{"taxonomy":"post_tag","embeddable":true,"href":"https:\/\/infonews.az\/index.php?rest_route=%2Fwp%2Fv2%2Ftags&post=28187"}],"curies":[{"name":"wp","href":"https:\/\/api.w.org\/{rel}","templated":true}]}}