{"id":2819,"date":"2021-01-22T17:07:05","date_gmt":"2021-01-22T13:07:05","guid":{"rendered":"https:\/\/infonews.az\/?p=2819"},"modified":"2021-01-22T17:07:05","modified_gmt":"2021-01-22T13:07:05","slug":"qran-pri-mukafatcisi-olan-%c9%99li-eyyubov","status":"publish","type":"post","link":"https:\/\/infonews.az\/?p=2819","title":{"rendered":"Qran-Pri m\u00fckafat\u00e7\u0131s\u0131 olan \u018fli Eyyubov"},"content":{"rendered":"<p><img loading=\"lazy\" decoding=\"async\" class=\"wp-image-2820 aligncenter\" src=\"https:\/\/infonews.az\/wp-content\/uploads\/2021\/01\/elieyyubov22.1.2021_1611274806-300x180.jpg\" alt=\"\" width=\"583\" height=\"350\" srcset=\"https:\/\/infonews.az\/wp-content\/uploads\/2021\/01\/elieyyubov22.1.2021_1611274806-300x180.jpg 300w, https:\/\/infonews.az\/wp-content\/uploads\/2021\/01\/elieyyubov22.1.2021_1611274806-768x461.jpg 768w, https:\/\/infonews.az\/wp-content\/uploads\/2021\/01\/elieyyubov22.1.2021_1611274806.jpg 800w\" sizes=\"(max-width: 583px) 100vw, 583px\" \/><\/p>\n<h4>\u018fli\u00a0 Eyyubov\u00a0 musiqi\u00e7i ail\u0259sind\u0259 d\u00fcnyaya\u00a0 g\u00f6z a\u00e7\u0131b. 2007-ci ild\u0259\u00a0 Bak\u0131da anadan\u00a0 olsa da\u00a0 2013-c\u00fc ild\u0259n\u00a0\u00a0 valideynl\u0259ri\u00a0 il\u0259 birlikd\u0259 T\u00fcrkiy\u0259d\u0259\u00a0 ya\u015fay\u0131r.<\/h4>\n<h4><\/h4>\n<h4>\u00d6z\u00fcn\u00fcn\u00a0 dediyi\u00a0 kimi, musiqiy\u0259, x\u00fcsusil\u0259 klarnet ifa\u00e7\u0131l\u0131\u011f\u0131 s\u0259n\u0259tin\u0259\u00a0\u00a0 mara\u011f\u0131\u00a0\u00a0 onda\u00a0 \u00f6z\u00fc d\u0259\u00a0 mahir bir musiqi ifa\u00e7\u0131s\u0131 olan, Bak\u0131 Musiqi Akademiyas\u0131nda ali t\u0259hsil\u0259 yiy\u0259l\u0259n\u0259n\u00a0\u00a0 atas\u0131 \u0130lqar Eyyubov\u00a0\u00a0\u00a0 yarad\u0131b. \u018fli\u00a0 q\u0259l\u0259m tutandan v\u0259 musiqi duyumu yaranandan\u00a0\u00a0\u00a0 \u018fli m\u00fcxt\u0259lif musiqi\u00a0 al\u0259tl\u0259rind\u0259 ifa\u00a0 etm\u0259y\u0259\u00a0 s\u0259y g\u00f6st\u0259rib. \u018fn\u00a0 \u00e7ox\u00a0 xo\u015flad\u0131\u011f\u0131 musiqi al\u0259ti is\u0259\u00a0 m\u0259hz\u00a0 klarnet\u00a0\u00a0 olub.<\/h4>\n<h4><\/h4>\n<h4>\u018fli\u00a0 birinci\u00a0 sinf\u0259 T\u00fcrkiy\u0259nin \u018fdirn\u0259\u00a0 \u015f\u0259h\u0259rind\u0259 Vali Fahri Y\u00fccel\u00a0 ad\u0131na orta m\u0259kt\u0259bd\u0259\u00a0 gedib. \u0130btidai\u00a0 sinfi bitirdikd\u0259n sonra\u00a0 o, Adanada \u00c7ukurova Universiteti\u00a0 D\u00f6vl\u0259t Konservatoriyas\u0131n\u0131n orta m\u0259kt\u0259binin n\u0259f\u0259sli al\u0259tl\u0259r \u015f\u00f6b\u0259sinin klarnet sinfin\u0259 daxil olub. Haz\u0131rda atas\u0131n\u0131n\u00a0 Konservatoriyada\u00a0 m\u00fc\u0259llim i\u015fl\u0259diyi sinifd\u0259\u00a0\u00a0 t\u0259dris\u00a0 etdiyi klarnet ixtisas\u0131ndan\u00a0 d\u0259rs\u00a0 al\u0131r. Beyn\u0259lxalq m\u00fcsabiq\u0259l\u0259r\u00a0 qalibi olan \u018fli\u00a0 d\u0259f\u0259l\u0259rl\u0259\u00a0 musiqi\u00a0 yar\u0131\u015fmalar\u0131na\u00a0 qat\u0131laraq birincilik qazan\u0131b. 2020-ci il\u00a0 15-25\u00a0 noyabr\u00a0\u00a0\u00a0\u00a0 tarixl\u0259rind\u0259\u00a0\u00a0 Rusiya B\u0259st\u0259karlar \u0130ttifaq\u0131n\u0131n t\u0259\u015fkil etdiyi beyn\u0259lxalq m\u00fcsabiq\u0259d\u0259\u00a0 Qran-pri\u00a0 m\u00fckafat\u0131na layiq\u00a0 g\u00f6r\u00fcl\u00fcb.<\/h4>\n<h4><\/h4>\n<h4><strong>Klarnet ifa\u00e7\u0131l\u0131\u011f\u0131 bacar\u0131q t\u0259l\u0259b edir<\/strong><\/h4>\n<h4><\/h4>\n<h4>InfoNews <a href=\"https:\/\/www.muallim.edu.az\/news.php?id=14334\">Az\u0259rbaycan M\u00fc\u0259llimi<\/a> sayt\u0131na istinad\u0259n bildirir ki, ona g\u00f6st\u0259til\u0259n etimad\u0131 do\u011fruldaca\u011f\u0131na \u0259min oldu\u011funu s\u00f6yl\u0259y\u0259n \u018fli g\u0259l\u0259c\u0259kd\u0259 m\u0259\u015fhur klarnet ifa\u00e7\u0131s\u0131 olaca\u011f\u0131na da h\u0259d\u0259f se\u00e7ib. Deyir\u00a0 ki,\u00a0 klarnet ifa\u00e7\u0131l\u0131\u011f\u0131\u00a0 \u0259slind\u0259 n\u0259f\u0259s al\u0259tl\u0259ri\u00a0 s\u0131ras\u0131nda\u00a0 \u0259n \u00e7\u0259tin olan, notlarla \u00fcf\u00fcr\u00fcl\u0259n havan\u0131n ah\u0259ngini\u00a0 d\u00fczg\u00fcn m\u00fc\u0259yy\u0259nl\u0259\u015fdirm\u0259k \u00fc\u00e7\u00fcn bacar\u0131q t\u0259l\u0259b ed\u0259n \u0259n m\u00fcr\u0259kk\u0259b bir musiqi n\u00f6v\u00fcd\u00fcr. Amma m\u0259n\u00a0 onun \u00f6hd\u0259sind\u0259n g\u0259ldim v\u0259 bacard\u0131m. S\u0259yl\u0259 \u00e7al\u0131\u015faca\u011fam ki,\u00a0 klarnet ifa\u00e7\u0131l\u0131\u011f\u0131 sah\u0259sind\u0259 u\u011furlar\u0131m bol olsun v\u0259 ancaq nailiyy\u0259tl\u0259r\u0259 imza at\u0131m.<\/h4>\n<h4><\/h4>\n<h4><strong>\u018flinin qarda\u015f\u0131 Mehdi d\u0259 mahir ifa\u00e7\u0131d\u0131r<\/strong><\/h4>\n<h4><\/h4>\n<h4>Yeri g\u0259lmi\u015fk\u0259n, qeyd\u00a0 ed\u0259k ki, \u018flinin b\u00f6y\u00fck\u00a0 qarda\u015f\u0131\u00a0 Mehdi d\u0259 klarnet ifa\u00e7\u0131s\u0131 olaraq bir \u00e7ox\u00a0 beyn\u0259lxalq\u00a0 m\u00fcsabiq\u0259 v\u0259 festivallara qat\u0131laraq birincilik\u00a0 qazan\u0131b. \u0130stedadl\u0131 yeniyetm\u0259 klarnet ifa\u00e7\u0131s\u0131 olan \u018flinin g\u0259l\u0259c\u0259kd\u0259 milli musiqi tariximizd\u0259 \u00f6z imzas\u0131 il\u0259 tan\u0131naca\u011f\u0131na\u00a0 v\u0259 m\u0259\u015fhur klarnet\u00e7i kimi\u00a0\u00a0 sevil\u0259c\u0259yin\u0259\u00a0 \u00fcmid b\u0259sl\u0259yirik.<\/h4>\n<h4><\/h4>\n<h4><strong>Sifai\u00a0 S\u018fF\u018fROVA<\/strong><\/h4>\n","protected":false},"excerpt":{"rendered":"<p>\u018fli\u00a0 Eyyubov\u00a0 musiqi\u00e7i ail\u0259sind\u0259 d\u00fcnyaya\u00a0 g\u00f6z a\u00e7\u0131b. 2007-ci ild\u0259\u00a0 Bak\u0131da anadan\u00a0 olsa da\u00a0 2013-c\u00fc ild\u0259n\u00a0\u00a0 valideynl\u0259ri\u00a0 il\u0259 birlikd\u0259 T\u00fcrkiy\u0259d\u0259\u00a0 ya\u015fay\u0131r.<\/p>\n<p>\u00d6z\u00fcn\u00fcn\u00a0 dediyi\u00a0 kimi, musiqiy\u0259, x\u00fcsusil\u0259 klarnet ifa\u00e7\u0131l\u0131\u011f\u0131 s\u0259n\u0259tin\u0259\u00a0\u00a0 mara\u011f\u0131\u00a0\u00a0 onda\u00a0 \u00f6z\u00fc d\u0259\u00a0 mahir bir musiqi ifa\u00e7\u0131s\u0131 olan, Bak\u0131 Musiqi Akademiyas\u0131nda ali t\u0259hsil\u0259 yiy\u0259l\u0259n\u0259n\u00a0\u00a0 atas\u0131 \u0130lqar Eyyubov\u00a0\u00a0\u00a0 yarad\u0131b. \u018fli\u00a0 q\u0259l\u0259m tutandan v\u0259 musiqi duyumu yaranandan\u00a0\u00a0\u00a0 \u018fli m\u00fcxt\u0259lif musiqi\u00a0 al\u0259tl\u0259rind\u0259 ifa\u00a0 etm\u0259y\u0259\u00a0 s\u0259y g\u00f6st\u0259rib. \u018fn\u00a0 \u00e7ox\u00a0 xo\u015flad\u0131\u011f\u0131 musiqi al\u0259ti is\u0259\u00a0 m\u0259hz\u00a0 klarnet\u00a0\u00a0 olub.<\/p>\n","protected":false},"author":3,"featured_media":2820,"comment_status":"open","ping_status":"open","sticky":false,"template":"","format":"standard","meta":{"_mi_skip_tracking":false,"_monsterinsights_sitenote_active":false,"_monsterinsights_sitenote_note":"","_monsterinsights_sitenote_category":0,"footnotes":""},"categories":[8,82,11],"tags":[680,679,678],"aioseo_notices":[],"_links":{"self":[{"href":"https:\/\/infonews.az\/index.php?rest_route=\/wp\/v2\/posts\/2819"}],"collection":[{"href":"https:\/\/infonews.az\/index.php?rest_route=\/wp\/v2\/posts"}],"about":[{"href":"https:\/\/infonews.az\/index.php?rest_route=\/wp\/v2\/types\/post"}],"author":[{"embeddable":true,"href":"https:\/\/infonews.az\/index.php?rest_route=\/wp\/v2\/users\/3"}],"replies":[{"embeddable":true,"href":"https:\/\/infonews.az\/index.php?rest_route=%2Fwp%2Fv2%2Fcomments&post=2819"}],"version-history":[{"count":1,"href":"https:\/\/infonews.az\/index.php?rest_route=\/wp\/v2\/posts\/2819\/revisions"}],"predecessor-version":[{"id":2821,"href":"https:\/\/infonews.az\/index.php?rest_route=\/wp\/v2\/posts\/2819\/revisions\/2821"}],"wp:featuredmedia":[{"embeddable":true,"href":"https:\/\/infonews.az\/index.php?rest_route=\/wp\/v2\/media\/2820"}],"wp:attachment":[{"href":"https:\/\/infonews.az\/index.php?rest_route=%2Fwp%2Fv2%2Fmedia&parent=2819"}],"wp:term":[{"taxonomy":"category","embeddable":true,"href":"https:\/\/infonews.az\/index.php?rest_route=%2Fwp%2Fv2%2Fcategories&post=2819"},{"taxonomy":"post_tag","embeddable":true,"href":"https:\/\/infonews.az\/index.php?rest_route=%2Fwp%2Fv2%2Ftags&post=2819"}],"curies":[{"name":"wp","href":"https:\/\/api.w.org\/{rel}","templated":true}]}}