{"id":28233,"date":"2022-12-29T10:19:41","date_gmt":"2022-12-29T06:19:41","guid":{"rendered":"https:\/\/infonews.az\/?p=28233"},"modified":"2022-12-29T10:19:41","modified_gmt":"2022-12-29T06:19:41","slug":"az%c9%99rbaycanda-atmosfer-havasinin-keyfiyy%c9%99tinin-yaxsilasdirilmasi-v%c9%99-iqlim-d%c9%99yism%c9%99l%c9%99rin%c9%99-dair-dovl%c9%99t-proqrami-hazirlanir","status":"publish","type":"post","link":"https:\/\/infonews.az\/?p=28233","title":{"rendered":"Az\u0259rbaycanda &#8220;Atmosfer havas\u0131n\u0131n keyfiyy\u0259tinin yax\u015f\u0131la\u015fd\u0131r\u0131lmas\u0131 v\u0259 iqlim d\u0259yi\u015fm\u0259l\u0259rin\u0259 dair D\u00f6vl\u0259t Proqram\u0131\u201d haz\u0131rlan\u0131r"},"content":{"rendered":"<p><span style=\"color: #ffffff;\">Az\u0259rbaycanda &#8220;Atmosfer havas\u0131n\u0131n keyfiyy\u0259tinin yax\u015f\u0131la\u015fd\u0131r\u0131lmas\u0131 v\u0259 iqlim d\u0259yi\u015fm\u0259l\u0259rin\u0259 dair D\u00f6vl\u0259t Proqram\u0131\u201d haz\u0131rlan\u0131r<\/span><\/p>\n<blockquote>\n<div><span style=\"color: #000000;\">Qar\u015f\u0131dak\u0131 d\u00f6vrl\u0259rd\u0259 \u201cAz\u0259rbaycan 2030: sosial-iqtisadi inki\u015fafa dair Milli Prioritetl\u0259r\u201d s\u0259n\u0259dind\u0259 y\u00fcks\u0259k keyfiyy\u0259tli ekoloji m\u00fchit v\u0259 ya\u015f\u0131l enerji m\u0259kan\u0131 adl\u0131 iki m\u0259qs\u0259din realla\u015fd\u0131r\u0131lmas\u0131 n\u0259z\u0259rd\u0259 tutulur.<\/span><\/div>\n<\/blockquote>\n<div><span style=\"color: #000000;\">Ekologiya v\u0259 T\u0259bii S\u0259rv\u0259tl\u0259r Nazirliyinin Ekoloji Siyas\u0259t \u015e\u00f6b\u0259sinin m\u00fcdiri Faiq M\u00fct\u0259llimov <a href=\"https:\/\/infonews.az\/\"><span style=\"color: #000080;\"><strong>&#8220;\u0130NFONEWS&#8221;<\/strong><\/span><\/a>-a bildirib ki, Milli Prioritetl\u0259r s\u0259n\u0259din\u0259 \u0259sas\u0259n haz\u0131rlanan \u201cAz\u0259rbaycan Respublikas\u0131n\u0131n 2022-2026-c\u0131 ill\u0259rd\u0259 sosial-iqtisadi inki\u015faf Strategiyas\u0131\u201dnda \u0259ks olunan atmosfer havas\u0131n\u0131n keyfiyy\u0259tinin yax\u015f\u0131la\u015fd\u0131r\u0131lmas\u0131na v\u0259 iqlim d\u0259yi\u015fm\u0259l\u0259ri il\u0259 ba\u011fl\u0131 h\u0259d\u0259fl\u0259r\u0259 nail olmaq m\u0259qs\u0259dil\u0259 \u201cAtmosfer havas\u0131n\u0131n keyfiyy\u0259tinin yax\u015f\u0131la\u015fd\u0131r\u0131lmas\u0131 v\u0259 iqlim d\u0259yi\u015fm\u0259l\u0259rin\u0259 dair D\u00f6vl\u0259t Proqram\u0131\u201dn\u0131n haz\u0131rlanmas\u0131na ba\u015flan\u0131b.<\/span><\/p>\n<\/div>\n<div><span style=\"color: #000000;\">\u201cD\u00f6vl\u0259t Proqram\u0131n\u0131n q\u0259bul edilm\u0259si atmosfer havas\u0131n\u0131n keyfiyy\u0259tinin yax\u015f\u0131la\u015fd\u0131r\u0131lmas\u0131na, h\u0259m\u00e7inin iqlim d\u0259yi\u015fm\u0259l\u0259ri il\u0259 ba\u011fl\u0131 qlobal \u00e7a\u011f\u0131r\u0131\u015flar\u0131n milli s\u0259viyy\u0259d\u0259 icras\u0131n\u0131 t\u0259min etm\u0259k \u00fc\u00e7\u00fcn vahid proqram \u0259sas\u0131nda sistemli t\u0259dbirl\u0259rin h\u0259yata ke\u00e7irilm\u0259sin\u0259 \u015f\u0259rait yaradacaq.&#8221;<\/span><\/p>\n<\/div>\n<div><span style=\"color: #000000;\">F.M\u00fct\u0259llimovun s\u00f6zl\u0259rin\u0259 g\u00f6r\u0259, D\u00f6vl\u0259t Proqram\u0131nda bu sah\u0259l\u0259r \u00fczr\u0259 qanunvericiliyin qabaqc\u0131l beyn\u0259lxalq t\u0259cr\u00fcb\u0259y\u0259 uy\u011fun t\u0259kmill\u0259\u015fdirilm\u0259si, atmosfer havas\u0131na m\u0259nfi t\u0259sirl\u0259rin azald\u0131lmas\u0131, monitorinq v\u0259 n\u0259zar\u0259t \u015f\u0259b\u0259k\u0259sinin geni\u015fl\u0259ndirilm\u0259si, d\u0259qiq v\u0259 etibarl\u0131 m\u0259lumat sisteminin qurulmas\u0131, iqlim d\u0259yi\u015fm\u0259l\u0259rin\u0259 adaptasiya potensial\u0131n\u0131n g\u00fccl\u0259ndirilm\u0259si, atmosfer\u0259 at\u0131lan tullant\u0131lar\u0131n idar\u0259 olunmas\u0131 sisteminin inki\u015faf etdirilm\u0259si, ictimaiyy\u0259tin m\u0259lumatland\u0131r\u0131lmas\u0131 v\u0259 maarifl\u0259ndirm\u0259 kimi prioritet istiqam\u0259tl\u0259r m\u00fc\u0259yy\u0259n edilib.<\/span><\/div>\n","protected":false},"excerpt":{"rendered":"<p>Az\u0259rbaycanda &#8220;Atmosfer havas\u0131n\u0131n keyfiyy\u0259tinin yax\u015f\u0131la\u015fd\u0131r\u0131lmas\u0131 v\u0259 iqlim d\u0259yi\u015fm\u0259l\u0259rin\u0259 dair D\u00f6vl\u0259t Proqram\u0131\u201d haz\u0131rlan\u0131r Qar\u015f\u0131dak\u0131 d\u00f6vrl\u0259rd\u0259 \u201cAz\u0259rbaycan 2030: sosial-iqtisadi inki\u015fafa dair Milli Prioritetl\u0259r\u201d s\u0259n\u0259dind\u0259 y\u00fcks\u0259k keyfiyy\u0259tli ekoloji m\u00fchit v\u0259 ya\u015f\u0131l enerji m\u0259kan\u0131&hellip; <\/p>\n","protected":false},"author":3,"featured_media":28234,"comment_status":"open","ping_status":"open","sticky":false,"template":"","format":"standard","meta":{"_mi_skip_tracking":false,"_monsterinsights_sitenote_active":false,"_monsterinsights_sitenote_note":"","_monsterinsights_sitenote_category":0,"footnotes":""},"categories":[7990,11],"tags":[9573,371,9574],"aioseo_notices":[],"_links":{"self":[{"href":"https:\/\/infonews.az\/index.php?rest_route=\/wp\/v2\/posts\/28233"}],"collection":[{"href":"https:\/\/infonews.az\/index.php?rest_route=\/wp\/v2\/posts"}],"about":[{"href":"https:\/\/infonews.az\/index.php?rest_route=\/wp\/v2\/types\/post"}],"author":[{"embeddable":true,"href":"https:\/\/infonews.az\/index.php?rest_route=\/wp\/v2\/users\/3"}],"replies":[{"embeddable":true,"href":"https:\/\/infonews.az\/index.php?rest_route=%2Fwp%2Fv2%2Fcomments&post=28233"}],"version-history":[{"count":1,"href":"https:\/\/infonews.az\/index.php?rest_route=\/wp\/v2\/posts\/28233\/revisions"}],"predecessor-version":[{"id":28235,"href":"https:\/\/infonews.az\/index.php?rest_route=\/wp\/v2\/posts\/28233\/revisions\/28235"}],"wp:featuredmedia":[{"embeddable":true,"href":"https:\/\/infonews.az\/index.php?rest_route=\/wp\/v2\/media\/28234"}],"wp:attachment":[{"href":"https:\/\/infonews.az\/index.php?rest_route=%2Fwp%2Fv2%2Fmedia&parent=28233"}],"wp:term":[{"taxonomy":"category","embeddable":true,"href":"https:\/\/infonews.az\/index.php?rest_route=%2Fwp%2Fv2%2Fcategories&post=28233"},{"taxonomy":"post_tag","embeddable":true,"href":"https:\/\/infonews.az\/index.php?rest_route=%2Fwp%2Fv2%2Ftags&post=28233"}],"curies":[{"name":"wp","href":"https:\/\/api.w.org\/{rel}","templated":true}]}}