{"id":2831,"date":"2021-01-22T17:29:32","date_gmt":"2021-01-22T13:29:32","guid":{"rendered":"https:\/\/infonews.az\/?p=2831"},"modified":"2021-01-22T17:29:32","modified_gmt":"2021-01-22T13:29:32","slug":"aztu-da-t%c9%99hsil-alan-%c9%99cn%c9%99bi-t%c9%99l%c9%99b%c9%99l%c9%99r-s%c9%99hidl%c9%99r-xiyabanini-ziyar%c9%99t-edib","status":"publish","type":"post","link":"https:\/\/infonews.az\/?p=2831","title":{"rendered":"AzTU-da t\u0259hsil  alan \u0259cn\u0259bi t\u0259l\u0259b\u0259l\u0259r \u015e\u0259hidl\u0259r xiyaban\u0131n\u0131 ziyar\u0259t edib"},"content":{"rendered":"<header class=\"entry-header\">\n<h1 class=\"entry-title\" style=\"text-align: center;\">Az\u0259rbaycan Texniki Universitetind\u0259 t\u0259hsil\u00a0\u00a0alan \u0259cn\u0259bi t\u0259l\u0259b\u0259l\u0259r \u015e\u0259hidl\u0259r xiyaban\u0131n\u0131 ziyar\u0259t edib<\/h1>\n<\/header>\n<p><!--more--><\/p>\n<p><img loading=\"lazy\" decoding=\"async\" class=\"wp-image-2833 aligncenter\" src=\"https:\/\/infonews.az\/wp-content\/uploads\/2021\/01\/1990_94.png\" alt=\"\" width=\"454\" height=\"341\" \/><\/p>\n<blockquote>\n<h3><strong>Az\u0259rbaycan Texniki Universitetind\u0259 (AzTU) t\u0259hsil alan bir qrup \u0259cn\u0259bi t\u0259l\u0259b\u0259 20 Yanvar faci\u0259sinin 31-ci ild\u00f6n\u00fcm\u00fc il\u0259 \u0259laq\u0259dar \u015e\u0259hidl\u0259r xiyaban\u0131n\u0131 ziyar\u0259t edib.\u00a0<\/strong><\/h3>\n<\/blockquote>\n<h3>Universitetd\u0259n ald\u0131\u011f\u0131m\u0131z m\u0259lumata g\u00f6r\u0259, \u0259cn\u0259bi t\u0259l\u0259b\u0259l\u0259r\u0259 1990-c\u0131 il yanvar\u0131n 19-dan 20-n\u0259 ke\u00e7\u0259n gec\u0259 SSR\u0130-nin qo\u015fun hiss\u0259l\u0259rinin m\u00fcxt\u0259lif istiqam\u0259tl\u0259rd\u0259n barrikadalar\u0131 da\u011f\u0131d\u0131b \u0259liyal\u0131n \u0259haliy\u0259 a\u011f\u0131r texnikadan v\u0259 m\u00fcxt\u0259lif silahlardan at\u0259\u015f a\u00e7araq \u015f\u0259h\u0259r\u0259 daxil olmalar\u0131, dinc \u0259haliy\u0259 divan tutmalar\u0131 haqq\u0131nda m\u0259lumat verilib.<\/h3>\n<h3>Bildirilib ki, xalq\u0131m\u0131z\u0131n qan yadda\u015f\u0131na \u0259b\u0259di h\u0259kk olunan 20 Yanvar faci\u0259si h\u0259r il \u00f6lk\u0259mizd\u0259 \u00fcmumxalq h\u00fczn g\u00fcn\u00fc kimi qeyd edilir.<\/h3>\n<p><img loading=\"lazy\" decoding=\"async\" class=\" wp-image-2834 aligncenter\" src=\"https:\/\/infonews.az\/wp-content\/uploads\/2021\/01\/aztu-21611316018-225x300.jpg\" alt=\"\" width=\"381\" height=\"508\" srcset=\"https:\/\/infonews.az\/wp-content\/uploads\/2021\/01\/aztu-21611316018-225x300.jpg 225w, https:\/\/infonews.az\/wp-content\/uploads\/2021\/01\/aztu-21611316018.jpg 378w\" sizes=\"(max-width: 381px) 100vw, 381px\" \/> <img loading=\"lazy\" decoding=\"async\" class=\" wp-image-2835 aligncenter\" src=\"https:\/\/infonews.az\/wp-content\/uploads\/2021\/01\/aztu-31611316030-225x300.jpg\" alt=\"\" width=\"344\" height=\"459\" srcset=\"https:\/\/infonews.az\/wp-content\/uploads\/2021\/01\/aztu-31611316030-225x300.jpg 225w, https:\/\/infonews.az\/wp-content\/uploads\/2021\/01\/aztu-31611316030.jpg 378w\" sizes=\"(max-width: 344px) 100vw, 344px\" \/><\/p>\n","protected":false},"excerpt":{"rendered":"<p>Az\u0259rbaycan Texniki Universitetind\u0259 (AzTU) t\u0259hsil alan bir qrup \u0259cn\u0259bi t\u0259l\u0259b\u0259 20 Yanvar faci\u0259sinin 31-ci ild\u00f6n\u00fcm\u00fc il\u0259 \u0259laq\u0259dar \u015e\u0259hidl\u0259r xiyaban\u0131n\u0131 ziyar\u0259t edib. <\/p>\n<p>Universitetd\u0259n Mektebgushesi.az-a veril\u0259n m\u0259lumata g\u00f6r\u0259, \u0259cn\u0259bi t\u0259l\u0259b\u0259l\u0259r\u0259 1990-c\u0131 il yanvar\u0131n 19-dan 20-n\u0259 ke\u00e7\u0259n gec\u0259 SSR\u0130-nin qo\u015fun hiss\u0259l\u0259rinin m\u00fcxt\u0259lif istiqam\u0259tl\u0259rd\u0259n barrikadalar\u0131 da\u011f\u0131d\u0131b \u0259liyal\u0131n \u0259haliy\u0259 a\u011f\u0131r texnikadan v\u0259 m\u00fcxt\u0259lif silahlardan at\u0259\u015f a\u00e7araq \u015f\u0259h\u0259r\u0259 daxil olmalar\u0131, dinc \u0259haliy\u0259 divan tutmalar\u0131 haqq\u0131nda m\u0259lumat verilib.<\/p>\n<p>Bildirilib ki, xalq\u0131m\u0131z\u0131n qan yadda\u015f\u0131na \u0259b\u0259di h\u0259kk olunan 20 Yanvar faci\u0259si h\u0259r il \u00f6lk\u0259mizd\u0259 \u00fcmumxalq h\u00fczn g\u00fcn\u00fc kimi qeyd edilir.<\/p>\n","protected":false},"author":3,"featured_media":2833,"comment_status":"open","ping_status":"open","sticky":false,"template":"","format":"standard","meta":{"_mi_skip_tracking":false,"_monsterinsights_sitenote_active":false,"_monsterinsights_sitenote_note":"","_monsterinsights_sitenote_category":0,"footnotes":""},"categories":[8,11,3],"tags":[689,181,690,691,87],"aioseo_notices":[],"_links":{"self":[{"href":"https:\/\/infonews.az\/index.php?rest_route=\/wp\/v2\/posts\/2831"}],"collection":[{"href":"https:\/\/infonews.az\/index.php?rest_route=\/wp\/v2\/posts"}],"about":[{"href":"https:\/\/infonews.az\/index.php?rest_route=\/wp\/v2\/types\/post"}],"author":[{"embeddable":true,"href":"https:\/\/infonews.az\/index.php?rest_route=\/wp\/v2\/users\/3"}],"replies":[{"embeddable":true,"href":"https:\/\/infonews.az\/index.php?rest_route=%2Fwp%2Fv2%2Fcomments&post=2831"}],"version-history":[{"count":1,"href":"https:\/\/infonews.az\/index.php?rest_route=\/wp\/v2\/posts\/2831\/revisions"}],"predecessor-version":[{"id":2839,"href":"https:\/\/infonews.az\/index.php?rest_route=\/wp\/v2\/posts\/2831\/revisions\/2839"}],"wp:featuredmedia":[{"embeddable":true,"href":"https:\/\/infonews.az\/index.php?rest_route=\/wp\/v2\/media\/2833"}],"wp:attachment":[{"href":"https:\/\/infonews.az\/index.php?rest_route=%2Fwp%2Fv2%2Fmedia&parent=2831"}],"wp:term":[{"taxonomy":"category","embeddable":true,"href":"https:\/\/infonews.az\/index.php?rest_route=%2Fwp%2Fv2%2Fcategories&post=2831"},{"taxonomy":"post_tag","embeddable":true,"href":"https:\/\/infonews.az\/index.php?rest_route=%2Fwp%2Fv2%2Ftags&post=2831"}],"curies":[{"name":"wp","href":"https:\/\/api.w.org\/{rel}","templated":true}]}}