{"id":28462,"date":"2023-01-07T23:39:04","date_gmt":"2023-01-07T19:39:04","guid":{"rendered":"https:\/\/infonews.az\/?p=28462"},"modified":"2023-01-07T23:39:04","modified_gmt":"2023-01-07T19:39:04","slug":"ot%c9%99n-il-qarabag-iqtisadi-rayonuna-8-min%c9%99-yaxin-v%c9%99t%c9%99ndas-s%c9%99f%c9%99r-edib","status":"publish","type":"post","link":"https:\/\/infonews.az\/?p=28462","title":{"rendered":"\u00d6t\u0259n il Qaraba\u011f iqtisadi rayonuna 8 min\u0259 yax\u0131n v\u0259t\u0259nda\u015f s\u0259f\u0259r edib"},"content":{"rendered":"<h6 class=\"news-title\">\u00d6t\u0259n il Qaraba\u011f iqtisadi rayonuna 8 min\u0259 yax\u0131n v\u0259t\u0259nda\u015f s\u0259f\u0259r edib<\/h6>\n<p>\u00d6t\u0259n il \u0259rzind\u0259 Qaraba\u011f iqtisadi rayonuna 7,851 n\u0259f\u0259r v\u0259t\u0259nda\u015f\u0131n s\u0259f\u0259ri t\u0259\u015fkil olunub.<\/p>\n<p><a href=\"https:\/\/infonews.az\">INFONEWS<\/a> x\u0259b\u0259r verir ki, bu bar\u0259d\u0259 Qaraba\u011f iqtisadi rayonuna daxil olan i\u015f\u011faldan azad edilmi\u015f \u0259razil\u0259rd\u0259 (\u015eu\u015fa rayonu istisna olmaqla) Az\u0259rbaycan Prezidentinin x\u00fcsusi n\u00fcmay\u0259nd\u0259si Emin H\u00fcseynov tviterd\u0259 bildirib.<\/p>\n<p>Bel\u0259 ki, 3 054 n\u0259f\u0259r A\u011fdama, 501 n\u0259f\u0259r T\u0259rt\u0259r\u0259, 122 n\u0259f\u0259r Xocav\u0259nd\u0259 v\u0259 74 n\u0259f\u0259r is\u0259 F\u00fczuliy\u0259 s\u0259f\u0259r edib.<\/p>\n<blockquote class=\"twitter-tweet\" data-twitter-extracted-i1673119908553810726=\"true\">\n<p dir=\"ltr\" lang=\"tr\">\u00d6t\u0259n il \u0259rzind\u0259 Qaraba\u011f iqtisadi rayonuna 7,851 n\u0259f\u0259r v\u0259t\u0259nda\u015f\u0131n s\u0259f\u0259ri t\u0259\u015fkil olunub.<\/p>\n<\/blockquote>\n","protected":false},"excerpt":{"rendered":"<p>\u00d6t\u0259n il Qaraba\u011f iqtisadi rayonuna 8 min\u0259 yax\u0131n v\u0259t\u0259nda\u015f s\u0259f\u0259r edib \u00d6t\u0259n il \u0259rzind\u0259 Qaraba\u011f iqtisadi rayonuna 7,851 n\u0259f\u0259r v\u0259t\u0259nda\u015f\u0131n s\u0259f\u0259ri t\u0259\u015fkil olunub. INFONEWS x\u0259b\u0259r verir ki, bu bar\u0259d\u0259 Qaraba\u011f&hellip; <\/p>\n","protected":false},"author":16,"featured_media":28463,"comment_status":"open","ping_status":"open","sticky":false,"template":"","format":"standard","meta":{"_mi_skip_tracking":false,"_monsterinsights_sitenote_active":false,"_monsterinsights_sitenote_note":"","_monsterinsights_sitenote_category":0,"footnotes":""},"categories":[2,11],"tags":[],"aioseo_notices":[],"_links":{"self":[{"href":"https:\/\/infonews.az\/index.php?rest_route=\/wp\/v2\/posts\/28462"}],"collection":[{"href":"https:\/\/infonews.az\/index.php?rest_route=\/wp\/v2\/posts"}],"about":[{"href":"https:\/\/infonews.az\/index.php?rest_route=\/wp\/v2\/types\/post"}],"author":[{"embeddable":true,"href":"https:\/\/infonews.az\/index.php?rest_route=\/wp\/v2\/users\/16"}],"replies":[{"embeddable":true,"href":"https:\/\/infonews.az\/index.php?rest_route=%2Fwp%2Fv2%2Fcomments&post=28462"}],"version-history":[{"count":1,"href":"https:\/\/infonews.az\/index.php?rest_route=\/wp\/v2\/posts\/28462\/revisions"}],"predecessor-version":[{"id":28464,"href":"https:\/\/infonews.az\/index.php?rest_route=\/wp\/v2\/posts\/28462\/revisions\/28464"}],"wp:featuredmedia":[{"embeddable":true,"href":"https:\/\/infonews.az\/index.php?rest_route=\/wp\/v2\/media\/28463"}],"wp:attachment":[{"href":"https:\/\/infonews.az\/index.php?rest_route=%2Fwp%2Fv2%2Fmedia&parent=28462"}],"wp:term":[{"taxonomy":"category","embeddable":true,"href":"https:\/\/infonews.az\/index.php?rest_route=%2Fwp%2Fv2%2Fcategories&post=28462"},{"taxonomy":"post_tag","embeddable":true,"href":"https:\/\/infonews.az\/index.php?rest_route=%2Fwp%2Fv2%2Ftags&post=28462"}],"curies":[{"name":"wp","href":"https:\/\/api.w.org\/{rel}","templated":true}]}}