{"id":28465,"date":"2023-01-07T23:42:45","date_gmt":"2023-01-07T19:42:45","guid":{"rendered":"https:\/\/infonews.az\/?p=28465"},"modified":"2023-01-07T23:42:45","modified_gmt":"2023-01-07T19:42:45","slug":"erm%c9%99nistanda-qadinlarin-h%c9%99rbi-xidm%c9%99t%c9%99-cagirilmasi-imkani-n%c9%99z%c9%99rd%c9%99n-kecirilir","status":"publish","type":"post","link":"https:\/\/infonews.az\/?p=28465","title":{"rendered":"Erm\u0259nistanda qad\u0131nlar\u0131n h\u0259rbi xidm\u0259t\u0259 \u00e7a\u011f\u0131r\u0131lmas\u0131 imkan\u0131 n\u0259z\u0259rd\u0259n ke\u00e7irilir"},"content":{"rendered":"<h5 class=\"news-title\"><span style=\"color: #ffffff\">Erm\u0259nistanda qad\u0131nlar\u0131n h\u0259rbi xidm\u0259t\u0259 \u00e7a\u011f\u0131r\u0131lmas\u0131 imkan\u0131 n\u0259z\u0259rd\u0259n ke\u00e7irilir<\/span><\/h5>\n<p>Erm\u0259nistan M\u00fcdafi\u0259 Nazirliyi qad\u0131nlar\u0131n k\u00f6n\u00fcll\u00fc olaraq orduya h\u0259rbi xidm\u0259t\u0259 \u00e7a\u011f\u0131r\u0131lmas\u0131 imkanlar\u0131n\u0131 n\u0259z\u0259rd\u0259n ke\u00e7irir.<\/p>\n<p>\u201c<a href=\"https:\/\/infonews.az\">INFONEWS<\/a>\u201d x\u0259b\u0259r verir ki, bu bar\u0259d\u0259 \u201cArmenpress\u201d agentliyi Erm\u0259nistan\u0131n M\u00fcdafi\u0259 Nazirliyinin m\u0259tbuat katibi Aram Torosyana istinad\u0259n m\u0259lumat yay\u0131b.<\/p>\n<p>\u201cYaln\u0131z onu t\u0259sdiq ed\u0259 bil\u0259r\u0259m ki, biz qad\u0131nlara k\u00f6n\u00fcll\u00fc olaraq h\u0259rbi xidm\u0259t\u0259 getm\u0259 imkan\u0131n\u0131n verilm\u0259si m\u0259s\u0259l\u0259sini m\u00fczakir\u0259 edirik\u201d-dey\u0259, o bildirib.<\/p>\n<p>O, n\u00f6vb\u0259ti d\u0259yi\u015fiklikl\u0259rl\u0259 ba\u011fl\u0131 ba\u015fqa m\u0259lumat verm\u0259yib. \u0130ndi Erm\u0259nistanda h\u0259qiqi h\u0259rbi xidm\u0259t\u0259 \u00e7a\u011f\u0131r\u0131\u015f senzi 18-27 ya\u015f, xidm\u0259t m\u00fcdd\u0259ti is\u0259 24 ayd\u0131r.<\/p>\n","protected":false},"excerpt":{"rendered":"<p>Erm\u0259nistanda qad\u0131nlar\u0131n h\u0259rbi xidm\u0259t\u0259 \u00e7a\u011f\u0131r\u0131lmas\u0131 imkan\u0131 n\u0259z\u0259rd\u0259n ke\u00e7irilir Erm\u0259nistan M\u00fcdafi\u0259 Nazirliyi qad\u0131nlar\u0131n k\u00f6n\u00fcll\u00fc olaraq orduya h\u0259rbi xidm\u0259t\u0259 \u00e7a\u011f\u0131r\u0131lmas\u0131 imkanlar\u0131n\u0131 n\u0259z\u0259rd\u0259n ke\u00e7irir. \u201cINFONEWS\u201d x\u0259b\u0259r verir ki, bu bar\u0259d\u0259 \u201cArmenpress\u201d agentliyi Erm\u0259nistan\u0131n&hellip; <\/p>\n","protected":false},"author":16,"featured_media":28466,"comment_status":"open","ping_status":"open","sticky":false,"template":"","format":"standard","meta":{"_mi_skip_tracking":false,"_monsterinsights_sitenote_active":false,"_monsterinsights_sitenote_note":"","_monsterinsights_sitenote_category":0,"footnotes":""},"categories":[6664,11],"tags":[],"aioseo_notices":[],"_links":{"self":[{"href":"https:\/\/infonews.az\/index.php?rest_route=\/wp\/v2\/posts\/28465"}],"collection":[{"href":"https:\/\/infonews.az\/index.php?rest_route=\/wp\/v2\/posts"}],"about":[{"href":"https:\/\/infonews.az\/index.php?rest_route=\/wp\/v2\/types\/post"}],"author":[{"embeddable":true,"href":"https:\/\/infonews.az\/index.php?rest_route=\/wp\/v2\/users\/16"}],"replies":[{"embeddable":true,"href":"https:\/\/infonews.az\/index.php?rest_route=%2Fwp%2Fv2%2Fcomments&post=28465"}],"version-history":[{"count":1,"href":"https:\/\/infonews.az\/index.php?rest_route=\/wp\/v2\/posts\/28465\/revisions"}],"predecessor-version":[{"id":28467,"href":"https:\/\/infonews.az\/index.php?rest_route=\/wp\/v2\/posts\/28465\/revisions\/28467"}],"wp:featuredmedia":[{"embeddable":true,"href":"https:\/\/infonews.az\/index.php?rest_route=\/wp\/v2\/media\/28466"}],"wp:attachment":[{"href":"https:\/\/infonews.az\/index.php?rest_route=%2Fwp%2Fv2%2Fmedia&parent=28465"}],"wp:term":[{"taxonomy":"category","embeddable":true,"href":"https:\/\/infonews.az\/index.php?rest_route=%2Fwp%2Fv2%2Fcategories&post=28465"},{"taxonomy":"post_tag","embeddable":true,"href":"https:\/\/infonews.az\/index.php?rest_route=%2Fwp%2Fv2%2Ftags&post=28465"}],"curies":[{"name":"wp","href":"https:\/\/api.w.org\/{rel}","templated":true}]}}