{"id":28468,"date":"2023-01-07T23:46:44","date_gmt":"2023-01-07T19:46:44","guid":{"rendered":"https:\/\/infonews.az\/?p=28468"},"modified":"2023-01-07T23:46:44","modified_gmt":"2023-01-07T19:46:44","slug":"%c9%99rdogan-turkiy%c9%99nin-yunanistana-z%c9%99rb%c9%99-endirm%c9%99k-plani-yoxdur","status":"publish","type":"post","link":"https:\/\/infonews.az\/?p=28468","title":{"rendered":"\u018frdo\u011fan: \u201cT\u00fcrkiy\u0259nin Yunan\u0131stana z\u0259rb\u0259 endirm\u0259k plan\u0131 yoxdur\u201d"},"content":{"rendered":"<h6 class=\"news-title\"><span style=\"color: #ffffff\">\u018frdo\u011fan: \u201cT\u00fcrkiy\u0259nin Yunan\u0131stana z\u0259rb\u0259 endirm\u0259k plan\u0131 yoxdur\u201d<\/span><\/h6>\n<p>\u201cT\u00fcrkiy\u0259nin Yunan\u0131stana z\u0259rb\u0259 endirm\u0259k plan\u0131 yoxdur v\u0259 yaln\u0131z h\u00fccuma m\u0259ruz qalaca\u011f\u0131 t\u0259qdird\u0259 cavab ver\u0259c\u0259k\u201d.<\/p>\n<p>\u201c<a href=\"https:\/\/infonews.az\">INFONEWS<\/a>\u201d x\u0259b\u0259r verir ki, bunu T\u00fcrkiy\u0259 prezidenti R\u0259c\u0259b Tayyib \u018frdo\u011fan b\u0259yan edib.<\/p>\n<p>Onun s\u00f6zl\u0259rin\u0259 g\u00f6r\u0259, T\u00fcrkiy\u0259nin NATO m\u00fctt\u0259fiqi olan Yunan\u0131stan Egeyd\u0259ki adalar\u0131n h\u0259rbil\u0259\u015fdirilm\u0259si siyas\u0259tind\u0259n \u0259l \u00e7\u0259km\u0259lidir:<\/p>\n<p>\u201cBiz 561 km m\u0259nzilli \u201cTayfun\u201d ballistik raketini buraxd\u0131q. Yunan\u0131standa bu \u00e7axna\u015fmaya s\u0259b\u0259b oldu, yerli q\u0259zetl\u0259r yazma\u011fa ba\u015flad\u0131lar ki, onlar (t\u00fcrkl\u0259r &#8211; Red) bizi vuracaqlar. \u018fsas odur ki, Egeyd\u0259 biziml\u0259 i\u015finiz olmas\u0131n. Siz bunu etm\u0259yinc\u0259 v\u0259 bizim sizinl\u0259 i\u015fimiz olmayacaq\u201d.<\/p>\n","protected":false},"excerpt":{"rendered":"<p>\u018frdo\u011fan: \u201cT\u00fcrkiy\u0259nin Yunan\u0131stana z\u0259rb\u0259 endirm\u0259k plan\u0131 yoxdur\u201d \u201cT\u00fcrkiy\u0259nin Yunan\u0131stana z\u0259rb\u0259 endirm\u0259k plan\u0131 yoxdur v\u0259 yaln\u0131z h\u00fccuma m\u0259ruz qalaca\u011f\u0131 t\u0259qdird\u0259 cavab ver\u0259c\u0259k\u201d. \u201cINFONEWS\u201d x\u0259b\u0259r verir ki, bunu T\u00fcrkiy\u0259 prezidenti R\u0259c\u0259b Tayyib&hellip; <\/p>\n","protected":false},"author":16,"featured_media":28469,"comment_status":"open","ping_status":"open","sticky":false,"template":"","format":"standard","meta":{"_mi_skip_tracking":false,"_monsterinsights_sitenote_active":false,"_monsterinsights_sitenote_note":"","_monsterinsights_sitenote_category":0,"footnotes":""},"categories":[9,11],"tags":[],"aioseo_notices":[],"_links":{"self":[{"href":"https:\/\/infonews.az\/index.php?rest_route=\/wp\/v2\/posts\/28468"}],"collection":[{"href":"https:\/\/infonews.az\/index.php?rest_route=\/wp\/v2\/posts"}],"about":[{"href":"https:\/\/infonews.az\/index.php?rest_route=\/wp\/v2\/types\/post"}],"author":[{"embeddable":true,"href":"https:\/\/infonews.az\/index.php?rest_route=\/wp\/v2\/users\/16"}],"replies":[{"embeddable":true,"href":"https:\/\/infonews.az\/index.php?rest_route=%2Fwp%2Fv2%2Fcomments&post=28468"}],"version-history":[{"count":1,"href":"https:\/\/infonews.az\/index.php?rest_route=\/wp\/v2\/posts\/28468\/revisions"}],"predecessor-version":[{"id":28470,"href":"https:\/\/infonews.az\/index.php?rest_route=\/wp\/v2\/posts\/28468\/revisions\/28470"}],"wp:featuredmedia":[{"embeddable":true,"href":"https:\/\/infonews.az\/index.php?rest_route=\/wp\/v2\/media\/28469"}],"wp:attachment":[{"href":"https:\/\/infonews.az\/index.php?rest_route=%2Fwp%2Fv2%2Fmedia&parent=28468"}],"wp:term":[{"taxonomy":"category","embeddable":true,"href":"https:\/\/infonews.az\/index.php?rest_route=%2Fwp%2Fv2%2Fcategories&post=28468"},{"taxonomy":"post_tag","embeddable":true,"href":"https:\/\/infonews.az\/index.php?rest_route=%2Fwp%2Fv2%2Ftags&post=28468"}],"curies":[{"name":"wp","href":"https:\/\/api.w.org\/{rel}","templated":true}]}}