{"id":28482,"date":"2023-01-08T00:55:41","date_gmt":"2023-01-07T20:55:41","guid":{"rendered":"https:\/\/infonews.az\/?p=28482"},"modified":"2023-01-08T00:55:41","modified_gmt":"2023-01-07T20:55:41","slug":"az%c9%99rbaycanla-effektiv-%c9%99laq%c9%99-quran-vitali-balasanyan-idi","status":"publish","type":"post","link":"https:\/\/infonews.az\/?p=28482","title":{"rendered":"Az\u0259rbaycanla \u201ceffektiv\u201d \u0259laq\u0259 quran Vitali Balasanyan idi?"},"content":{"rendered":"<h3 id=\"title\"><span style=\"color: #ffffff\"><strong>Az\u0259rbaycanla \u201ceffektiv\u201d \u0259laq\u0259 quran Vitali Balasanyan idi?\u00a0<\/strong><\/span><\/h3>\n<div id=\"contents\"><strong>Qondarma qurumun \u201cT\u0259hl\u00fck\u0259sizlik \u015euras\u0131n\u0131n katibi\u201d Vitali Balasanyan\u0131n istefas\u0131 bar\u0259d\u0259 x\u0259b\u0259rl\u0259r yay\u0131l\u0131b.<br \/>\n<\/strong><\/div>\n<p>&nbsp;<\/p>\n<div id=\"contents\"><a href=\"https:\/\/infonews.az\">INFONEWS<\/a> x\u0259b\u0259r verir ki, bu bar\u0259d\u0259 \u201cPast.am\u201d n\u0259\u015fri yaz\u0131b.<\/p>\n<p>N\u0259\u015fr qeyd edir ki, onun istefas\u0131n\u0131n s\u0259b\u0259bi ilk n\u00f6vb\u0259d\u0259, bu yax\u0131nlarda Az\u0259rbaycan xarici i\u015fl\u0259r naziri Ceyhun Bayramovun eyham vurdu\u011fu \u201ct\u0259maslarla\u201d ba\u011fl\u0131d\u0131r.<\/p>\n<p>Az\u0259rbaycan\u0131n xarici i\u015fl\u0259r naziri Ceyhun Bayramov ilin sonunda ke\u00e7irdiyi m\u0259tbuat konfrans\u0131nda bildirib ki, Az\u0259rbaycan t\u0259r\u0259finin Ruben Vardanyanla t\u0259maslar\u0131 he\u00e7 vaxt olmayacaq. O qeyd edib ki, Az\u0259rbaycan\u0131n Qaraba\u011fdak\u0131 etnik erm\u0259nil\u0259rl\u0259 t\u0259maslar\u0131 olub: \u201cBu t\u0259maslarla ba\u011fl\u0131 adlar \u00e7\u0259kil\u0259rs\u0259, o \u015f\u0259xsl\u0259r\u0259 qar\u015f\u0131 t\u0259zyiq arta bil\u0259r. Bel\u0259 bir t\u0259maslar var idi, bu sirr deyil. G\u0259l\u0259c\u0259kd\u0259 d\u0259 yerli \u0259hali il\u0259 t\u0259maslar olacaq, biz bunu normal hesab edirik\u201d.<\/p>\n<p>\u201cPast\u201d n\u0259\u015fri bundan \u0259vv\u0259l yaz\u0131r ki, Az\u0259rbaycan t\u0259r\u0259fi uzun m\u00fcdd\u0259t Qaraba\u011fda olan b\u0259zi erm\u0259nil\u0259rl\u0259 kifay\u0259t q\u0259d\u0259r s\u0259m\u0259r\u0259li \u0259laq\u0259l\u0259r\u0259 malik olub v\u0259 indi bu \u0259laq\u0259 a\u015fkar edildikd\u0259n sonra, x\u00fcsus\u0259n d\u0259 Vardanyan Qaraba\u011fa g\u0259l\u0259nd\u0259 sonra dayand\u0131r\u0131l\u0131b.<\/p>\n<p>\u201cM\u0259nb\u0259miz bildirir ki, \u201ct\u0259hl\u00fck\u0259sizlik \u015furas\u0131n\u0131n katibi\u201d Vitali Balasanyan Az\u0259rbaycan hakimiyy\u0259ti il\u0259 \u201ceffektiv\u201d \u0259laq\u0259 saxlayan \u015f\u0259xs olub. Maraql\u0131d\u0131r ki, Ceyhun Bayramov ad\u0131n\u0131 a\u00e7\u0131qlam\u0131r, \u00e7\u00fcnki bu \u0259laq\u0259l\u0259r, h\u0259r \u015fey\u0259 g\u00f6r\u0259, erm\u0259ni t\u0259r\u0259finin maraqlar\u0131na uy\u011fun deyil\u201d, &#8211; dey\u0259 n\u0259\u015fr qeyd edib.<\/p>\n<p>N\u0259\u015frin m\u0259lumat\u0131na g\u00f6r\u0259, Az\u0259rbaycanla t\u0259maslar qurmaq Ruben Vardanyan \u00fc\u00e7\u00fcn \u201cq\u0131rm\u0131z\u0131 x\u0259tt\u201ddir. Balasanyan bu m\u0259s\u0259l\u0259d\u0259 onunla d\u0259rin fikir ayr\u0131l\u0131\u011f\u0131nda oldu\u011fu \u00fc\u00e7\u00fcn istefa \u0259riz\u0259si verib.<\/p><\/div>\n","protected":false},"excerpt":{"rendered":"<p>Az\u0259rbaycanla \u201ceffektiv\u201d \u0259laq\u0259 quran Vitali Balasanyan idi?\u00a0 Qondarma qurumun \u201cT\u0259hl\u00fck\u0259sizlik \u015euras\u0131n\u0131n katibi\u201d Vitali Balasanyan\u0131n istefas\u0131 bar\u0259d\u0259 x\u0259b\u0259rl\u0259r yay\u0131l\u0131b. &nbsp; INFONEWS x\u0259b\u0259r verir ki, bu bar\u0259d\u0259 \u201cPast.am\u201d n\u0259\u015fri yaz\u0131b. N\u0259\u015fr qeyd&hellip; <\/p>\n","protected":false},"author":16,"featured_media":28483,"comment_status":"open","ping_status":"open","sticky":false,"template":"","format":"standard","meta":{"_mi_skip_tracking":false,"_monsterinsights_sitenote_active":false,"_monsterinsights_sitenote_note":"","_monsterinsights_sitenote_category":0,"footnotes":""},"categories":[1],"tags":[],"aioseo_notices":[],"_links":{"self":[{"href":"https:\/\/infonews.az\/index.php?rest_route=\/wp\/v2\/posts\/28482"}],"collection":[{"href":"https:\/\/infonews.az\/index.php?rest_route=\/wp\/v2\/posts"}],"about":[{"href":"https:\/\/infonews.az\/index.php?rest_route=\/wp\/v2\/types\/post"}],"author":[{"embeddable":true,"href":"https:\/\/infonews.az\/index.php?rest_route=\/wp\/v2\/users\/16"}],"replies":[{"embeddable":true,"href":"https:\/\/infonews.az\/index.php?rest_route=%2Fwp%2Fv2%2Fcomments&post=28482"}],"version-history":[{"count":1,"href":"https:\/\/infonews.az\/index.php?rest_route=\/wp\/v2\/posts\/28482\/revisions"}],"predecessor-version":[{"id":28484,"href":"https:\/\/infonews.az\/index.php?rest_route=\/wp\/v2\/posts\/28482\/revisions\/28484"}],"wp:featuredmedia":[{"embeddable":true,"href":"https:\/\/infonews.az\/index.php?rest_route=\/wp\/v2\/media\/28483"}],"wp:attachment":[{"href":"https:\/\/infonews.az\/index.php?rest_route=%2Fwp%2Fv2%2Fmedia&parent=28482"}],"wp:term":[{"taxonomy":"category","embeddable":true,"href":"https:\/\/infonews.az\/index.php?rest_route=%2Fwp%2Fv2%2Fcategories&post=28482"},{"taxonomy":"post_tag","embeddable":true,"href":"https:\/\/infonews.az\/index.php?rest_route=%2Fwp%2Fv2%2Ftags&post=28482"}],"curies":[{"name":"wp","href":"https:\/\/api.w.org\/{rel}","templated":true}]}}